{"id":10015,"date":"2021-05-25T14:59:43","date_gmt":"2021-05-25T12:59:43","guid":{"rendered":"https:\/\/www.parquenatural.com\/?page_id=10015"},"modified":"2021-10-07T19:23:02","modified_gmt":"2021-10-07T17:23:02","slug":"el-tiempo-cabo-de-gata","status":"publish","type":"post","link":"https:\/\/www.parquenatural.com\/en\/el-tiempo-cabo-de-gata\/","title":{"rendered":"El tiempo en Cabo de Gata"},"content":{"rendered":"<p class=\"has-text-align-center\">El Tiempo en Cabo de Gata<br>Estaci\u00f3n Meteorol\u00f3gica del Puerto Deportivo de San Jose en el Parque Natural de Cabo de Gata N\u00edjar<\/p>\n\n\n\n\n<div class=\"iframetiempo\"><iframe src=\"https:\/\/app.weathercloud.net\/d0389859304#profile\" style=\"border:0px #ffffff none;\" name=\"Tiempo-cabo-de-gata\" scrolling=\"yes\" frameborder=\"1\" marginheight=\"4px\" marginwidth=\"4px\" height=\"800px\" width=\"100%\" allowfullscreen=\"\"><\/iframe><\/div>\n\n\n\n\n<figure class=\"wp-block-image is-resized\"><a href=\"http:\/\/www.aemet.es\/es\/eltiempo\/prediccion\/playas\/san-jose-0406614\"><img fetchpriority=\"high\" decoding=\"async\" src=\"https:\/\/www.parquenatural.com\/wp-content\/uploads\/2021\/05\/eltiempo-en-cabo-de-gata-san-jose.jpg\" alt=\"\" class=\"wp-image-10043\" width=\"829\" height=\"117\" srcset=\"https:\/\/www.parquenatural.com\/wp-content\/uploads\/2021\/05\/eltiempo-en-cabo-de-gata-san-jose.jpg 404w, https:\/\/www.parquenatural.com\/wp-content\/uploads\/2021\/05\/eltiempo-en-cabo-de-gata-san-jose-300x42.jpg 300w, https:\/\/www.parquenatural.com\/wp-content\/uploads\/2021\/05\/eltiempo-en-cabo-de-gata-san-jose-16x2.jpg 16w, https:\/\/www.parquenatural.com\/wp-content\/uploads\/2021\/05\/eltiempo-en-cabo-de-gata-san-jose-350x49.jpg 350w\" sizes=\"(max-width: 829px) 100vw, 829px\" \/><\/a><figcaption>Agencia Estatal de Meteorolog\u00eda<\/figcaption><\/figure>\n\n\n\n<div class=\"wp-block-image\"><figure class=\"aligncenter size-large\"><a href=\"https:\/\/www.parquenatural.com\/en\/webcams-cabo-de-gata\/\"><img decoding=\"async\" width=\"690\" height=\"570\" src=\"https:\/\/www.parquenatural.com\/wp-content\/uploads\/2021\/05\/webcam-cabo-de-gata-almeria.jpg\" alt=\"Webcam cabo de Gata Almer\u00eda\" class=\"wp-image-10050\" srcset=\"https:\/\/www.parquenatural.com\/wp-content\/uploads\/2021\/05\/webcam-cabo-de-gata-almeria.jpg 690w, https:\/\/www.parquenatural.com\/wp-content\/uploads\/2021\/05\/webcam-cabo-de-gata-almeria-300x248.jpg 300w, https:\/\/www.parquenatural.com\/wp-content\/uploads\/2021\/05\/webcam-cabo-de-gata-almeria-16x12.jpg 16w, https:\/\/www.parquenatural.com\/wp-content\/uploads\/2021\/05\/webcam-cabo-de-gata-almeria-350x289.jpg 350w\" sizes=\"(max-width: 690px) 100vw, 690px\" \/><\/a><figcaption>Webcam Cabo de Gata Almer\u00eda<\/figcaption><\/figure><\/div>","protected":false},"excerpt":{"rendered":"<p>El Tiempo en Cabo de GataEstaci\u00f3n Meteorol\u00f3gica del Puerto Deportivo de San Jose en el Parque Natural de Cabo de Gata N\u00edjar<\/p>","protected":false},"author":5,"featured_media":0,"comment_status":"closed","ping_status":"closed","sticky":false,"template":"elementor_theme","format":"standard","meta":{"footnotes":""},"categories":[],"tags":[],"class_list":["post-10015","post","type-post","status-publish","format-standard","hentry"],"_links":{"self":[{"href":"https:\/\/www.parquenatural.com\/en\/wp-json\/wp\/v2\/posts\/10015"}],"collection":[{"href":"https:\/\/www.parquenatural.com\/en\/wp-json\/wp\/v2\/posts"}],"about":[{"href":"https:\/\/www.parquenatural.com\/en\/wp-json\/wp\/v2\/types\/post"}],"author":[{"embeddable":true,"href":"https:\/\/www.parquenatural.com\/en\/wp-json\/wp\/v2\/users\/5"}],"replies":[{"embeddable":true,"href":"https:\/\/www.parquenatural.com\/en\/wp-json\/wp\/v2\/comments?post=10015"}],"version-history":[{"count":0,"href":"https:\/\/www.parquenatural.com\/en\/wp-json\/wp\/v2\/posts\/10015\/revisions"}],"wp:attachment":[{"href":"https:\/\/www.parquenatural.com\/en\/wp-json\/wp\/v2\/media?parent=10015"}],"wp:term":[{"taxonomy":"category","embeddable":true,"href":"https:\/\/www.parquenatural.com\/en\/wp-json\/wp\/v2\/categories?post=10015"},{"taxonomy":"post_tag","embeddable":true,"href":"https:\/\/www.parquenatural.com\/en\/wp-json\/wp\/v2\/tags?post=10015"}],"curies":[{"name":"wp","href":"https:\/\/api.w.org\/{rel}","templated":true}]}}