{"id":10794,"date":"2021-07-14T13:54:18","date_gmt":"2021-07-14T11:54:18","guid":{"rendered":"https:\/\/www.parquenatural.com\/?p=10794"},"modified":"2021-07-14T14:12:48","modified_gmt":"2021-07-14T12:12:48","slug":"clasicos-en-el-parque-celebra-su-18a-edicion","status":"publish","type":"post","link":"https:\/\/www.parquenatural.com\/en\/clasicos-en-el-parque-celebra-su-18a-edicion\/","title":{"rendered":"Cl\u00e1sicos en el Parque celebra su 18\u00aa edici\u00f3n"},"content":{"rendered":"<div class=\"wp-block-image\"><figure class=\"aligncenter size-large\"><img fetchpriority=\"high\" decoding=\"async\" width=\"500\" height=\"320\" src=\"https:\/\/www.parquenatural.com\/wp-content\/uploads\/2021\/07\/clasicos-en-el-parque-18-edicion-cabo-de-gata-almeria-1.jpg\" alt=\"clasicos en el parque 18 edicion cabo de gata almeria 1\" class=\"wp-image-10801\" srcset=\"https:\/\/www.parquenatural.com\/wp-content\/uploads\/2021\/07\/clasicos-en-el-parque-18-edicion-cabo-de-gata-almeria-1.jpg 500w, https:\/\/www.parquenatural.com\/wp-content\/uploads\/2021\/07\/clasicos-en-el-parque-18-edicion-cabo-de-gata-almeria-1-300x192.jpg 300w, https:\/\/www.parquenatural.com\/wp-content\/uploads\/2021\/07\/clasicos-en-el-parque-18-edicion-cabo-de-gata-almeria-1-16x10.jpg 16w\" sizes=\"(max-width: 500px) 100vw, 500px\" \/><figcaption>Cl\u00e1sicos en el Parque 18 Edici\u00f3n Cabo de Gata Almer\u00eda <\/figcaption><\/figure><\/div>\n\n\n\n<p><\/p>\n\n\n\n<p>Vuelve en su 18\u00aa Cl\u00e1sicos en el Parque. Festival que llena de m\u00fasica el Parque Natural de Cabo de Gata &#8211; N\u00edjar, con su epicentro en el pueblo de<a href=\"https:\/\/www.parquenatural.com\/en\/rodalquilar-de-cabo-de-gata\/\"> Rodalquilar<\/a>, en www.parquenatural.com, creemos que este tipos de actos, son los que unen a las personas con el Parque Natural, conviviendo con respeto y llen\u00e1ndose ambas, de magia y belleza.<\/p>\n\n\n\n<p>#musicacabodegata #artecabodegata <\/p>\n\n\n\n<h2 class=\"wp-block-heading\" id=\"h-medidas-de-seguridad-por-covid-19\"><strong>Medidas de seguridad por COVID-19<\/strong><\/h2>\n\n\n\n<ul class=\"wp-block-list\"><li>Cl\u00e1sicos en el Parque celebra su 18\u00aa edici\u00f3n con un mayor n\u00famero de conciertos y, adem\u00e1s, talleres gratuitos de musicoterapia e iniciaci\u00f3n musical.<\/li><li>Todos los conciertos <strong>se celebrar\u00e1n al aire libre<\/strong>, en varios espacios situados en Rodalquilar:&nbsp; Plaza del Tenis, Anfiteatro, Vivero y Patio de los Espartales.<\/li><li>Los asientos estar\u00e1n colocados respetando <strong>aforo y la distancia de seguridad<\/strong>. En ning\u00fan momento se podr\u00e1n mover o agrupar. Los asientos no estar\u00e1n preasignados.<\/li><li>Se extremar\u00e1n las <strong>medidas higi\u00e9nicas de desinfecci\u00f3n<\/strong> del mobiliario.<\/li><li>Se colocar\u00e1n <strong>dispensadores de gel hidroalcoh\u00f3lico<\/strong> en la entrada a los recintos.<\/li><li>El <strong>uso de mascarillas<\/strong> durante los espect\u00e1culos se atendr\u00e1 a la norma sanitaria vigente. En caso de no obligatoriedad, desde la organizaci\u00f3n solicitaremos el uso de mascarilla en entradas y salidas a los recintos y la recomendaci\u00f3n de llevarla una vez sentados en el transcurso de los espect\u00e1culos.<\/li><li><strong>La entrada se har\u00e1 escalonada<\/strong> y la organizaci\u00f3n ayudar\u00e1 a acomodar al p\u00fablico. <strong>La salida<\/strong> se organizar\u00e1 de la misma forma.<\/li><li><strong>No habr\u00e1 descanso<\/strong> en los espect\u00e1culos con el fin de que el p\u00fablico no se levante sin control de su asiento.<\/li><li>Est\u00e1 <strong>prohibido fumar<\/strong> dentro de los recintos.<\/li><\/ul>\n\n\n\n<h2 class=\"wp-block-heading\" id=\"h-cl-sicos-en-el-parque\">Cl\u00e1sicos en el Parque<\/h2>\n\n\n\n<ol class=\"wp-block-list\" type=\"1\"><li>\u00bfQui\u00e9n organiza el Festival Cl\u00e1sicos en el Parque?&nbsp; El Festival lo organiza la Asociaci\u00f3n Cl\u00e1sicos en el Parque, una asociaci\u00f3n sin animo de lucro que persigue acercar la m\u00fasica cl\u00e1sica al gran p\u00fablico en un entorno hist\u00f3rico rodeado de naturaleza, en estrecha colaboraci\u00f3n con el Ayuntamiento de N\u00edjar, que es este a\u00f1o el principal patrocinador. Adem\u00e1s de la colaboraci\u00f3n del p\u00fablico a trav\u00e9s de la compra de entradas, el Festival es posible gracias tambi\u00e9n al INAEM (Ministerio de Cultura), la Junta de Andaluc\u00eda, la Diputaci\u00f3n de Almer\u00eda, el Ayuntamiento de Almer\u00eda, Michelin, bp y numerosos empresarios de la zona.<\/li><\/ol>\n\n\n\n<ul class=\"wp-block-list\"><li>\u00bfD\u00f3nde se celebra el Festival? El Festival se celebra en el pueblo de Rodalquilar, en el coraz\u00f3n del Cabo de Gata-N\u00edjar. Rodalquilar se encuentra a tan solo 15 km de San Jos\u00e9 (15 minutos en coche).<\/li><\/ul>\n\n\n\n<ul class=\"wp-block-list\"><li>\u00bfCu\u00e1ndo tiene lugar el Festival? El Festival se celebra entre los d\u00edas 17 y 31 de julio.<\/li><\/ul>\n\n\n\n<ul class=\"wp-block-list\"><li>\u00bfCu\u00e1ntos conciertos completan el Festival? El festival ha programado este a\u00f1o un total de nueve conciertos.<\/li><\/ul>\n\n\n\n<ul class=\"wp-block-list\"><li>\u00bfQu\u00e9 tipo de m\u00fasica se programa? Se trata de un festival que gira en torno a la m\u00fasica cl\u00e1sica, pero muy cercano al gran p\u00fablico ya que su programaci\u00f3n incluye gui\u00f1os&nbsp; a otros estilos.&nbsp;<\/li><\/ul>\n\n\n\n<ul class=\"wp-block-list\"><li>\u00bfD\u00f3nde tienen lugar los conciertos? Esta edici\u00f3n cuenta con varios espacios: Anfiteatro (Calle Fundici\u00f3n), Patio de los Espartales (Calle Ca\u00f1a del Pozo), Vivero (Calle Fundici\u00f3n) y Plaza del Tenis, todos ellos en Rodalquilar.<\/li><\/ul>\n\n\n\n<ul class=\"wp-block-list\"><li>\u00bfA qu\u00e9 hora comienzan los espect\u00e1culos? Los espect\u00e1culos comienzan a las 22:00. La apertura de puertas es a las 21:30. El espect\u00e1culo del d\u00eda 17 es una excepci\u00f3n y dar\u00e1 comienzo a las 21:00.<\/li><\/ul>\n\n\n\n<ul class=\"wp-block-list\"><li>\u00bfExiste un aforo limitado para entrar? Existe un aforo limitado que este a\u00f1o se reduce como consecuencia de medidas contra el COVID-19. En ning\u00fan caso se excede el aforo permitido.<\/li><\/ul>\n\n\n\n<ul class=\"wp-block-list\"><li>\u00bfCu\u00e1nto duran los conciertos? Los conciertos tienen una duraci\u00f3n de entre 1h y 1,30h aproximadamente.<\/li><\/ul>\n\n\n\n<ol class=\"wp-block-list\" type=\"1\"><li>\u00bfC\u00f3mo puedo comprar mi entrada? Las entradas se pueden comprar por anticipado en:<\/li><\/ol>\n\n\n\n<ul class=\"wp-block-list\"><li>&nbsp;&nbsp;<a href=\"http:\/\/www.clasicosenelparque.eventbrite.com\">www.clasicosenelparque.eventbrite.com<\/a><\/li><li>Tienda &nbsp;\u201cEl Rinc\u00f3n de Zaratustra\u201d de Rodalquilar a partir&nbsp; del domingo 11 de julio.<\/li><li>En caso de disponibilidad, las entradas se vender\u00e1n en los accesos a los recintos a partir de las 20:30 los d\u00edas de cada concierto. En la taquilla se podr\u00e1n adquirir entradas para cualquier d\u00eda del festival.<\/li><li>El concierto del s\u00e1bado 17 es gratuito. No obstante, y puesto que habr\u00e1 control de aforo, recomendamos descargar la invitaci\u00f3n en <a href=\"http:\/\/www.clasicosenelparque.eventbrite.com\">www.clasicosenelparque.eventbrite.com<\/a><\/li><\/ul>\n\n\n\n<p>Se recomienda comprar las entradas por anticipado en <a href=\"http:\/\/eventbrite.com\">eventbrite.com<\/a> o la tienda El rinc\u00f3n de Zaratustra, para evitar la manipulaci\u00f3n de entradas y agilizar la entrada al recinto. El aforo puede completarse r\u00e1pidamente por anticipado y en ese caso no habr\u00e1 taquilla de venta en los recintos.<\/p>\n\n\n\n<p><\/p>\n\n\n\n<p><strong>\u00bfQu\u00e9 precio tienen las&nbsp; entradas?<\/strong> La entrada general cuesta 12\u20ac y la entrada para menores de edad cuesta 5\u20ac . Este a\u00f1o hay una excepci\u00f3n y el concierto del d\u00eda 17 de julio, que se celebra en la plaza del tenis, ser\u00e1 totalmente gratuito.<\/p>\n\n\n\n<p><strong>\u00bfLas entradas son numeradas?<\/strong> Las entradas no son numeradas.&nbsp; El p\u00fablico acceder\u00e1 por orden de fila con la apertura de puertas&nbsp; a&nbsp; las&nbsp; 21:30.&nbsp; A&nbsp; las 22:00 se cerrar\u00e1n las puertas para dar comienzo a los&nbsp; espect\u00e1culos, con excepci\u00f3n del concierto del d\u00eda 17 de julio que dar\u00e1 comienzo a las 21:00h.<\/p>\n\n\n\n<p><strong>\u00bfPuedo reservar mi entrada y pagarla al recogerla en el recinto?<\/strong> No se reservan entradas. Debido a la afluencia de p\u00fablico y la facilidad&nbsp; de&nbsp; adquirirla en <a href=\"http:\/\/eventbrite.com\">eventbrite.com<\/a>&nbsp; y en la tienda \u201cEl Rinc\u00f3n de Zaratustra\u201d de Rodalquilar,&nbsp; la Asociaci\u00f3n Cl\u00e1sicos en&nbsp; el&nbsp; Parque no permite la reserva de entradas.<\/p>\n\n\n\n<p><strong>\u00bfPuedo acceder al recinto si tengo movilidad reducida?<\/strong> Los espacios son de f\u00e1cil acceso para personas con problemas de movilidad. A su llegada a los recintos, avisen a cualquier miembro de la organizaci\u00f3n para priorizar su entrada y acomodaci\u00f3n.<\/p>\n\n\n\n<p><strong>\u00bfTengo que usar mascarilla en el transcurso de los conciertos? <\/strong>Es lo aconsejable. En cualquier caso, nos ajustaremos a la norma sanitaria imperante en el momento del concierto.<\/p>\n\n\n\n<p><strong>\u00bfD\u00f3nde puedo consultar la programaci\u00f3n detallada? <\/strong>Tendr\u00e1s toda la informaci\u00f3n que deseas accediendo con el QR que aparece en el cartel.<\/p>\n\n\n\n<p><strong>\u00bfQu\u00e9 pasa si he comprado una entrada para un concierto y no puedo asistir?<\/strong> Si la entrada se ha comprado en&nbsp; <a href=\"http:\/\/eventbrite.com\">eventbrite.com<\/a> , se podr\u00e1 solicitar el reembolso siguiendo las indicaciones de la web, en el resto de casos las entradas no se reembolsan ni se pueden cambiar por las de otro d\u00eda.<\/p>\n\n\n\n<p>\u00bf<strong>Qu\u00e9 pasa si he comprado una entrada para el concierto y me olvido de llevarla? <\/strong>La entrada es obligatoria para acceder a los conciertos.<\/p>\n\n\n\n<p><strong>\u00bfD\u00f3nde puedo obtener m\u00e1s informaci\u00f3n del Festival?<\/strong> &nbsp;Toda la informaci\u00f3n y el programa est\u00e1n detallados en <a href=\"http:\/\/www.clasicosenelparque.eventbrite.com\">www.clasicosenelparque.eventbrite.com<\/a> y en Facebook @clasicosenelparque. Si necesitas m\u00e1s informaci\u00f3n puedes consultar en el <strong>WhatsApp de la organizaci\u00f3n: 722 108 821.<\/strong><\/p>\n\n\n\n<ul class=\"wp-block-list\"><li>\u00bf<strong>Puedo comer o fumar en el recinto de los&nbsp; conciertos?<\/strong>&nbsp; Est\u00e1 totalmente prohibido comer y fumar durante los conciertos.<\/li><\/ul>\n\n\n\n<ul class=\"wp-block-list\"><li><strong>\u00bfHay bar dentro de los recintos? <\/strong>No hay servicio de bar y en el espacio no se pueden depositar envases.<\/li><\/ul>\n\n\n\n<ul class=\"wp-block-list\"><li><strong>\u00bfD\u00f3nde puedo cenar en Rodalquilar antes de asistir a los conciertos?<\/strong><br><strong> <\/strong>Rodalquilar est\u00e1 repleto de muy buenos bares y restaurantes. En dos de ellos, LEBECHE y SAMAMBAR, se ofrece un men\u00fa especial cl\u00e1sicos por 19,50 \u20ac con rapidez, ambiente agradable y cocina de mercado. Deber\u00e1s hacer una reserva para cenar a las 20:00 como m\u00e1ximo (los conciertos empiezan a las&nbsp; 22:00, suele haber&nbsp; cola y los espacios no est\u00e1n en el centro del pueblo). Recuerda tambi\u00e9n que debes ense\u00f1ar tu entrada al llegar al restaurante. El men\u00fa <em>cl\u00e1sicos<\/em> estar\u00e1 disponible a partir del d\u00eda 20, es decir, el d\u00eda 17 no dispondremos de esta opci\u00f3n.<\/li><\/ul>\n\n\n\n<p>\u2014LEBECHE: Plaza del Tenis. Reservas y consulta de men\u00fa: 687 701 001<\/p>\n\n\n\n<p>\u2014SAMAMBAR: Plaza de Tenis: Reservas y consulta de men\u00fa: 671444815<\/p>\n\n\n\n<p>Otras estupendas opciones son:<\/p>\n\n\n\n<p>\u2014Bar Fidel, calle Gorriones: raciones y tapas.<\/p>\n\n\n\n<p>\u2014El Barecillo, calle Santa B\u00e1rbara: tapas.<\/p>\n\n\n\n<p>\u2014El Cinto, calle Santa B\u00e1rbara: tapas, raciones y pescados.<\/p>\n\n\n\n<p>\u2014Taberna 340, calle Santa B\u00e1rbara: raciones y tapas.<\/p>\n\n\n\n<p>\u2014Azul, calle Santa B\u00e1rbara: cocina de mercado,<\/p>\n\n\n\n<p>\u2014Crisol, calle Santa B\u00e1rbara: platos y raciones.<\/p>\n\n\n\n<p>\u2014Casa Pintao, calle Santa&nbsp; B\u00e1rbara: pescados.<\/p>\n\n\n\n<p>\u2014PanPePato, calle&nbsp; Fundici\u00f3n:&nbsp; pizzer\u00eda, italiano<\/p>\n\n\n\n<p>\u2014La mina, carretera a El Playaz: gildas y hamburguesas.<\/p>\n\n\n\n<p>23) \u00bfHay alg\u00fan tel\u00e9fono de informaci\u00f3n para cualquier duda\/consulta? \u00a0Todas las dudas y consultas sobre el Festival se gestionan exclusivamente en el n\u00famero de <strong>WhatsApp de la Organizaci\u00f3n: 722 108 821<\/strong><\/p>\n\n\n\n<p><a href=\"https:\/\/www.parquenatural.com\/en\/como-llegar-a-cabo-de-gata\/\">\u00bf Como llegar al Parque Natural de Cabo de Gata &#8211; N\u00edjar ?<\/a><\/p>\n\n\n\n<div class=\"wp-block-image\"><figure class=\"aligncenter size-large is-resized\"><img decoding=\"async\" src=\"https:\/\/www.parquenatural.com\/wp-content\/uploads\/2021\/07\/clasicos-en-el-parque-2021-cabo-de-gata-almeria.jpg\" alt=\"clasicos en el parque 2021 cabo de gata almeria\" class=\"wp-image-10796\" width=\"680\" height=\"951\" srcset=\"https:\/\/www.parquenatural.com\/wp-content\/uploads\/2021\/07\/clasicos-en-el-parque-2021-cabo-de-gata-almeria.jpg 549w, https:\/\/www.parquenatural.com\/wp-content\/uploads\/2021\/07\/clasicos-en-el-parque-2021-cabo-de-gata-almeria-214x300.jpg 214w, https:\/\/www.parquenatural.com\/wp-content\/uploads\/2021\/07\/clasicos-en-el-parque-2021-cabo-de-gata-almeria-9x12.jpg 9w\" sizes=\"(max-width: 680px) 100vw, 680px\" \/><figcaption>clasicos en el parque 2021 cabo de gata almeria<\/figcaption><\/figure><\/div>\n\n\n\n<p><\/p>","protected":false},"excerpt":{"rendered":"<p>Vuelve en su 18\u00aa Cl\u00e1sicos en el Parque. Festival que llena de m\u00fasica el Parque Natural de Cabo de Gata &#8211; N\u00edjar, con su epicentro<\/p>","protected":false},"author":5,"featured_media":10795,"comment_status":"closed","ping_status":"closed","sticky":false,"template":"","format":"standard","meta":{"footnotes":""},"categories":[2],"tags":[],"class_list":["post-10794","post","type-post","status-publish","format-standard","has-post-thumbnail","hentry","category-noticias"],"_links":{"self":[{"href":"https:\/\/www.parquenatural.com\/en\/wp-json\/wp\/v2\/posts\/10794"}],"collection":[{"href":"https:\/\/www.parquenatural.com\/en\/wp-json\/wp\/v2\/posts"}],"about":[{"href":"https:\/\/www.parquenatural.com\/en\/wp-json\/wp\/v2\/types\/post"}],"author":[{"embeddable":true,"href":"https:\/\/www.parquenatural.com\/en\/wp-json\/wp\/v2\/users\/5"}],"replies":[{"embeddable":true,"href":"https:\/\/www.parquenatural.com\/en\/wp-json\/wp\/v2\/comments?post=10794"}],"version-history":[{"count":0,"href":"https:\/\/www.parquenatural.com\/en\/wp-json\/wp\/v2\/posts\/10794\/revisions"}],"wp:featuredmedia":[{"embeddable":true,"href":"https:\/\/www.parquenatural.com\/en\/wp-json\/wp\/v2\/media\/10795"}],"wp:attachment":[{"href":"https:\/\/www.parquenatural.com\/en\/wp-json\/wp\/v2\/media?parent=10794"}],"wp:term":[{"taxonomy":"category","embeddable":true,"href":"https:\/\/www.parquenatural.com\/en\/wp-json\/wp\/v2\/categories?post=10794"},{"taxonomy":"post_tag","embeddable":true,"href":"https:\/\/www.parquenatural.com\/en\/wp-json\/wp\/v2\/tags?post=10794"}],"curies":[{"name":"wp","href":"https:\/\/api.w.org\/{rel}","templated":true}]}}