{"id":10967,"date":"2021-09-29T16:02:19","date_gmt":"2021-09-29T14:02:19","guid":{"rendered":"https:\/\/www.parquenatural.com\/?p=10967"},"modified":"2021-10-02T14:37:29","modified_gmt":"2021-10-02T12:37:29","slug":"chuzos-plantas-de-cabo-de-gata","status":"publish","type":"post","link":"https:\/\/www.parquenatural.com\/en\/chuzos-plantas-de-cabo-de-gata\/","title":{"rendered":"&#8220;Chuzos&#8221; Plantas de Cabo de Gata"},"content":{"rendered":"<p class=\"has-text-align-center has-medium-font-size\"> Chuzos (Cype<strong>rus capitatus Vand.<\/strong>)<\/p>\n\n\n\n<p><\/p>\n\n\n\n<figure class=\"wp-block-image size-full is-resized\"><img fetchpriority=\"high\" decoding=\"async\" src=\"https:\/\/www.parquenatural.com\/wp-content\/uploads\/2021\/09\/chuzos-epocas-plantas-de-cabo-de-gata.jpg\" alt=\"chuzos epocas plantas de cabo de gata\" class=\"wp-image-10969\" width=\"717\" height=\"103\" srcset=\"https:\/\/www.parquenatural.com\/wp-content\/uploads\/2021\/09\/chuzos-epocas-plantas-de-cabo-de-gata.jpg 397w, https:\/\/www.parquenatural.com\/wp-content\/uploads\/2021\/09\/chuzos-epocas-plantas-de-cabo-de-gata-300x43.jpg 300w, https:\/\/www.parquenatural.com\/wp-content\/uploads\/2021\/09\/chuzos-epocas-plantas-de-cabo-de-gata-18x3.jpg 18w\" sizes=\"(max-width: 717px) 100vw, 717px\" \/><\/figure>\n\n\n\n<figure class=\"wp-block-image size-full\"><img decoding=\"async\" width=\"768\" height=\"768\" src=\"https:\/\/www.parquenatural.com\/wp-content\/uploads\/2021\/09\/chuzos-cabo-de-gata.jpg\" alt=\"chuzos cabo de gata\" class=\"wp-image-10968\" srcset=\"https:\/\/www.parquenatural.com\/wp-content\/uploads\/2021\/09\/chuzos-cabo-de-gata.jpg 768w, https:\/\/www.parquenatural.com\/wp-content\/uploads\/2021\/09\/chuzos-cabo-de-gata-300x300.jpg 300w, https:\/\/www.parquenatural.com\/wp-content\/uploads\/2021\/09\/chuzos-cabo-de-gata-150x150.jpg 150w, https:\/\/www.parquenatural.com\/wp-content\/uploads\/2021\/09\/chuzos-cabo-de-gata-12x12.jpg 12w\" sizes=\"(max-width: 768px) 100vw, 768px\" \/><figcaption>chuzos cabo de gata<\/figcaption><\/figure>\n\n\n\n<p><strong>\u00bfD\u00f3nde crece?<\/strong>  <\/p>\n\n\n\n<p>Arenas litorales<\/p>\n\n\n\n<p><strong>\u00bfD\u00f3nde podemos encontrarla?<\/strong><\/p>\n\n\n\n<p>Se distribuye por el Mediterr\u00e1neo y la Macaronesia, alcanzando en la pen\u00ednsula Ib\u00e9rica el atl\u00e1ntico suboccidental.<\/p>\n\n\n\n<p><br>\u00bf<strong>Sab\u00edas qu\u00e9?<\/strong><\/p>\n\n\n\n<p>Esta ciper\u00e1cea est\u00e1 bien adaptada a su ambiente: el desarrollo de sus rizomas le permite soportar los procesos de enterramiento que se producen en las arenas litorales y los vientos costeros facilitan su polinizaci\u00f3n anem\u00f3fila. Presenta adem\u00e1s anatom\u00eda foliar tipo Kranz, lo que indica que puede ser una especie con metabolismo C4, lo que conlleva tolerancia a mayores temperaturas \u00f3ptimas de crecimiento, mayor resistencia a los medios salinos y menor necesidad de agua.<br>Est\u00e1 presente en distintos ambientes litorales, desde arenas m\u00f3viles o dunas fijas, de donde es m\u00e1s habitual, formando parte del h\u00e1bitat 2210 Dunas fijas del litoral del Crucianellion maritimae.<\/p>\n\n\n\n<p><strong>\u00bfC\u00f3mo es?<\/strong><\/p>\n\n\n\n<p>Planta hemicript\u00f3fita rastrera, de hasta 50 cm, con rizomas largos y suble\u00f1osos. Hojas 1\u20134 mm de anchura, retorcidas, revolutas, r\u00edgidas. Inflorescencia capituliforme, terminal, con 3-5 br\u00e1cteas desiguales, la inferior m\u00e1s larga que la inflorescencia. Espiguillas dispuestas en h\u00e9lice, oblongas o lanceoladas; raquis \u00e1ptero. Glumas 6\u20137 mm, imbricadas, con mucr\u00f3n de 1\u20132,5 mm y ancho margen escarioso, rojo oscuras, brillantes. Estambres 3. Las semillas son aquenios subtr\u00edgonos, de oblongoideos a obovoideos, grises o negruzcos.<\/p>\n\n\n\n<p>Informaci\u00f3n facilitada por :<\/p>\n\n\n\n<p>JARD\u00cdN BOT\u00c1NICO EL ALBARDINAL<br>P. N. Cabo de Gata-N\u00edjar. Rodalquilar. Almer\u00eda<\/p>\n\n\n\n<p>El Albardinal. Calle Fundici\u00f3n, s\/n, Rodalquilar (Almer\u00eda). Tfno.: 671 561 226. <br>Email: jbotanico.albardinal.cagpds@juntadeandalucia.es<\/p>\n\n\n\n<p>Andaluc\u00eda, un jard\u00edn \u00a1ven a conocerlo!<\/p>","protected":false},"excerpt":{"rendered":"<p>Chuzos (Cyperus capitatus Vand.) \u00bfD\u00f3nde crece? Arenas litorales \u00bfD\u00f3nde podemos encontrarla? Se distribuye por el Mediterr\u00e1neo y la Macaronesia, alcanzando en la pen\u00ednsula Ib\u00e9rica el<\/p>","protected":false},"author":3,"featured_media":10968,"comment_status":"closed","ping_status":"closed","sticky":false,"template":"","format":"standard","meta":{"footnotes":""},"categories":[44],"tags":[],"class_list":["post-10967","post","type-post","status-publish","format-standard","has-post-thumbnail","hentry","category-plantas-cabo-degata"],"_links":{"self":[{"href":"https:\/\/www.parquenatural.com\/en\/wp-json\/wp\/v2\/posts\/10967"}],"collection":[{"href":"https:\/\/www.parquenatural.com\/en\/wp-json\/wp\/v2\/posts"}],"about":[{"href":"https:\/\/www.parquenatural.com\/en\/wp-json\/wp\/v2\/types\/post"}],"author":[{"embeddable":true,"href":"https:\/\/www.parquenatural.com\/en\/wp-json\/wp\/v2\/users\/3"}],"replies":[{"embeddable":true,"href":"https:\/\/www.parquenatural.com\/en\/wp-json\/wp\/v2\/comments?post=10967"}],"version-history":[{"count":0,"href":"https:\/\/www.parquenatural.com\/en\/wp-json\/wp\/v2\/posts\/10967\/revisions"}],"wp:featuredmedia":[{"embeddable":true,"href":"https:\/\/www.parquenatural.com\/en\/wp-json\/wp\/v2\/media\/10968"}],"wp:attachment":[{"href":"https:\/\/www.parquenatural.com\/en\/wp-json\/wp\/v2\/media?parent=10967"}],"wp:term":[{"taxonomy":"category","embeddable":true,"href":"https:\/\/www.parquenatural.com\/en\/wp-json\/wp\/v2\/categories?post=10967"},{"taxonomy":"post_tag","embeddable":true,"href":"https:\/\/www.parquenatural.com\/en\/wp-json\/wp\/v2\/tags?post=10967"}],"curies":[{"name":"wp","href":"https:\/\/api.w.org\/{rel}","templated":true}]}}