{"id":10976,"date":"2021-09-30T14:04:33","date_gmt":"2021-09-30T12:04:33","guid":{"rendered":"https:\/\/www.parquenatural.com\/?p=10976"},"modified":"2021-10-02T14:36:43","modified_gmt":"2021-10-02T12:36:43","slug":"rubia-marina","status":"publish","type":"post","link":"https:\/\/www.parquenatural.com\/en\/rubia-marina\/","title":{"rendered":"Rubia marina Plantas de Cabo de Gata"},"content":{"rendered":"<p><strong>Crucianella maritima L.<\/strong><\/p>\n\n\n\n<figure class=\"wp-block-image size-full\"><img fetchpriority=\"high\" decoding=\"async\" width=\"566\" height=\"106\" src=\"https:\/\/www.parquenatural.com\/wp-content\/uploads\/2021\/09\/rubia-marina-epocas-plantas-de-cabo-de-gata.jpg\" alt=\"rubia marina epocas plantas de cabo de gata\" class=\"wp-image-10977\" srcset=\"https:\/\/www.parquenatural.com\/wp-content\/uploads\/2021\/09\/rubia-marina-epocas-plantas-de-cabo-de-gata.jpg 566w, https:\/\/www.parquenatural.com\/wp-content\/uploads\/2021\/09\/rubia-marina-epocas-plantas-de-cabo-de-gata-300x56.jpg 300w, https:\/\/www.parquenatural.com\/wp-content\/uploads\/2021\/09\/rubia-marina-epocas-plantas-de-cabo-de-gata-18x3.jpg 18w\" sizes=\"(max-width: 566px) 100vw, 566px\" \/><figcaption>rubia marina epocas plantas de cabo de gata<\/figcaption><\/figure>\n\n\n\n<figure class=\"wp-block-image size-full\"><img decoding=\"async\" width=\"803\" height=\"768\" src=\"https:\/\/www.parquenatural.com\/wp-content\/uploads\/2021\/09\/rubia-marina-plantas-de-cabo-de-gata.jpg\" alt=\"rubia marina plantas de cabo de gata\" class=\"wp-image-10978\" srcset=\"https:\/\/www.parquenatural.com\/wp-content\/uploads\/2021\/09\/rubia-marina-plantas-de-cabo-de-gata.jpg 803w, https:\/\/www.parquenatural.com\/wp-content\/uploads\/2021\/09\/rubia-marina-plantas-de-cabo-de-gata-300x287.jpg 300w, https:\/\/www.parquenatural.com\/wp-content\/uploads\/2021\/09\/rubia-marina-plantas-de-cabo-de-gata-768x735.jpg 768w, https:\/\/www.parquenatural.com\/wp-content\/uploads\/2021\/09\/rubia-marina-plantas-de-cabo-de-gata-13x12.jpg 13w\" sizes=\"(max-width: 803px) 100vw, 803px\" \/><figcaption>rubia marina plantas de cabo de gata<\/figcaption><\/figure>\n\n\n\n<p><strong>\u00bfD\u00f3nde crece?<\/strong><\/p>\n\n\n\n<p>Se asienta en arenas litorales y dunas semifijas<\/p>\n\n\n\n<p><strong>\u00bfD\u00f3nde podemos encontrarla?<\/strong><\/p>\n\n\n\n<p>e distribuye por la franja del Mediterr\u00e1neo occidental.<\/p>\n\n\n\n<p>\u00bf<strong>Sab\u00edas qu\u00e9?<\/strong><\/p>\n\n\n\n<p>La disposici\u00f3n tan apretada de sus hojas contribuye a conservar la humedad ambiental. Sus flores tienen n\u00e9ctar y desprenden sustancias vol\u00e1tiles para atraer a los polinizadores.<br>Esta rubi\u00e1cea da nombre a uno de los h\u00e1bitats recogidos por la directiva H\u00e1bitat: 2210 Dunas fijas del litoral del Crucianellion maritimae, siendo adem\u00e1s su especie diagn\u00f3stica. Este h\u00e1bitat lo constituyen cordones dunares m\u00e1s o menos paralelos a la l\u00ednea de costa, fijados y estables, en los que es posible un incipiente desarrollo de suelo, pero en los que la evoluci\u00f3n hacia una vegetaci\u00f3n de mayor porte se ve impedida por la influencia del viento marino y por la pobreza de los suelos arenosos. Comparte espacio frecuentemente con la azucena de mar (Pancratium maritimum).<br>Las semillas de C. maritima no germinan bien en presencia de elevados niveles de salinidad, por lo que las pl\u00e1ntulas emergen en esta franja arenosa m\u00e1s distante de la orilla.<\/p>\n\n\n\n<p><strong>\u00bfC\u00f3mo es?<\/strong><\/p>\n\n\n\n<p>Planta perenne de hasta 50 cm, de porte almohadillado y compacto. Tallos blanquecinos y hojas de 3\u201311 mm, en verticilos de 4, imbricadas, agudas, con el margen cartilaginoso blanquecino y a veces con un mucr\u00f3n punzante. Flores reunidas en espigas de 10-50 mm, con br\u00e1cteas similares a las hojas. Flores actinomorfas, hermafroditas, pent\u00e1meras, sentadas, sin c\u00e1liz. Corola 10\u201312,6 mm, con forma de embudo, amarillo\u2013verdosa, glabra y con los l\u00f3bulos provistos de un ap\u00e9ndice agudo de 1,1\u20131,3 mm.<\/p>\n\n\n\n<p><\/p>\n\n\n\n<p><\/p>\n\n\n\n<p>Informaci\u00f3n facilitada por :<\/p>\n\n\n\n<p>JARD\u00cdN BOT\u00c1NICO EL ALBARDINAL<br>P. N. Cabo de Gata-N\u00edjar. Rodalquilar. Almer\u00eda<\/p>\n\n\n\n<p>El Albardinal. Calle Fundici\u00f3n, s\/n, Rodalquilar (Almer\u00eda). Tfno.: 671 561 226. <br>Email: jbotanico.albardinal.cagpds@juntadeandalucia.es<\/p>\n\n\n\n<p>Andaluc\u00eda, un jard\u00edn \u00a1ven a conocerlo!<\/p>","protected":false},"excerpt":{"rendered":"<p>Crucianella maritima L. \u00bfD\u00f3nde crece? Se asienta en arenas litorales y dunas semifijas \u00bfD\u00f3nde podemos encontrarla? e distribuye por la franja del Mediterr\u00e1neo occidental. \u00bfSab\u00edas<\/p>","protected":false},"author":3,"featured_media":10978,"comment_status":"closed","ping_status":"closed","sticky":false,"template":"","format":"standard","meta":{"footnotes":""},"categories":[44],"tags":[],"class_list":["post-10976","post","type-post","status-publish","format-standard","has-post-thumbnail","hentry","category-plantas-cabo-degata"],"_links":{"self":[{"href":"https:\/\/www.parquenatural.com\/en\/wp-json\/wp\/v2\/posts\/10976"}],"collection":[{"href":"https:\/\/www.parquenatural.com\/en\/wp-json\/wp\/v2\/posts"}],"about":[{"href":"https:\/\/www.parquenatural.com\/en\/wp-json\/wp\/v2\/types\/post"}],"author":[{"embeddable":true,"href":"https:\/\/www.parquenatural.com\/en\/wp-json\/wp\/v2\/users\/3"}],"replies":[{"embeddable":true,"href":"https:\/\/www.parquenatural.com\/en\/wp-json\/wp\/v2\/comments?post=10976"}],"version-history":[{"count":0,"href":"https:\/\/www.parquenatural.com\/en\/wp-json\/wp\/v2\/posts\/10976\/revisions"}],"wp:featuredmedia":[{"embeddable":true,"href":"https:\/\/www.parquenatural.com\/en\/wp-json\/wp\/v2\/media\/10978"}],"wp:attachment":[{"href":"https:\/\/www.parquenatural.com\/en\/wp-json\/wp\/v2\/media?parent=10976"}],"wp:term":[{"taxonomy":"category","embeddable":true,"href":"https:\/\/www.parquenatural.com\/en\/wp-json\/wp\/v2\/categories?post=10976"},{"taxonomy":"post_tag","embeddable":true,"href":"https:\/\/www.parquenatural.com\/en\/wp-json\/wp\/v2\/tags?post=10976"}],"curies":[{"name":"wp","href":"https:\/\/api.w.org\/{rel}","templated":true}]}}