{"id":10980,"date":"2021-09-30T14:41:44","date_gmt":"2021-09-30T12:41:44","guid":{"rendered":"https:\/\/www.parquenatural.com\/?p=10980"},"modified":"2021-10-02T14:36:56","modified_gmt":"2021-10-02T12:36:56","slug":"rusco-brusco","status":"publish","type":"post","link":"https:\/\/www.parquenatural.com\/en\/rusco-brusco\/","title":{"rendered":"Rusco, brusco"},"content":{"rendered":"<p>Ruscus aculeatus L.<\/p>\n\n\n\n<figure class=\"wp-block-image size-full\"><img fetchpriority=\"high\" decoding=\"async\" width=\"524\" height=\"140\" src=\"https:\/\/www.parquenatural.com\/wp-content\/uploads\/2021\/09\/rusco-marina-plantas-de-cabo-de-gata.jpg\" alt=\"rusco marina plantas de cabo de gata\" class=\"wp-image-10981\" srcset=\"https:\/\/www.parquenatural.com\/wp-content\/uploads\/2021\/09\/rusco-marina-plantas-de-cabo-de-gata.jpg 524w, https:\/\/www.parquenatural.com\/wp-content\/uploads\/2021\/09\/rusco-marina-plantas-de-cabo-de-gata-300x80.jpg 300w, https:\/\/www.parquenatural.com\/wp-content\/uploads\/2021\/09\/rusco-marina-plantas-de-cabo-de-gata-18x5.jpg 18w\" sizes=\"(max-width: 524px) 100vw, 524px\" \/><figcaption>rusco marina plantas de cabo de gata<\/figcaption><\/figure>\n\n\n\n<figure class=\"wp-block-image size-full\"><img decoding=\"async\" width=\"786\" height=\"644\" src=\"https:\/\/www.parquenatural.com\/wp-content\/uploads\/2021\/09\/rusco-marina-planta-de-cabo-de-gata.jpg\" alt=\"rusco marina planta de cabo de gata\" class=\"wp-image-10982\" srcset=\"https:\/\/www.parquenatural.com\/wp-content\/uploads\/2021\/09\/rusco-marina-planta-de-cabo-de-gata.jpg 786w, https:\/\/www.parquenatural.com\/wp-content\/uploads\/2021\/09\/rusco-marina-planta-de-cabo-de-gata-300x246.jpg 300w, https:\/\/www.parquenatural.com\/wp-content\/uploads\/2021\/09\/rusco-marina-planta-de-cabo-de-gata-768x629.jpg 768w, https:\/\/www.parquenatural.com\/wp-content\/uploads\/2021\/09\/rusco-marina-planta-de-cabo-de-gata-15x12.jpg 15w\" sizes=\"(max-width: 786px) 100vw, 786px\" \/><figcaption>rusco marina planta de cabo de gata<\/figcaption><\/figure>\n\n\n\n<p><strong>\u00bfD\u00f3nde crece?<\/strong><\/p>\n\n\n\n<p>Vive en bosques y bosquetes escler\u00f3filos mediterr\u00e1neos, pero tambi\u00e9n en grietas de zonas rocosas, desde los 50 hasta los 1500 m.<\/p>\n\n\n\n<p><strong>\u00bfD\u00f3nde podemos encontrarla?<\/strong><\/p>\n\n\n\n<p>Se distribuye por toda el \u00e1rea mediterr\u00e1nea, parte de Centroeuropa y regi\u00f3n macaron\u00e9sica. En el sector Almeriense no es frecuente.<\/p>\n\n\n\n<p><strong>\u00bfSab\u00edas qu\u00e9?<\/strong><\/p>\n\n\n\n<p>Tiene m\u00faltiples aplicaciones: por sus propiedades vasoconstrictoras y antiinflamatorias se emplea contra hemorroides y varices, flebitis y piernas cansadas. Tambi\u00e9n posee propiedades febr\u00edfugas. Sus brotes tiernos son comestibles (similares a los esp\u00e1rragos con quien est\u00e1 emparentado, sin embargo sus bayas son t\u00f3xicas para las personas, pudiendo provocar v\u00f3mitos, diarreas y convulsiones.<br>Por el aspecto de sus bayas, es una planta que se recoleta en navidad en sustituci\u00f3n del acebo lo que puede generar problemas de sobreexplotaci\u00f3n en algunas localidades. Tambi\u00e9n se utiliza con fines<br>ornamentales en jardiner\u00eda.<\/p>\n\n\n\n<p>\u00bf<strong>C\u00f3mo es?<\/strong><\/p>\n\n\n\n<p>Es una planta perenne de hasta 100 cm, con tallos muy ramificados y hojas reducidas a br\u00e1cteas membran\u00e1ceas con un corto espol\u00f3n basal. Algunos tallos cortos se transforman en unas l\u00e1minas verdes que parecen hojas sin serlo. En R. aculeatus sus fil\u00f3clados generalmente miden de 1,5\u20134 x 0,7\u20132,1 cm, y son cori\u00e1ceos, r\u00edgidos y de ovados a el\u00edpticos, con el \u00e1pice punzante. Hacia la mitad o mitad inferior de los fil\u00f3clados aparecen de 1 a 3 flores, poco vistosas, con pedicelos de 0,2\u20131,5 mm, sim\u00e9tricas, y con 6 t\u00e9palos, distintos los externos de los internos. Las flores masculinas presentan 3 estambres que est\u00e1n soldados por los filamentos formando un tubo viol\u00e1ceo. En contraste con las sencillez de sus flores, los frutos resultan son muy llamativos, son bayas de color rojo brillante, de 10\u201315 mm con 1 o 2 semillas.<\/p>\n\n\n\n<p>Informaci\u00f3n facilitada por :<\/p>\n\n\n\n<p>JARD\u00cdN BOT\u00c1NICO EL ALBARDINAL<br>P. N. Cabo de Gata-N\u00edjar. Rodalquilar. Almer\u00eda<\/p>\n\n\n\n<p>El Albardinal. Calle Fundici\u00f3n, s\/n, Rodalquilar (Almer\u00eda). Tfno.: 671 561 226. <br>Email: jbotanico.albardinal.cagpds@juntadeandalucia.es<\/p>\n\n\n\n<p>Andaluc\u00eda, un jard\u00edn \u00a1ven a conocerlo!<\/p>\n\n\n\n<p><\/p>","protected":false},"excerpt":{"rendered":"<p>Ruscus aculeatus L. \u00bfD\u00f3nde crece? Vive en bosques y bosquetes escler\u00f3filos mediterr\u00e1neos, pero tambi\u00e9n en grietas de zonas rocosas, desde los 50 hasta los 1500<\/p>","protected":false},"author":3,"featured_media":10982,"comment_status":"closed","ping_status":"closed","sticky":false,"template":"","format":"standard","meta":{"footnotes":""},"categories":[44],"tags":[],"class_list":["post-10980","post","type-post","status-publish","format-standard","has-post-thumbnail","hentry","category-plantas-cabo-degata"],"_links":{"self":[{"href":"https:\/\/www.parquenatural.com\/en\/wp-json\/wp\/v2\/posts\/10980"}],"collection":[{"href":"https:\/\/www.parquenatural.com\/en\/wp-json\/wp\/v2\/posts"}],"about":[{"href":"https:\/\/www.parquenatural.com\/en\/wp-json\/wp\/v2\/types\/post"}],"author":[{"embeddable":true,"href":"https:\/\/www.parquenatural.com\/en\/wp-json\/wp\/v2\/users\/3"}],"replies":[{"embeddable":true,"href":"https:\/\/www.parquenatural.com\/en\/wp-json\/wp\/v2\/comments?post=10980"}],"version-history":[{"count":0,"href":"https:\/\/www.parquenatural.com\/en\/wp-json\/wp\/v2\/posts\/10980\/revisions"}],"wp:featuredmedia":[{"embeddable":true,"href":"https:\/\/www.parquenatural.com\/en\/wp-json\/wp\/v2\/media\/10982"}],"wp:attachment":[{"href":"https:\/\/www.parquenatural.com\/en\/wp-json\/wp\/v2\/media?parent=10980"}],"wp:term":[{"taxonomy":"category","embeddable":true,"href":"https:\/\/www.parquenatural.com\/en\/wp-json\/wp\/v2\/categories?post=10980"},{"taxonomy":"post_tag","embeddable":true,"href":"https:\/\/www.parquenatural.com\/en\/wp-json\/wp\/v2\/tags?post=10980"}],"curies":[{"name":"wp","href":"https:\/\/api.w.org\/{rel}","templated":true}]}}