{"id":11000,"date":"2021-10-02T15:11:27","date_gmt":"2021-10-02T13:11:27","guid":{"rendered":"https:\/\/www.parquenatural.com\/?p=11000"},"modified":"2021-10-02T15:30:46","modified_gmt":"2021-10-02T13:30:46","slug":"candiles","status":"publish","type":"post","link":"https:\/\/www.parquenatural.com\/en\/candiles\/","title":{"rendered":"Candiles"},"content":{"rendered":"<p><strong><em>Aristolochia baetica<\/em> L.<\/strong><\/p>\n\n\n\n<figure class=\"wp-block-image size-full\"><img fetchpriority=\"high\" decoding=\"async\" width=\"818\" height=\"186\" src=\"https:\/\/www.parquenatural.com\/wp-content\/uploads\/2021\/10\/epocas-candiles-plantas-de-cabo-de-gata.jpg\" alt=\"epocas candiles plantas de cabo de gata\" class=\"wp-image-11002\" srcset=\"https:\/\/www.parquenatural.com\/wp-content\/uploads\/2021\/10\/epocas-candiles-plantas-de-cabo-de-gata.jpg 818w, https:\/\/www.parquenatural.com\/wp-content\/uploads\/2021\/10\/epocas-candiles-plantas-de-cabo-de-gata-300x68.jpg 300w, https:\/\/www.parquenatural.com\/wp-content\/uploads\/2021\/10\/epocas-candiles-plantas-de-cabo-de-gata-768x175.jpg 768w, https:\/\/www.parquenatural.com\/wp-content\/uploads\/2021\/10\/epocas-candiles-plantas-de-cabo-de-gata-18x4.jpg 18w\" sizes=\"(max-width: 818px) 100vw, 818px\" \/><figcaption>epocas candiles plantas de cabo de gata<\/figcaption><\/figure>\n\n\n\n<figure class=\"wp-block-image size-full is-resized\"><img decoding=\"async\" src=\"https:\/\/www.parquenatural.com\/wp-content\/uploads\/2021\/10\/candiles-plantas-de-cabo-de-gata.jpg\" alt=\"candiles plantas de cabo de gata\" class=\"wp-image-11001\" width=\"720\" height=\"383\" srcset=\"https:\/\/www.parquenatural.com\/wp-content\/uploads\/2021\/10\/candiles-plantas-de-cabo-de-gata.jpg 722w, https:\/\/www.parquenatural.com\/wp-content\/uploads\/2021\/10\/candiles-plantas-de-cabo-de-gata-300x160.jpg 300w, https:\/\/www.parquenatural.com\/wp-content\/uploads\/2021\/10\/candiles-plantas-de-cabo-de-gata-18x10.jpg 18w\" sizes=\"(max-width: 720px) 100vw, 720px\" \/><figcaption>candiles plantas de cabo de gata<\/figcaption><\/figure>\n\n\n\n<p>\u00bfS<strong>ab\u00edas que?<\/strong><\/p>\n\n\n\n<p>Son polinizadas por insectos a trav\u00e9s de un curioso mecanismo. Entran en las flores atra\u00eddos por el olor que emiten, resbalando por sus paredes y cayendo al fondo. Su salida est\u00e1 impedida por la presencia de unos pelos r\u00edgidos que se dirigen hacia la parte basal de la flor facilitando el descenso pero impidiendo la salida; all\u00ed atrapados polinizan los ovarios con el polen que traen de otras flores, y poco despu\u00e9s los estambres comienzan a madurar cayendo el polen sobre el insecto. Los pelos oclusivos se marchitan entonces y dejan escapar al insecto que buscar\u00e1 otra flor cayendo de nuevo en esta &#8220;trampa&#8221;.<\/p>\n\n\n\n<p>La bonita mariposa arlequ\u00edn (<em>Zerynthia rumina<\/em> L.) pone sus huevos exclusivamente en esta y otras especies del g\u00e9nero Aristoloquia, de las que se alimentan sus orugas.<\/p>\n\n\n\n<p><strong>\u00bfC\u00f3mo es?<\/strong><\/p>\n\n\n\n<p>Planta rizomatosa, de tallos volubles, delgados y flexibles de hasta 6 m, con los que trepa sobre otras plantas. Presenta hojas alternas y pecioladas, palmatinervias, en forma de coraz\u00f3n alargado de 1,5-5,5 x 2-4,5 cm y borde entero. Son verde oscuras, glaucas y que conforme envejecen se vuelven cori\u00e1ceas y cenicientas.<\/p>\n\n\n\n<p>Sus flores, de hasta 7 cm, son moradas o pardo oscuras, hermafroditas, solitarias, axilares y largamente pedunculadas. Tienen forma de tubo curvado, ensanchado en la parte inferior y prolongado en un labio en la parte superior. El fruto es una c\u00e1psula de hasta 6 x 2 cm, oblongoidea, que una vez madura se abre por seis valvas. Las semillas son pardas y con forma de coraz\u00f3n.<\/p>\n\n\n\n<p>\u00bf<strong>D\u00f3nde crece?<\/strong><\/p>\n\n\n\n<p>Vive en bosques y bosquetes escler\u00f3filos, matorrales y tambi\u00e9n en ramblas y muros de zonas cultivadas, hasta los 800 metros.<\/p>\n\n\n\n<p><strong>\u00bfD\u00f3nde podemos encontrarla?<\/strong><\/p>\n\n\n\n<p>Es una especie de distribuci\u00f3n \u00edbero-magreb\u00ed, creciendo en la Pen\u00ednsula Ib\u00e9rica en toda Andaluc\u00eda, el Algarve y Murcia.<\/p>\n\n\n\n<p>Informaci\u00f3n facilitada por :<\/p>\n\n\n\n<p>JARD\u00cdN BOT\u00c1NICO EL ALBARDINAL<br>P. N. Cabo de Gata-N\u00edjar. Rodalquilar. Almer\u00eda<\/p>\n\n\n\n<p>El Albardinal. Calle Fundici\u00f3n, s\/n, Rodalquilar (Almer\u00eda). Tfno.: 671 561 226. <br>Email: jbotanico.albardinal.cagpds@juntadeandalucia.es<\/p>\n\n\n\n<p>Andaluc\u00eda, un jard\u00edn \u00a1ven a conocerlo!<\/p>","protected":false},"excerpt":{"rendered":"<p>Aristolochia baetica L. \u00bfSab\u00edas que? Son polinizadas por insectos a trav\u00e9s de un curioso mecanismo. Entran en las flores atra\u00eddos por el olor que emiten,<\/p>","protected":false},"author":3,"featured_media":11001,"comment_status":"closed","ping_status":"closed","sticky":false,"template":"","format":"standard","meta":{"footnotes":""},"categories":[44],"tags":[],"class_list":["post-11000","post","type-post","status-publish","format-standard","has-post-thumbnail","hentry","category-plantas-cabo-degata"],"_links":{"self":[{"href":"https:\/\/www.parquenatural.com\/en\/wp-json\/wp\/v2\/posts\/11000"}],"collection":[{"href":"https:\/\/www.parquenatural.com\/en\/wp-json\/wp\/v2\/posts"}],"about":[{"href":"https:\/\/www.parquenatural.com\/en\/wp-json\/wp\/v2\/types\/post"}],"author":[{"embeddable":true,"href":"https:\/\/www.parquenatural.com\/en\/wp-json\/wp\/v2\/users\/3"}],"replies":[{"embeddable":true,"href":"https:\/\/www.parquenatural.com\/en\/wp-json\/wp\/v2\/comments?post=11000"}],"version-history":[{"count":0,"href":"https:\/\/www.parquenatural.com\/en\/wp-json\/wp\/v2\/posts\/11000\/revisions"}],"wp:featuredmedia":[{"embeddable":true,"href":"https:\/\/www.parquenatural.com\/en\/wp-json\/wp\/v2\/media\/11001"}],"wp:attachment":[{"href":"https:\/\/www.parquenatural.com\/en\/wp-json\/wp\/v2\/media?parent=11000"}],"wp:term":[{"taxonomy":"category","embeddable":true,"href":"https:\/\/www.parquenatural.com\/en\/wp-json\/wp\/v2\/categories?post=11000"},{"taxonomy":"post_tag","embeddable":true,"href":"https:\/\/www.parquenatural.com\/en\/wp-json\/wp\/v2\/tags?post=11000"}],"curies":[{"name":"wp","href":"https:\/\/api.w.org\/{rel}","templated":true}]}}