{"id":11008,"date":"2021-10-02T15:43:25","date_gmt":"2021-10-02T13:43:25","guid":{"rendered":"https:\/\/www.parquenatural.com\/?p=11008"},"modified":"2021-10-02T15:43:30","modified_gmt":"2021-10-02T13:43:30","slug":"abrepunos","status":"publish","type":"post","link":"https:\/\/www.parquenatural.com\/en\/abrepunos\/","title":{"rendered":"Abrepu\u00f1os"},"content":{"rendered":"<p><strong>Centaurea maroccana Ball<\/strong><\/p>\n\n\n\n<figure class=\"wp-block-image size-full\"><img fetchpriority=\"high\" decoding=\"async\" width=\"825\" height=\"203\" src=\"https:\/\/www.parquenatural.com\/wp-content\/uploads\/2021\/10\/epocas-abrepunos-plantas-de-cabo-de-gata.jpg\" alt=\"epocas abrepunos plantas de cabo de gata\" class=\"wp-image-11010\" srcset=\"https:\/\/www.parquenatural.com\/wp-content\/uploads\/2021\/10\/epocas-abrepunos-plantas-de-cabo-de-gata.jpg 825w, https:\/\/www.parquenatural.com\/wp-content\/uploads\/2021\/10\/epocas-abrepunos-plantas-de-cabo-de-gata-300x74.jpg 300w, https:\/\/www.parquenatural.com\/wp-content\/uploads\/2021\/10\/epocas-abrepunos-plantas-de-cabo-de-gata-768x189.jpg 768w, https:\/\/www.parquenatural.com\/wp-content\/uploads\/2021\/10\/epocas-abrepunos-plantas-de-cabo-de-gata-18x4.jpg 18w\" sizes=\"(max-width: 825px) 100vw, 825px\" \/><figcaption>epocas abrepunos plantas de cabo de gata<\/figcaption><\/figure>\n\n\n\n<figure class=\"wp-block-image size-full\"><img decoding=\"async\" width=\"719\" height=\"768\" src=\"https:\/\/www.parquenatural.com\/wp-content\/uploads\/2021\/10\/abrepunos-plantas-de-cabo-de-gata.jpg\" alt=\"abrepunos plantas de cabo de gata\" class=\"wp-image-11009\" srcset=\"https:\/\/www.parquenatural.com\/wp-content\/uploads\/2021\/10\/abrepunos-plantas-de-cabo-de-gata.jpg 719w, https:\/\/www.parquenatural.com\/wp-content\/uploads\/2021\/10\/abrepunos-plantas-de-cabo-de-gata-281x300.jpg 281w, https:\/\/www.parquenatural.com\/wp-content\/uploads\/2021\/10\/abrepunos-plantas-de-cabo-de-gata-11x12.jpg 11w\" sizes=\"(max-width: 719px) 100vw, 719px\" \/><figcaption>abrepunos plantas de cabo de gata<\/figcaption><\/figure>\n\n\n\n<p><strong>\u00bfC\u00f3mo es?<\/strong><\/p>\n\n\n\n<p>Especie anual de hasta 40 cm de aspecto gris lanoso, con tallos erectos que se ramifican desde la base y alados en toda su longitud. Presenta una roseta basal de hojas de margen hendido, siendo las hojas de los tallos lineares y decurrentes a lo largo de los tallos. Las flores, amarillas, se agrupan en cap\u00edtulos terminales solitarios desarroll\u00e1ndose 1 o 2 en el centro de la roseta parte basal. Las br\u00e1cteas medias presentan una espina apical de m\u00e1s de 15 mm, que surge de forma abrupta, muy pinchosa, de color oscuro y que porta espinas laterales.<\/p>\n\n\n\n<p>Las semillas son mayores de 3,5 mm, finamente estriadas, con una corona de pelos dobles, la exterior de 6-7 mm.<\/p>\n\n\n\n<p><strong>\u00bfSab\u00edas que?<\/strong><\/p>\n\n\n\n<p>Aparece incluida en la Lista Roja Nacional (2010) en la categor\u00eda de &#8220;casi amenazada&#8221;.<\/p>\n\n\n\n<p><strong>\u00bfD\u00f3nde podemos encontrarla?<\/strong><\/p>\n\n\n\n<p>Es una especie \u00edbero norteafricana, que se distribuye por el<\/p>\n\n\n\n<p>Norte de \u00c1frica (Marruecos, Argelia y Libia) y en la pen\u00ednsula<\/p>\n\n\n\n<p>Ib\u00e9rica, encontr\u00e1ndose \u00fanicamente en Almer\u00eda y Murcia.<\/p>\n\n\n\n<p><strong>\u00bfD\u00f3nde crece?<\/strong><\/p>\n\n\n\n<p>Aparece en herbazales de cunetas y m\u00e1rgenes de caminos, en campos y cultivos de secano de zonas \u00e1ridas desde el nivel del mar hasta los 400 m.<\/p>\n\n\n\n<p><\/p>\n\n\n\n<p>Informaci\u00f3n facilitada por :<\/p>\n\n\n\n<p>JARD\u00cdN BOT\u00c1NICO EL ALBARDINAL<br>P. N. Cabo de Gata-N\u00edjar. Rodalquilar. Almer\u00eda<\/p>\n\n\n\n<p>El Albardinal. Calle Fundici\u00f3n, s\/n, Rodalquilar (Almer\u00eda). Tfno.: 671 561 226. <br>Email: jbotanico.albardinal.cagpds@juntadeandalucia.es<\/p>\n\n\n\n<p>Andaluc\u00eda, un jard\u00edn \u00a1ven a conocerlo!<\/p>","protected":false},"excerpt":{"rendered":"<p>Centaurea maroccana Ball \u00bfC\u00f3mo es? Especie anual de hasta 40 cm de aspecto gris lanoso, con tallos erectos que se ramifican desde la base y<\/p>","protected":false},"author":3,"featured_media":11009,"comment_status":"closed","ping_status":"closed","sticky":false,"template":"","format":"standard","meta":{"footnotes":""},"categories":[44],"tags":[],"class_list":["post-11008","post","type-post","status-publish","format-standard","has-post-thumbnail","hentry","category-plantas-cabo-degata"],"_links":{"self":[{"href":"https:\/\/www.parquenatural.com\/en\/wp-json\/wp\/v2\/posts\/11008"}],"collection":[{"href":"https:\/\/www.parquenatural.com\/en\/wp-json\/wp\/v2\/posts"}],"about":[{"href":"https:\/\/www.parquenatural.com\/en\/wp-json\/wp\/v2\/types\/post"}],"author":[{"embeddable":true,"href":"https:\/\/www.parquenatural.com\/en\/wp-json\/wp\/v2\/users\/3"}],"replies":[{"embeddable":true,"href":"https:\/\/www.parquenatural.com\/en\/wp-json\/wp\/v2\/comments?post=11008"}],"version-history":[{"count":0,"href":"https:\/\/www.parquenatural.com\/en\/wp-json\/wp\/v2\/posts\/11008\/revisions"}],"wp:featuredmedia":[{"embeddable":true,"href":"https:\/\/www.parquenatural.com\/en\/wp-json\/wp\/v2\/media\/11009"}],"wp:attachment":[{"href":"https:\/\/www.parquenatural.com\/en\/wp-json\/wp\/v2\/media?parent=11008"}],"wp:term":[{"taxonomy":"category","embeddable":true,"href":"https:\/\/www.parquenatural.com\/en\/wp-json\/wp\/v2\/categories?post=11008"},{"taxonomy":"post_tag","embeddable":true,"href":"https:\/\/www.parquenatural.com\/en\/wp-json\/wp\/v2\/tags?post=11008"}],"curies":[{"name":"wp","href":"https:\/\/api.w.org\/{rel}","templated":true}]}}