{"id":11012,"date":"2021-10-02T15:49:32","date_gmt":"2021-10-02T13:49:32","guid":{"rendered":"https:\/\/www.parquenatural.com\/?p=11012"},"modified":"2021-10-02T15:49:39","modified_gmt":"2021-10-02T13:49:39","slug":"serradella","status":"publish","type":"post","link":"https:\/\/www.parquenatural.com\/en\/serradella\/","title":{"rendered":"Serradella"},"content":{"rendered":"<p><em>Klasea flavescens<\/em> subsp. <em>mucronata<\/em> (Desf.) Canto &amp; Rivas Mart.<\/p>\n\n\n\n<figure class=\"wp-block-image size-full\"><img fetchpriority=\"high\" decoding=\"async\" width=\"815\" height=\"185\" src=\"https:\/\/www.parquenatural.com\/wp-content\/uploads\/2021\/10\/epocasserradella-plantas-de-cabo-de-gata.jpg\" alt=\"epocasserradella plantas de cabo de gata\" class=\"wp-image-11013\" srcset=\"https:\/\/www.parquenatural.com\/wp-content\/uploads\/2021\/10\/epocasserradella-plantas-de-cabo-de-gata.jpg 815w, https:\/\/www.parquenatural.com\/wp-content\/uploads\/2021\/10\/epocasserradella-plantas-de-cabo-de-gata-300x68.jpg 300w, https:\/\/www.parquenatural.com\/wp-content\/uploads\/2021\/10\/epocasserradella-plantas-de-cabo-de-gata-768x174.jpg 768w, https:\/\/www.parquenatural.com\/wp-content\/uploads\/2021\/10\/epocasserradella-plantas-de-cabo-de-gata-18x4.jpg 18w\" sizes=\"(max-width: 815px) 100vw, 815px\" \/><figcaption>epocasserradella plantas de cabo de gata<\/figcaption><\/figure>\n\n\n\n<figure class=\"wp-block-image size-full\"><img decoding=\"async\" width=\"1002\" height=\"768\" src=\"https:\/\/www.parquenatural.com\/wp-content\/uploads\/2021\/10\/serradella-plantas-de-cabo-de-gata.jpg\" alt=\"serradella plantas de cabo de gata\" class=\"wp-image-11014\" srcset=\"https:\/\/www.parquenatural.com\/wp-content\/uploads\/2021\/10\/serradella-plantas-de-cabo-de-gata.jpg 1002w, https:\/\/www.parquenatural.com\/wp-content\/uploads\/2021\/10\/serradella-plantas-de-cabo-de-gata-300x230.jpg 300w, https:\/\/www.parquenatural.com\/wp-content\/uploads\/2021\/10\/serradella-plantas-de-cabo-de-gata-768x589.jpg 768w, https:\/\/www.parquenatural.com\/wp-content\/uploads\/2021\/10\/serradella-plantas-de-cabo-de-gata-16x12.jpg 16w\" sizes=\"(max-width: 1002px) 100vw, 1002px\" \/><figcaption>serradella plantas de cabo de gata<\/figcaption><\/figure>\n\n\n\n<p>\u00bf<strong>C\u00f3mo es?<\/strong><\/p>\n\n\n\n<p>Se trata de una hemicript\u00f3fita rizomatosa (una especie vivaz que durante alg\u00fan tiempo permanece no visible, en reposo) de hasta 60 cm, con tallos poco ramificados, verdes o algo p\u00farpuras, glabros o con pelos esparcidos. Hojas estrechamente lanceoladas, de enteras a serradas, con algunos pelos dispuestos en los nervios, las basales pecioladas, no as\u00ed las caulinares, algo p\u00farpuras por el env\u00e9s. Los cap\u00edtulos florales son solitarios y terminales, ovoides o globosos, con varias filas de br\u00e1cteas. Las br\u00e1cteas medias son oblongo-obovadas y te\u00f1idas de color p\u00farpura en el \u00e1pice, bruscamente terminadas en una espina de 3-6 mm y las flores son purp\u00fareas o rosadas. Las semillas son aquenios de 3-6 mm de largos, estriados y con vilanos de 8 hasta 12 mm.<\/p>\n\n\n\n<p><strong>\u00bfSab\u00edas que?<\/strong><\/p>\n\n\n\n<p>Se encuentra incluida en la Lista Roja Nacional (2010) en la categor\u00eda de &#8220;casi amenazada&#8221;. Desarrolla xerocasia, es decir, sus frutos se abren para dispersar sus semillas cuando existen condiciones de humedad muy bajas y se cierran si la humedad es alta. Y sus semillas, en condiciones de altas temperaturas presentan inhibici\u00f3n de la germinaci\u00f3n. Se trata de adaptaciones dirigidas a asegurar la germinaci\u00f3n a larga distancia y en las mejores condiciones posibles.<\/p>\n\n\n\n<p><strong>\u00bfD\u00f3nde podemos encontrarla?<\/strong><\/p>\n\n\n\n<p>Se trata de una especie fundamentalmente \u00edbero magreb\u00ed que habita en el Norte de \u00c1frica (Marruecos, Argelia y T\u00fanez), puntualmente en Sicilia y en la pen\u00ednsula Ib\u00e9rica, \u00fanicamente en Almer\u00eda, Granada y Murcia.<\/p>\n\n\n\n<p><strong>\u00bfD\u00f3nde crece?<\/strong><\/p>\n\n\n\n<p>Crece hasta los 1.850 m, en el interior de espinales con palmitos, cornicales, matorrales, tomillares y pastizales vivaces, en todo tipo de suelos, aunque prefiere los neutros o b\u00e1sicos. de la isla de Albor\u00e1n.<\/p>\n\n\n\n<p><\/p>\n\n\n\n<p>Informaci\u00f3n facilitada por :<\/p>\n\n\n\n<p>JARD\u00cdN BOT\u00c1NICO EL ALBARDINAL<br>P. N. Cabo de Gata-N\u00edjar. Rodalquilar. Almer\u00eda<\/p>\n\n\n\n<p>El Albardinal. Calle Fundici\u00f3n, s\/n, Rodalquilar (Almer\u00eda). Tfno.: 671 561 226. <br>Email: jbotanico.albardinal.cagpds@juntadeandalucia.es<\/p>\n\n\n\n<p>Andaluc\u00eda, un jard\u00edn \u00a1ven a conocerlo!<\/p>","protected":false},"excerpt":{"rendered":"<p>Klasea flavescens subsp. mucronata (Desf.) Canto &amp; Rivas Mart. \u00bfC\u00f3mo es? Se trata de una hemicript\u00f3fita rizomatosa (una especie vivaz que durante alg\u00fan tiempo permanece<\/p>","protected":false},"author":3,"featured_media":11014,"comment_status":"closed","ping_status":"closed","sticky":false,"template":"","format":"standard","meta":{"footnotes":""},"categories":[44],"tags":[],"class_list":["post-11012","post","type-post","status-publish","format-standard","has-post-thumbnail","hentry","category-plantas-cabo-degata"],"_links":{"self":[{"href":"https:\/\/www.parquenatural.com\/en\/wp-json\/wp\/v2\/posts\/11012"}],"collection":[{"href":"https:\/\/www.parquenatural.com\/en\/wp-json\/wp\/v2\/posts"}],"about":[{"href":"https:\/\/www.parquenatural.com\/en\/wp-json\/wp\/v2\/types\/post"}],"author":[{"embeddable":true,"href":"https:\/\/www.parquenatural.com\/en\/wp-json\/wp\/v2\/users\/3"}],"replies":[{"embeddable":true,"href":"https:\/\/www.parquenatural.com\/en\/wp-json\/wp\/v2\/comments?post=11012"}],"version-history":[{"count":0,"href":"https:\/\/www.parquenatural.com\/en\/wp-json\/wp\/v2\/posts\/11012\/revisions"}],"wp:featuredmedia":[{"embeddable":true,"href":"https:\/\/www.parquenatural.com\/en\/wp-json\/wp\/v2\/media\/11014"}],"wp:attachment":[{"href":"https:\/\/www.parquenatural.com\/en\/wp-json\/wp\/v2\/media?parent=11012"}],"wp:term":[{"taxonomy":"category","embeddable":true,"href":"https:\/\/www.parquenatural.com\/en\/wp-json\/wp\/v2\/categories?post=11012"},{"taxonomy":"post_tag","embeddable":true,"href":"https:\/\/www.parquenatural.com\/en\/wp-json\/wp\/v2\/tags?post=11012"}],"curies":[{"name":"wp","href":"https:\/\/api.w.org\/{rel}","templated":true}]}}