{"id":11016,"date":"2021-10-02T18:09:14","date_gmt":"2021-10-02T16:09:14","guid":{"rendered":"https:\/\/www.parquenatural.com\/?p=11016"},"modified":"2021-10-02T18:09:17","modified_gmt":"2021-10-02T16:09:17","slug":"moral","status":"publish","type":"post","link":"https:\/\/www.parquenatural.com\/en\/moral\/","title":{"rendered":"Moral"},"content":{"rendered":"<p><em>Morus nigra<\/em> L.<\/p>\n\n\n\n<figure class=\"wp-block-image size-full\"><img fetchpriority=\"high\" decoding=\"async\" width=\"634\" height=\"141\" src=\"https:\/\/www.parquenatural.com\/wp-content\/uploads\/2021\/10\/epocas-moral-plantas-de-cabo-de-gata.jpg\" alt=\"epocas moral plantas de cabo de gata\" class=\"wp-image-11017\" srcset=\"https:\/\/www.parquenatural.com\/wp-content\/uploads\/2021\/10\/epocas-moral-plantas-de-cabo-de-gata.jpg 634w, https:\/\/www.parquenatural.com\/wp-content\/uploads\/2021\/10\/epocas-moral-plantas-de-cabo-de-gata-300x67.jpg 300w, https:\/\/www.parquenatural.com\/wp-content\/uploads\/2021\/10\/epocas-moral-plantas-de-cabo-de-gata-18x4.jpg 18w\" sizes=\"(max-width: 634px) 100vw, 634px\" \/><figcaption>epocas moral plantas de cabo de gata<\/figcaption><\/figure>\n\n\n\n<figure class=\"wp-block-image size-full\"><img decoding=\"async\" width=\"1024\" height=\"749\" src=\"https:\/\/www.parquenatural.com\/wp-content\/uploads\/2021\/10\/moral-plantas-de-cabo-de-gata.jpg\" alt=\"moral plantas de cabo de gata\" class=\"wp-image-11018\" srcset=\"https:\/\/www.parquenatural.com\/wp-content\/uploads\/2021\/10\/moral-plantas-de-cabo-de-gata.jpg 1024w, https:\/\/www.parquenatural.com\/wp-content\/uploads\/2021\/10\/moral-plantas-de-cabo-de-gata-300x219.jpg 300w, https:\/\/www.parquenatural.com\/wp-content\/uploads\/2021\/10\/moral-plantas-de-cabo-de-gata-768x562.jpg 768w, https:\/\/www.parquenatural.com\/wp-content\/uploads\/2021\/10\/moral-plantas-de-cabo-de-gata-16x12.jpg 16w\" sizes=\"(max-width: 1024px) 100vw, 1024px\" \/><figcaption>moral plantas de cabo de gata<\/figcaption><\/figure>\n\n\n\n<p><strong>\u00bfC\u00f3mo es?<\/strong><\/p>\n\n\n\n<p>El moral es un \u00e1rbol de la familia de las mor\u00e1ceas, de hasta 15 m, caducifolio, de copa amplia y corteza agrietada. Tiene hojas de 5-15 cm, gruesas, pecioladas, alternas, ovadas, de margen aserrado y \u00e1pice cortamente acuminado. Por el haz son \u00e1speras al tacto y m\u00e1s oscuras que por el env\u00e9s y con nervios prominentes. Las flores se disponen en las axilas de las hojas, sobre ped\u00fanculos m\u00e1s cortos que las inflorescencias. Los frutos agregados con sus respectivos periantos carnosos se agrupan en infrutescencia de 1-2 cm, al principio de color roja y en la madurez azul-viol\u00e1cea o negra.<\/p>\n\n\n\n<p>La presencia de pelos por toda la superficie foliar y en el \u00e1pice de los s\u00e9palos, as\u00ed como ped\u00fanculos claramente m\u00e1s cortos que la inflorescencia son los caracteres diferenciales con la morera (<em>Morus alba<\/em>).<\/p>\n\n\n\n<p>El moral es un \u00e1rbol de la familia de las mor\u00e1ceas, de hasta 15 m, caducifolio, de copa amplia y corteza agrietada. Tiene hojas de 5-15 cm, gruesas, pecioladas, alternas, ovadas, de margen aserrado y \u00e1pice cortamente acuminado. Por el haz son \u00e1speras al tacto y m\u00e1s oscuras que por el env\u00e9s y con nervios prominentes. Las flores se disponen en las axilas de las hojas, sobre ped\u00fanculos m\u00e1s cortos que las inflorescencias. Los frutos agregados con sus respectivos periantos carnosos se agrupan en infrutescencia de 1-2 cm, al principio de color roja y en la madurez azul-viol\u00e1cea o negra.<\/p>\n\n\n\n<p>La presencia de pelos por toda la superficie foliar y en el \u00e1pice de los s\u00e9palos, as\u00ed como ped\u00fanculos claramente m\u00e1s cortos que la inflorescencia son los caracteres diferenciales con la morera (<em>Morus alba<\/em>).<\/p>\n\n\n\n<p><strong>\u00bfSab\u00edas que?<\/strong><\/p>\n\n\n\n<p>El moral constituy\u00f3 la base de una de las actividades econ\u00f3micas m\u00e1s importantes de todo al-\u00c1ndalus, la producci\u00f3n de seda. El moral fue cultivado por los musulmanes; resistente al fr\u00edo y poco exigente en cuanto a cuidados y riegos crec\u00eda sin problemas en zonas como las Alpujarras y la vega de Granada. La morera, requer\u00eda m\u00e1s riegos y se adecuaba mejor a las zonas litorales, pero sus hojas eran m\u00e1s tiernas, crec\u00edan m\u00e1s r\u00e1pido y se recolectaban con m\u00e1s facilidad. El arraigo de los morales y la destreza de los musulmanes en el hilado de la seda a partir de ellas era tal que se opusieron f\u00e9rreamente a la introducci\u00f3n de la morera, pero cuando la demanda de seda fue increment\u00e1ndose, finalmente, tras casi 1.000 a\u00f1os de convivencia, la morera termin\u00f3 por implantarse frente al moral.<\/p>\n\n\n\n<p>El cultivo del moral y la morera se extendi\u00f3 de tal forma en el sureste que en las zonas de Granada, Almer\u00eda, M\u00e1laga y Murcia lleg\u00f3 a constituir un cultivo de primer orden.<\/p>\n\n\n\n<p><strong>\u00bfD\u00f3nde podemos encontrarla?<\/strong><\/p>\n\n\n\n<p>Procede de Asia Menor y en la Pen\u00ednsula Ib\u00e9rica se tiene constancia de su cultivo en los jardines desde \u00e9poca romana.<\/p>\n\n\n\n<figure class=\"wp-block-image\"><img decoding=\"async\" src=\"\" alt=\"\"\/><\/figure>\n\n\n\n<p>Informaci\u00f3n facilitada por :<\/p>\n\n\n\n<p>JARD\u00cdN BOT\u00c1NICO EL ALBARDINAL<br>P. N. Cabo de Gata-N\u00edjar. Rodalquilar. Almer\u00eda<\/p>\n\n\n\n<p>El Albardinal. Calle Fundici\u00f3n, s\/n, Rodalquilar (Almer\u00eda). Tfno.: 671 561 226. <br>Email: jbotanico.albardinal.cagpds@juntadeandalucia.es<\/p>\n\n\n\n<p>Andaluc\u00eda, un jard\u00edn \u00a1ven a conocerlo!<\/p>","protected":false},"excerpt":{"rendered":"<p>Morus nigra L. \u00bfC\u00f3mo es? El moral es un \u00e1rbol de la familia de las mor\u00e1ceas, de hasta 15 m, caducifolio, de copa amplia y<\/p>","protected":false},"author":3,"featured_media":11018,"comment_status":"closed","ping_status":"closed","sticky":false,"template":"","format":"standard","meta":{"footnotes":""},"categories":[44],"tags":[],"class_list":["post-11016","post","type-post","status-publish","format-standard","has-post-thumbnail","hentry","category-plantas-cabo-degata"],"_links":{"self":[{"href":"https:\/\/www.parquenatural.com\/en\/wp-json\/wp\/v2\/posts\/11016"}],"collection":[{"href":"https:\/\/www.parquenatural.com\/en\/wp-json\/wp\/v2\/posts"}],"about":[{"href":"https:\/\/www.parquenatural.com\/en\/wp-json\/wp\/v2\/types\/post"}],"author":[{"embeddable":true,"href":"https:\/\/www.parquenatural.com\/en\/wp-json\/wp\/v2\/users\/3"}],"replies":[{"embeddable":true,"href":"https:\/\/www.parquenatural.com\/en\/wp-json\/wp\/v2\/comments?post=11016"}],"version-history":[{"count":0,"href":"https:\/\/www.parquenatural.com\/en\/wp-json\/wp\/v2\/posts\/11016\/revisions"}],"wp:featuredmedia":[{"embeddable":true,"href":"https:\/\/www.parquenatural.com\/en\/wp-json\/wp\/v2\/media\/11018"}],"wp:attachment":[{"href":"https:\/\/www.parquenatural.com\/en\/wp-json\/wp\/v2\/media?parent=11016"}],"wp:term":[{"taxonomy":"category","embeddable":true,"href":"https:\/\/www.parquenatural.com\/en\/wp-json\/wp\/v2\/categories?post=11016"},{"taxonomy":"post_tag","embeddable":true,"href":"https:\/\/www.parquenatural.com\/en\/wp-json\/wp\/v2\/tags?post=11016"}],"curies":[{"name":"wp","href":"https:\/\/api.w.org\/{rel}","templated":true}]}}