{"id":11047,"date":"2021-10-02T19:01:55","date_gmt":"2021-10-02T17:01:55","guid":{"rendered":"https:\/\/www.parquenatural.com\/?p=11047"},"modified":"2021-10-02T19:04:58","modified_gmt":"2021-10-02T17:04:58","slug":"barrilla-fina-espejuelo","status":"publish","type":"post","link":"https:\/\/www.parquenatural.com\/en\/barrilla-fina-espejuelo\/","title":{"rendered":"Barrilla fina, espejuelo"},"content":{"rendered":"<p><strong><em>Halogeton sativus<\/em> (L.) Moq<\/strong><\/p>\n\n\n\n<figure class=\"wp-block-image size-full\"><img fetchpriority=\"high\" decoding=\"async\" width=\"672\" height=\"175\" src=\"https:\/\/www.parquenatural.com\/wp-content\/uploads\/2021\/10\/epocas-barrilla-fina-espejuelo-plantas-de-cabo-de-gata.jpg\" alt=\"epocas barrilla fina espejuelo plantas de cabo de gata\" class=\"wp-image-11048\" srcset=\"https:\/\/www.parquenatural.com\/wp-content\/uploads\/2021\/10\/epocas-barrilla-fina-espejuelo-plantas-de-cabo-de-gata.jpg 672w, https:\/\/www.parquenatural.com\/wp-content\/uploads\/2021\/10\/epocas-barrilla-fina-espejuelo-plantas-de-cabo-de-gata-300x78.jpg 300w, https:\/\/www.parquenatural.com\/wp-content\/uploads\/2021\/10\/epocas-barrilla-fina-espejuelo-plantas-de-cabo-de-gata-18x5.jpg 18w\" sizes=\"(max-width: 672px) 100vw, 672px\" \/><figcaption>epocas barrilla fina espejuelo plantas de cabo de gata<\/figcaption><\/figure>\n\n\n\n<figure class=\"wp-block-image size-full\"><img decoding=\"async\" width=\"1024\" height=\"693\" src=\"https:\/\/www.parquenatural.com\/wp-content\/uploads\/2021\/10\/barrilla-fina-espejuelo-plantas-de-cabo-de-gata.jpg\" alt=\"barrilla fina espejuelo plantas de cabo de gata\" class=\"wp-image-11049\" srcset=\"https:\/\/www.parquenatural.com\/wp-content\/uploads\/2021\/10\/barrilla-fina-espejuelo-plantas-de-cabo-de-gata.jpg 1024w, https:\/\/www.parquenatural.com\/wp-content\/uploads\/2021\/10\/barrilla-fina-espejuelo-plantas-de-cabo-de-gata-300x203.jpg 300w, https:\/\/www.parquenatural.com\/wp-content\/uploads\/2021\/10\/barrilla-fina-espejuelo-plantas-de-cabo-de-gata-768x520.jpg 768w, https:\/\/www.parquenatural.com\/wp-content\/uploads\/2021\/10\/barrilla-fina-espejuelo-plantas-de-cabo-de-gata-18x12.jpg 18w\" sizes=\"(max-width: 1024px) 100vw, 1024px\" \/><figcaption>barrilla fina espejuelo plantas de cabo de gata<\/figcaption><\/figure>\n\n\n\n<p><strong>\u00bfC\u00f3mo es?<\/strong><\/p>\n\n\n\n<p>Esta quenopodi\u00e1cea es una hierba anual, generalmente postrada, de hasta 70-80 cm. Tiene hojas carnosas, cil\u00edndricas, de 5-18 x 1-1.5 mm, con pelos en las axilas y terminadas en una seta caediza de hasta 2 mm. Las flores, que se agrupan en espigas, presentan br\u00e1cteas en las flores externas; son hermafroditas o femeninas, pent\u00e1meras, con 5 t\u00e9palos que desarrollan un ala de hasta 4 mm que var\u00eda de amarillenta a rojiza, que crece conforme avanza la fructificaci\u00f3n hasta volverse muy llamativa.<\/p>\n\n\n\n<p><strong>\u00bfD\u00f3nde crece?<\/strong><\/p>\n\n\n\n<p>Crece en terrenos secos y alterados, en ocasiones ricos en nitr\u00f3geno o sales, desde el nivel del mar hasta los 900 m.<\/p>\n\n\n\n<p>\u00bf<strong>Sab\u00edas que?<\/strong><\/p>\n\n\n\n<p>A partir de la combusti\u00f3n de las conocidas como plantas barrilleras (<em>Salsola<\/em> sp. <em>Halogeton<\/em> sp., etc.) en un proceso complejo y artesano, dirigido por los maestros barilleros, se obten\u00edan piedras de sosa a partir de las cuales se  abricaba jab\u00f3n y vidrio. De entre las diversas plantas barrilleras, <em>Halogeton sativus<\/em> era muy valorada pues produc\u00eda unapiedra con una elevada concentraci\u00f3n en carbonato s\u00f3dico.<\/p>\n\n\n\n<p>Las plantas barrilleras constituyeron un recurso econ\u00f3mico muy importante, siendo cultivadas hasta mediados del siglo XIX para obtener sosa en la Mancha, valle del Ebro y provincias litorales del S de Espa\u00f1a hasta el r\u00edo Guadiana.<\/p>\n\n\n\n<p><strong>\u00bfD\u00f3nde podemos encontrarla?<\/strong><\/p>\n\n\n\n<p>Es una especie \u00edbero-magreb\u00ed, que se distribuye por el sur y el sureste de la pen\u00ednsula Ib\u00e9rica.<\/p>\n\n\n\n<p><\/p>\n\n\n\n<p>Informaci\u00f3n facilitada por :<\/p>\n\n\n\n<p>JARD\u00cdN BOT\u00c1NICO EL ALBARDINAL<br>P. N. Cabo de Gata-N\u00edjar. Rodalquilar. Almer\u00eda<\/p>\n\n\n\n<p>El Albardinal. Calle Fundici\u00f3n, s\/n, Rodalquilar (Almer\u00eda). Tfno.: 671 561 226. <br>Email: jbotanico.albardinal.cagpds@juntadeandalucia.es<\/p>\n\n\n\n<p>Andaluc\u00eda, un jard\u00edn \u00a1ven a conocerlo!<\/p>","protected":false},"excerpt":{"rendered":"<p>Halogeton sativus (L.) Moq \u00bfC\u00f3mo es? Esta quenopodi\u00e1cea es una hierba anual, generalmente postrada, de hasta 70-80 cm. Tiene hojas carnosas, cil\u00edndricas, de 5-18 x<\/p>","protected":false},"author":3,"featured_media":11049,"comment_status":"closed","ping_status":"closed","sticky":false,"template":"","format":"standard","meta":{"footnotes":""},"categories":[44],"tags":[],"class_list":["post-11047","post","type-post","status-publish","format-standard","has-post-thumbnail","hentry","category-plantas-cabo-degata"],"_links":{"self":[{"href":"https:\/\/www.parquenatural.com\/en\/wp-json\/wp\/v2\/posts\/11047"}],"collection":[{"href":"https:\/\/www.parquenatural.com\/en\/wp-json\/wp\/v2\/posts"}],"about":[{"href":"https:\/\/www.parquenatural.com\/en\/wp-json\/wp\/v2\/types\/post"}],"author":[{"embeddable":true,"href":"https:\/\/www.parquenatural.com\/en\/wp-json\/wp\/v2\/users\/3"}],"replies":[{"embeddable":true,"href":"https:\/\/www.parquenatural.com\/en\/wp-json\/wp\/v2\/comments?post=11047"}],"version-history":[{"count":0,"href":"https:\/\/www.parquenatural.com\/en\/wp-json\/wp\/v2\/posts\/11047\/revisions"}],"wp:featuredmedia":[{"embeddable":true,"href":"https:\/\/www.parquenatural.com\/en\/wp-json\/wp\/v2\/media\/11049"}],"wp:attachment":[{"href":"https:\/\/www.parquenatural.com\/en\/wp-json\/wp\/v2\/media?parent=11047"}],"wp:term":[{"taxonomy":"category","embeddable":true,"href":"https:\/\/www.parquenatural.com\/en\/wp-json\/wp\/v2\/categories?post=11047"},{"taxonomy":"post_tag","embeddable":true,"href":"https:\/\/www.parquenatural.com\/en\/wp-json\/wp\/v2\/tags?post=11047"}],"curies":[{"name":"wp","href":"https:\/\/api.w.org\/{rel}","templated":true}]}}