{"id":11059,"date":"2021-10-02T19:12:29","date_gmt":"2021-10-02T17:12:29","guid":{"rendered":"https:\/\/www.parquenatural.com\/?page_id=11059"},"modified":"2021-10-06T19:27:54","modified_gmt":"2021-10-06T17:27:54","slug":"plantas-en-el-cabo-de-gata","status":"publish","type":"post","link":"https:\/\/www.parquenatural.com\/en\/plantas-en-el-cabo-de-gata\/","title":{"rendered":"Plantas en el Cabo de Gata"},"content":{"rendered":"<div data-elementor-type=\"wp-page\" data-elementor-id=\"11059\" class=\"elementor elementor-11059\" data-elementor-post-type=\"post\">\n\t\t\t\t\t\t<section class=\"elementor-section elementor-top-section elementor-element elementor-element-707bea8 elementor-section-boxed elementor-section-height-default elementor-section-height-default\" data-id=\"707bea8\" data-element_type=\"section\" data-e-type=\"section\">\n\t\t\t\t\t\t<div class=\"elementor-container elementor-column-gap-default\">\n\t\t\t\t\t<div class=\"elementor-column elementor-col-100 elementor-top-column elementor-element elementor-element-621224b\" data-id=\"621224b\" data-element_type=\"column\" data-e-type=\"column\">\n\t\t\t<div class=\"elementor-widget-wrap elementor-element-populated\">\n\t\t\t\t\t\t<div class=\"elementor-element elementor-element-b22df54 elementor-widget elementor-widget-text-editor\" data-id=\"b22df54\" data-element_type=\"widget\" data-e-type=\"widget\" data-widget_type=\"text-editor.default\">\n\t\t\t\t<div class=\"elementor-widget-container\">\n\t\t\t\t\t\t\t\t\t<p><strong>Plantas que puedes encontrar dentro del Parque Natural de Cabo de Gata<\/strong><\/p>\t\t\t\t\t\t\t\t<\/div>\n\t\t\t\t<\/div>\n\t\t\t\t\t<\/div>\n\t\t<\/div>\n\t\t\t\t\t<\/div>\n\t\t<\/section>\n\t\t\t\t<section class=\"elementor-section elementor-top-section elementor-element elementor-element-b9c08b6 elementor-section-boxed elementor-section-height-default elementor-section-height-default\" data-id=\"b9c08b6\" data-element_type=\"section\" data-e-type=\"section\">\n\t\t\t\t\t\t<div class=\"elementor-container elementor-column-gap-default\">\n\t\t\t\t\t<div class=\"elementor-column elementor-col-100 elementor-top-column elementor-element elementor-element-abbb7f7\" data-id=\"abbb7f7\" data-element_type=\"column\" data-e-type=\"column\">\n\t\t\t<div class=\"elementor-widget-wrap elementor-element-populated\">\n\t\t\t\t\t\t<div class=\"elementor-element elementor-element-ca27d7b elementor-posts--align-left elementor-grid-3 elementor-grid-tablet-2 elementor-grid-mobile-1 elementor-posts--thumbnail-top elementor-widget elementor-widget-posts\" data-id=\"ca27d7b\" data-element_type=\"widget\" data-e-type=\"widget\" data-settings=\"{&quot;pagination_type&quot;:&quot;numbers_and_prev_next&quot;,&quot;classic_row_gap&quot;:{&quot;unit&quot;:&quot;px&quot;,&quot;size&quot;:12,&quot;sizes&quot;:[]},&quot;classic_columns&quot;:&quot;3&quot;,&quot;classic_columns_tablet&quot;:&quot;2&quot;,&quot;classic_columns_mobile&quot;:&quot;1&quot;,&quot;classic_row_gap_tablet&quot;:{&quot;unit&quot;:&quot;px&quot;,&quot;size&quot;:&quot;&quot;,&quot;sizes&quot;:[]},&quot;classic_row_gap_mobile&quot;:{&quot;unit&quot;:&quot;px&quot;,&quot;size&quot;:&quot;&quot;,&quot;sizes&quot;:[]}}\" data-widget_type=\"posts.classic\">\n\t\t\t\t<div class=\"elementor-widget-container\">\n\t\t\t\t\t\t\t<div class=\"elementor-posts-container elementor-posts elementor-posts--skin-classic elementor-grid\">\n\t\t\t\t<article class=\"elementor-post elementor-grid-item post-11055 post type-post status-publish format-standard has-post-thumbnail hentry category-plantas-cabo-degata\">\n\t\t\t\t<a class=\"elementor-post__thumbnail__link\" href=\"https:\/\/www.parquenatural.com\/en\/lentisco-entina\/\" tabindex=\"-1\" >\n\t\t\t<div class=\"elementor-post__thumbnail\"><img fetchpriority=\"high\" decoding=\"async\" width=\"300\" height=\"202\" src=\"https:\/\/www.parquenatural.com\/wp-content\/uploads\/2021\/10\/lentisco-plantas-de-cabo-de-gata-300x202.jpg\" class=\"attachment-medium size-medium wp-image-11057\" alt=\"lentisco plantas de cabo de gata\" srcset=\"https:\/\/www.parquenatural.com\/wp-content\/uploads\/2021\/10\/lentisco-plantas-de-cabo-de-gata-300x202.jpg 300w, https:\/\/www.parquenatural.com\/wp-content\/uploads\/2021\/10\/lentisco-plantas-de-cabo-de-gata-768x517.jpg 768w, https:\/\/www.parquenatural.com\/wp-content\/uploads\/2021\/10\/lentisco-plantas-de-cabo-de-gata-18x12.jpg 18w, https:\/\/www.parquenatural.com\/wp-content\/uploads\/2021\/10\/lentisco-plantas-de-cabo-de-gata.jpg 1024w\" sizes=\"(max-width: 300px) 100vw, 300px\" \/><\/div>\n\t\t<\/a>\n\t\t\t\t<div class=\"elementor-post__text\">\n\t\t\t\t<h3 class=\"elementor-post__title\">\n\t\t\t<a href=\"https:\/\/www.parquenatural.com\/en\/lentisco-entina\/\" >\n\t\t\t\tLentisco, entina\t\t\t<\/a>\n\t\t<\/h3>\n\t\t\t\t<div class=\"elementor-post__excerpt\">\n\t\t\t<p>Pistacia lentiscus L. \u00bfC\u00f3mo es? El lentisco es una anacardi\u00e1cea perenne, dioica, de porte arb\u00f3reo o m\u00e1s frecuentemente arbustivo, de hasta 4-5 m de altura<\/p>\n\t\t<\/div>\n\t\t\n\t\t<a class=\"elementor-post__read-more\" href=\"https:\/\/www.parquenatural.com\/en\/lentisco-entina\/\" aria-label=\"Read more about Lentisco, entina\" tabindex=\"-1\" >\n\t\t\t+ INFO\t\t<\/a>\n\n\t\t\t\t<\/div>\n\t\t\t\t<\/article>\n\t\t\t\t<article class=\"elementor-post elementor-grid-item post-11047 post type-post status-publish format-standard has-post-thumbnail hentry category-plantas-cabo-degata\">\n\t\t\t\t<a class=\"elementor-post__thumbnail__link\" href=\"https:\/\/www.parquenatural.com\/en\/barrilla-fina-espejuelo\/\" tabindex=\"-1\" >\n\t\t\t<div class=\"elementor-post__thumbnail\"><img decoding=\"async\" width=\"300\" height=\"203\" src=\"https:\/\/www.parquenatural.com\/wp-content\/uploads\/2021\/10\/barrilla-fina-espejuelo-plantas-de-cabo-de-gata-300x203.jpg\" class=\"attachment-medium size-medium wp-image-11049\" alt=\"barrilla fina espejuelo plantas de cabo de gata\" srcset=\"https:\/\/www.parquenatural.com\/wp-content\/uploads\/2021\/10\/barrilla-fina-espejuelo-plantas-de-cabo-de-gata-300x203.jpg 300w, https:\/\/www.parquenatural.com\/wp-content\/uploads\/2021\/10\/barrilla-fina-espejuelo-plantas-de-cabo-de-gata-768x520.jpg 768w, https:\/\/www.parquenatural.com\/wp-content\/uploads\/2021\/10\/barrilla-fina-espejuelo-plantas-de-cabo-de-gata-18x12.jpg 18w, https:\/\/www.parquenatural.com\/wp-content\/uploads\/2021\/10\/barrilla-fina-espejuelo-plantas-de-cabo-de-gata.jpg 1024w\" sizes=\"(max-width: 300px) 100vw, 300px\" \/><\/div>\n\t\t<\/a>\n\t\t\t\t<div class=\"elementor-post__text\">\n\t\t\t\t<h3 class=\"elementor-post__title\">\n\t\t\t<a href=\"https:\/\/www.parquenatural.com\/en\/barrilla-fina-espejuelo\/\" >\n\t\t\t\tBarrilla fina, espejuelo\t\t\t<\/a>\n\t\t<\/h3>\n\t\t\t\t<div class=\"elementor-post__excerpt\">\n\t\t\t<p>Halogeton sativus (L.) Moq \u00bfC\u00f3mo es? Esta quenopodi\u00e1cea es una hierba anual, generalmente postrada, de hasta 70-80 cm. Tiene hojas carnosas, cil\u00edndricas, de 5-18 x<\/p>\n\t\t<\/div>\n\t\t\n\t\t<a class=\"elementor-post__read-more\" href=\"https:\/\/www.parquenatural.com\/en\/barrilla-fina-espejuelo\/\" aria-label=\"Read more about Barrilla fina, espejuelo\" tabindex=\"-1\" >\n\t\t\t+ INFO\t\t<\/a>\n\n\t\t\t\t<\/div>\n\t\t\t\t<\/article>\n\t\t\t\t<article class=\"elementor-post elementor-grid-item post-11041 post type-post status-publish format-standard has-post-thumbnail hentry category-plantas-cabo-degata\">\n\t\t\t\t<a class=\"elementor-post__thumbnail__link\" href=\"https:\/\/www.parquenatural.com\/en\/teucrium-freynii-e-rev-ex-willk\/\" tabindex=\"-1\" >\n\t\t\t<div class=\"elementor-post__thumbnail\"><img decoding=\"async\" width=\"300\" height=\"227\" src=\"https:\/\/www.parquenatural.com\/wp-content\/uploads\/2021\/10\/teucrium-freynii-edulis-plantas-de-cabo-de-gata-300x227.jpg\" class=\"attachment-medium size-medium wp-image-11043\" alt=\"teucrium freynii edulis plantas de cabo de gata\" srcset=\"https:\/\/www.parquenatural.com\/wp-content\/uploads\/2021\/10\/teucrium-freynii-edulis-plantas-de-cabo-de-gata-300x227.jpg 300w, https:\/\/www.parquenatural.com\/wp-content\/uploads\/2021\/10\/teucrium-freynii-edulis-plantas-de-cabo-de-gata-768x581.jpg 768w, https:\/\/www.parquenatural.com\/wp-content\/uploads\/2021\/10\/teucrium-freynii-edulis-plantas-de-cabo-de-gata-16x12.jpg 16w, https:\/\/www.parquenatural.com\/wp-content\/uploads\/2021\/10\/teucrium-freynii-edulis-plantas-de-cabo-de-gata.jpg 962w\" sizes=\"(max-width: 300px) 100vw, 300px\" \/><\/div>\n\t\t<\/a>\n\t\t\t\t<div class=\"elementor-post__text\">\n\t\t\t\t<h3 class=\"elementor-post__title\">\n\t\t\t<a href=\"https:\/\/www.parquenatural.com\/en\/teucrium-freynii-e-rev-ex-willk\/\" >\n\t\t\t\tTeucrium freynii \u00c9. Rev. Ex Willk.\t\t\t<\/a>\n\t\t<\/h3>\n\t\t\t\t<div class=\"elementor-post__excerpt\">\n\t\t\t<p>\u00bfSab\u00edas que? Aunque la publicaci\u00f3n de esta especie la realiz\u00f3 H.M. Willkomm debemos su descubrimiento, as\u00ed como el de otros muchos taxones raros y end\u00e9micos<\/p>\n\t\t<\/div>\n\t\t\n\t\t<a class=\"elementor-post__read-more\" href=\"https:\/\/www.parquenatural.com\/en\/teucrium-freynii-e-rev-ex-willk\/\" aria-label=\"Read more about Teucrium freynii \u00c9. Rev. Ex Willk.\" tabindex=\"-1\" >\n\t\t\t+ INFO\t\t<\/a>\n\n\t\t\t\t<\/div>\n\t\t\t\t<\/article>\n\t\t\t\t<article class=\"elementor-post elementor-grid-item post-11033 post type-post status-publish format-standard has-post-thumbnail hentry category-plantas-cabo-degata\">\n\t\t\t\t<a class=\"elementor-post__thumbnail__link\" href=\"https:\/\/www.parquenatural.com\/en\/crujia-mayor-colleja\/\" tabindex=\"-1\" >\n\t\t\t<div class=\"elementor-post__thumbnail\"><img loading=\"lazy\" decoding=\"async\" width=\"300\" height=\"223\" src=\"https:\/\/www.parquenatural.com\/wp-content\/uploads\/2021\/10\/crujia-mayor-edulis-plantas-de-cabo-de-gata-300x223.jpg\" class=\"attachment-medium size-medium wp-image-11035\" alt=\"crujia mayor edulis plantas de cabo de gata\" srcset=\"https:\/\/www.parquenatural.com\/wp-content\/uploads\/2021\/10\/crujia-mayor-edulis-plantas-de-cabo-de-gata-300x223.jpg 300w, https:\/\/www.parquenatural.com\/wp-content\/uploads\/2021\/10\/crujia-mayor-edulis-plantas-de-cabo-de-gata-768x571.jpg 768w, https:\/\/www.parquenatural.com\/wp-content\/uploads\/2021\/10\/crujia-mayor-edulis-plantas-de-cabo-de-gata-16x12.jpg 16w, https:\/\/www.parquenatural.com\/wp-content\/uploads\/2021\/10\/crujia-mayor-edulis-plantas-de-cabo-de-gata.jpg 1024w\" sizes=\"(max-width: 300px) 100vw, 300px\" \/><\/div>\n\t\t<\/a>\n\t\t\t\t<div class=\"elementor-post__text\">\n\t\t\t\t<h3 class=\"elementor-post__title\">\n\t\t\t<a href=\"https:\/\/www.parquenatural.com\/en\/crujia-mayor-colleja\/\" >\n\t\t\t\tCruj\u00eda mayor, colleja\t\t\t<\/a>\n\t\t<\/h3>\n\t\t\t\t<div class=\"elementor-post__excerpt\">\n\t\t\t<p>Bupleurum gibraltaricum Lam \u00bfSab\u00edas que? El g\u00e9nero Bupleurum, distribuido casi totalmente en el hemisferio Norte, ha sido empleado por sus propiedades medicinales desde hace m\u00e1s<\/p>\n\t\t<\/div>\n\t\t\n\t\t<a class=\"elementor-post__read-more\" href=\"https:\/\/www.parquenatural.com\/en\/crujia-mayor-colleja\/\" aria-label=\"Read more about Cruj\u00eda mayor, colleja\" tabindex=\"-1\" >\n\t\t\t+ INFO\t\t<\/a>\n\n\t\t\t\t<\/div>\n\t\t\t\t<\/article>\n\t\t\t\t<article class=\"elementor-post elementor-grid-item post-11027 post type-post status-publish format-standard has-post-thumbnail hentry category-plantas-cabo-degata\">\n\t\t\t\t<a class=\"elementor-post__thumbnail__link\" href=\"https:\/\/www.parquenatural.com\/en\/alcaparra-alcaparrera-tapenera\/\" tabindex=\"-1\" >\n\t\t\t<div class=\"elementor-post__thumbnail\"><img loading=\"lazy\" decoding=\"async\" width=\"231\" height=\"300\" src=\"https:\/\/www.parquenatural.com\/wp-content\/uploads\/2021\/10\/alcaparra-plantas-de-cabo-de-gata-231x300.jpg\" class=\"attachment-medium size-medium wp-image-11029\" alt=\"alcaparra plantas de cabo de gata\" srcset=\"https:\/\/www.parquenatural.com\/wp-content\/uploads\/2021\/10\/alcaparra-plantas-de-cabo-de-gata-231x300.jpg 231w, https:\/\/www.parquenatural.com\/wp-content\/uploads\/2021\/10\/alcaparra-plantas-de-cabo-de-gata-9x12.jpg 9w, https:\/\/www.parquenatural.com\/wp-content\/uploads\/2021\/10\/alcaparra-plantas-de-cabo-de-gata.jpg 564w\" sizes=\"(max-width: 231px) 100vw, 231px\" \/><\/div>\n\t\t<\/a>\n\t\t\t\t<div class=\"elementor-post__text\">\n\t\t\t\t<h3 class=\"elementor-post__title\">\n\t\t\t<a href=\"https:\/\/www.parquenatural.com\/en\/alcaparra-alcaparrera-tapenera\/\" >\n\t\t\t\tAlcaparra, alcaparrera, tapenera\t\t\t<\/a>\n\t\t<\/h3>\n\t\t\t\t<div class=\"elementor-post__excerpt\">\n\t\t\t<p>Capparis spinosa L. subsp. spinosa \u00bfC\u00f3mo es? Estas plantas de la familia Capar\u00e1cea rebrotan cada a\u00f1o de su grueso rizoma, emitiendo tallos rastreros de m\u00e1s<\/p>\n\t\t<\/div>\n\t\t\n\t\t<a class=\"elementor-post__read-more\" href=\"https:\/\/www.parquenatural.com\/en\/alcaparra-alcaparrera-tapenera\/\" aria-label=\"Read more about Alcaparra, alcaparrera, tapenera\" tabindex=\"-1\" >\n\t\t\t+ INFO\t\t<\/a>\n\n\t\t\t\t<\/div>\n\t\t\t\t<\/article>\n\t\t\t\t<article class=\"elementor-post elementor-grid-item post-11020 post type-post status-publish format-standard has-post-thumbnail hentry category-plantas-cabo-degata\">\n\t\t\t\t<a class=\"elementor-post__thumbnail__link\" href=\"https:\/\/www.parquenatural.com\/en\/astragalus-edulis\/\" tabindex=\"-1\" >\n\t\t\t<div class=\"elementor-post__thumbnail\"><img loading=\"lazy\" decoding=\"async\" width=\"300\" height=\"233\" src=\"https:\/\/www.parquenatural.com\/wp-content\/uploads\/2021\/10\/atragalus-edulis-plantas-de-cabo-de-gata-300x233.jpg\" class=\"attachment-medium size-medium wp-image-11022\" alt=\"atragalus edulis plantas de cabo de gata\" srcset=\"https:\/\/www.parquenatural.com\/wp-content\/uploads\/2021\/10\/atragalus-edulis-plantas-de-cabo-de-gata-300x233.jpg 300w, https:\/\/www.parquenatural.com\/wp-content\/uploads\/2021\/10\/atragalus-edulis-plantas-de-cabo-de-gata-768x596.jpg 768w, https:\/\/www.parquenatural.com\/wp-content\/uploads\/2021\/10\/atragalus-edulis-plantas-de-cabo-de-gata-15x12.jpg 15w, https:\/\/www.parquenatural.com\/wp-content\/uploads\/2021\/10\/atragalus-edulis-plantas-de-cabo-de-gata.jpg 989w\" sizes=\"(max-width: 300px) 100vw, 300px\" \/><\/div>\n\t\t<\/a>\n\t\t\t\t<div class=\"elementor-post__text\">\n\t\t\t\t<h3 class=\"elementor-post__title\">\n\t\t\t<a href=\"https:\/\/www.parquenatural.com\/en\/astragalus-edulis\/\" >\n\t\t\t\tAstragalus edulis\t\t\t<\/a>\n\t\t<\/h3>\n\t\t\t\t<div class=\"elementor-post__excerpt\">\n\t\t\t<p>\u00bfC\u00f3mo es? Es una leguminosa anual de hasta 50 cm, postrada y ramificada en la base, presentando de forma dispersa pelos de hasta de 1,2<\/p>\n\t\t<\/div>\n\t\t\n\t\t<a class=\"elementor-post__read-more\" href=\"https:\/\/www.parquenatural.com\/en\/astragalus-edulis\/\" aria-label=\"Read more about Astragalus edulis\" tabindex=\"-1\" >\n\t\t\t+ INFO\t\t<\/a>\n\n\t\t\t\t<\/div>\n\t\t\t\t<\/article>\n\t\t\t\t<article class=\"elementor-post elementor-grid-item post-11016 post type-post status-publish format-standard has-post-thumbnail hentry category-plantas-cabo-degata\">\n\t\t\t\t<a class=\"elementor-post__thumbnail__link\" href=\"https:\/\/www.parquenatural.com\/en\/moral\/\" tabindex=\"-1\" >\n\t\t\t<div class=\"elementor-post__thumbnail\"><img loading=\"lazy\" decoding=\"async\" width=\"300\" height=\"219\" src=\"https:\/\/www.parquenatural.com\/wp-content\/uploads\/2021\/10\/moral-plantas-de-cabo-de-gata-300x219.jpg\" class=\"attachment-medium size-medium wp-image-11018\" alt=\"moral plantas de cabo de gata\" srcset=\"https:\/\/www.parquenatural.com\/wp-content\/uploads\/2021\/10\/moral-plantas-de-cabo-de-gata-300x219.jpg 300w, https:\/\/www.parquenatural.com\/wp-content\/uploads\/2021\/10\/moral-plantas-de-cabo-de-gata-768x562.jpg 768w, https:\/\/www.parquenatural.com\/wp-content\/uploads\/2021\/10\/moral-plantas-de-cabo-de-gata-16x12.jpg 16w, https:\/\/www.parquenatural.com\/wp-content\/uploads\/2021\/10\/moral-plantas-de-cabo-de-gata.jpg 1024w\" sizes=\"(max-width: 300px) 100vw, 300px\" \/><\/div>\n\t\t<\/a>\n\t\t\t\t<div class=\"elementor-post__text\">\n\t\t\t\t<h3 class=\"elementor-post__title\">\n\t\t\t<a href=\"https:\/\/www.parquenatural.com\/en\/moral\/\" >\n\t\t\t\tMoral\t\t\t<\/a>\n\t\t<\/h3>\n\t\t\t\t<div class=\"elementor-post__excerpt\">\n\t\t\t<p>Morus nigra L. \u00bfC\u00f3mo es? El moral es un \u00e1rbol de la familia de las mor\u00e1ceas, de hasta 15 m, caducifolio, de copa amplia y<\/p>\n\t\t<\/div>\n\t\t\n\t\t<a class=\"elementor-post__read-more\" href=\"https:\/\/www.parquenatural.com\/en\/moral\/\" aria-label=\"Read more about Moral\" tabindex=\"-1\" >\n\t\t\t+ INFO\t\t<\/a>\n\n\t\t\t\t<\/div>\n\t\t\t\t<\/article>\n\t\t\t\t<article class=\"elementor-post elementor-grid-item post-11012 post type-post status-publish format-standard has-post-thumbnail hentry category-plantas-cabo-degata\">\n\t\t\t\t<a class=\"elementor-post__thumbnail__link\" href=\"https:\/\/www.parquenatural.com\/en\/serradella\/\" tabindex=\"-1\" >\n\t\t\t<div class=\"elementor-post__thumbnail\"><img loading=\"lazy\" decoding=\"async\" width=\"300\" height=\"230\" src=\"https:\/\/www.parquenatural.com\/wp-content\/uploads\/2021\/10\/serradella-plantas-de-cabo-de-gata-300x230.jpg\" class=\"attachment-medium size-medium wp-image-11014\" alt=\"serradella plantas de cabo de gata\" srcset=\"https:\/\/www.parquenatural.com\/wp-content\/uploads\/2021\/10\/serradella-plantas-de-cabo-de-gata-300x230.jpg 300w, https:\/\/www.parquenatural.com\/wp-content\/uploads\/2021\/10\/serradella-plantas-de-cabo-de-gata-768x589.jpg 768w, https:\/\/www.parquenatural.com\/wp-content\/uploads\/2021\/10\/serradella-plantas-de-cabo-de-gata-16x12.jpg 16w, https:\/\/www.parquenatural.com\/wp-content\/uploads\/2021\/10\/serradella-plantas-de-cabo-de-gata.jpg 1002w\" sizes=\"(max-width: 300px) 100vw, 300px\" \/><\/div>\n\t\t<\/a>\n\t\t\t\t<div class=\"elementor-post__text\">\n\t\t\t\t<h3 class=\"elementor-post__title\">\n\t\t\t<a href=\"https:\/\/www.parquenatural.com\/en\/serradella\/\" >\n\t\t\t\tSerradella\t\t\t<\/a>\n\t\t<\/h3>\n\t\t\t\t<div class=\"elementor-post__excerpt\">\n\t\t\t<p>Klasea flavescens subsp. mucronata (Desf.) Canto &amp; Rivas Mart. \u00bfC\u00f3mo es? Se trata de una hemicript\u00f3fita rizomatosa (una especie vivaz que durante alg\u00fan tiempo permanece<\/p>\n\t\t<\/div>\n\t\t\n\t\t<a class=\"elementor-post__read-more\" href=\"https:\/\/www.parquenatural.com\/en\/serradella\/\" aria-label=\"Read more about Serradella\" tabindex=\"-1\" >\n\t\t\t+ INFO\t\t<\/a>\n\n\t\t\t\t<\/div>\n\t\t\t\t<\/article>\n\t\t\t\t<article class=\"elementor-post elementor-grid-item post-11008 post type-post status-publish format-standard has-post-thumbnail hentry category-plantas-cabo-degata\">\n\t\t\t\t<a class=\"elementor-post__thumbnail__link\" href=\"https:\/\/www.parquenatural.com\/en\/abrepunos\/\" tabindex=\"-1\" >\n\t\t\t<div class=\"elementor-post__thumbnail\"><img loading=\"lazy\" decoding=\"async\" width=\"281\" height=\"300\" src=\"https:\/\/www.parquenatural.com\/wp-content\/uploads\/2021\/10\/abrepunos-plantas-de-cabo-de-gata-281x300.jpg\" class=\"attachment-medium size-medium wp-image-11009\" alt=\"abrepunos plantas de cabo de gata\" srcset=\"https:\/\/www.parquenatural.com\/wp-content\/uploads\/2021\/10\/abrepunos-plantas-de-cabo-de-gata-281x300.jpg 281w, https:\/\/www.parquenatural.com\/wp-content\/uploads\/2021\/10\/abrepunos-plantas-de-cabo-de-gata-11x12.jpg 11w, https:\/\/www.parquenatural.com\/wp-content\/uploads\/2021\/10\/abrepunos-plantas-de-cabo-de-gata.jpg 719w\" sizes=\"(max-width: 281px) 100vw, 281px\" \/><\/div>\n\t\t<\/a>\n\t\t\t\t<div class=\"elementor-post__text\">\n\t\t\t\t<h3 class=\"elementor-post__title\">\n\t\t\t<a href=\"https:\/\/www.parquenatural.com\/en\/abrepunos\/\" >\n\t\t\t\tAbrepu\u00f1os\t\t\t<\/a>\n\t\t<\/h3>\n\t\t\t\t<div class=\"elementor-post__excerpt\">\n\t\t\t<p>Centaurea maroccana Ball \u00bfC\u00f3mo es? Especie anual de hasta 40 cm de aspecto gris lanoso, con tallos erectos que se ramifican desde la base y<\/p>\n\t\t<\/div>\n\t\t\n\t\t<a class=\"elementor-post__read-more\" href=\"https:\/\/www.parquenatural.com\/en\/abrepunos\/\" aria-label=\"Read more about Abrepu\u00f1os\" tabindex=\"-1\" >\n\t\t\t+ INFO\t\t<\/a>\n\n\t\t\t\t<\/div>\n\t\t\t\t<\/article>\n\t\t\t\t<\/div>\n\t\t\n\t\t\t\t<div class=\"e-load-more-anchor\" data-page=\"1\" data-max-page=\"2\" data-next-page=\"https:\/\/www.parquenatural.com\/en\/wp-json\/wp\/v2\/posts\/11059\/page\/2\/\"><\/div>\n\t\t\t\t<nav class=\"elementor-pagination\" aria-label=\"Pagination\">\n\t\t\t<span class=\"page-numbers prev\">&laquo; Anterior<\/span>\n<span aria-current=\"page\" class=\"page-numbers current\"><span class=\"elementor-screen-only\">Page<\/span>1<\/span>\n<a class=\"page-numbers\" href=\"https:\/\/www.parquenatural.com\/en\/wp-json\/wp\/v2\/posts\/11059\/page\/2\/\"><span class=\"elementor-screen-only\">Page<\/span>2<\/a>\n<a class=\"page-numbers next\" href=\"https:\/\/www.parquenatural.com\/en\/wp-json\/wp\/v2\/posts\/11059\/page\/2\/\">Siguiente &raquo;<\/a>\t\t<\/nav>\n\t\t\t\t\t\t<\/div>\n\t\t\t\t<\/div>\n\t\t\t\t\t<\/div>\n\t\t<\/div>\n\t\t\t\t\t<\/div>\n\t\t<\/section>\n\t\t\t\t<\/div>","protected":false},"excerpt":{"rendered":"<p>Plantas que puedes encontrar dentro del Parque Natural de Cabo de Gata<\/p>","protected":false},"author":3,"featured_media":10990,"comment_status":"closed","ping_status":"closed","sticky":false,"template":"elementor_theme","format":"standard","meta":{"footnotes":""},"categories":[2,27],"tags":[],"class_list":["post-11059","post","type-post","status-publish","format-standard","has-post-thumbnail","hentry","category-noticias","category-informacion"],"_links":{"self":[{"href":"https:\/\/www.parquenatural.com\/en\/wp-json\/wp\/v2\/posts\/11059"}],"collection":[{"href":"https:\/\/www.parquenatural.com\/en\/wp-json\/wp\/v2\/posts"}],"about":[{"href":"https:\/\/www.parquenatural.com\/en\/wp-json\/wp\/v2\/types\/post"}],"author":[{"embeddable":true,"href":"https:\/\/www.parquenatural.com\/en\/wp-json\/wp\/v2\/users\/3"}],"replies":[{"embeddable":true,"href":"https:\/\/www.parquenatural.com\/en\/wp-json\/wp\/v2\/comments?post=11059"}],"version-history":[{"count":0,"href":"https:\/\/www.parquenatural.com\/en\/wp-json\/wp\/v2\/posts\/11059\/revisions"}],"wp:featuredmedia":[{"embeddable":true,"href":"https:\/\/www.parquenatural.com\/en\/wp-json\/wp\/v2\/media\/10990"}],"wp:attachment":[{"href":"https:\/\/www.parquenatural.com\/en\/wp-json\/wp\/v2\/media?parent=11059"}],"wp:term":[{"taxonomy":"category","embeddable":true,"href":"https:\/\/www.parquenatural.com\/en\/wp-json\/wp\/v2\/categories?post=11059"},{"taxonomy":"post_tag","embeddable":true,"href":"https:\/\/www.parquenatural.com\/en\/wp-json\/wp\/v2\/tags?post=11059"}],"curies":[{"name":"wp","href":"https:\/\/api.w.org\/{rel}","templated":true}]}}