{"id":11923,"date":"2021-11-11T17:19:14","date_gmt":"2021-11-11T16:19:14","guid":{"rendered":"https:\/\/www.parquenatural.com\/?p=11923"},"modified":"2021-11-11T17:52:52","modified_gmt":"2021-11-11T16:52:52","slug":"areas-protegidas-sin-plastico","status":"publish","type":"post","link":"https:\/\/www.parquenatural.com\/en\/areas-protegidas-sin-plastico\/","title":{"rendered":"\u00bfEst\u00e1n las \u00c1reas Marinas Protegidas libres de pl\u00e1sticos?"},"content":{"rendered":"<div data-elementor-type=\"wp-post\" data-elementor-id=\"11923\" class=\"elementor elementor-11923\" data-elementor-post-type=\"post\">\n\t\t\t\t\t\t<section class=\"elementor-section elementor-top-section elementor-element elementor-element-2eb2fede elementor-section-boxed elementor-section-height-default elementor-section-height-default\" data-id=\"2eb2fede\" data-element_type=\"section\" data-e-type=\"section\">\n\t\t\t\t\t\t<div class=\"elementor-container elementor-column-gap-default\">\n\t\t\t\t\t<div class=\"elementor-column elementor-col-100 elementor-top-column elementor-element elementor-element-439b6923\" data-id=\"439b6923\" data-element_type=\"column\" data-e-type=\"column\">\n\t\t\t<div class=\"elementor-widget-wrap elementor-element-populated\">\n\t\t\t\t\t\t<div class=\"elementor-element elementor-element-d6a5de7 elementor-widget elementor-widget-text-editor\" data-id=\"d6a5de7\" data-element_type=\"widget\" data-e-type=\"widget\" data-widget_type=\"text-editor.default\">\n\t\t\t\t<div class=\"elementor-widget-container\">\n\t\t\t\t\t\t\t\t\t\t\t\t\t\t\t\t\t<\/div>\n\t\t\t\t<\/div>\n\t\t\t\t\t<\/div>\n\t\t<\/div>\n\t\t\t\t\t<\/div>\n\t\t<\/section>\n\t\t\t\t<section class=\"elementor-section elementor-top-section elementor-element elementor-element-5927ac3 elementor-section-boxed elementor-section-height-default elementor-section-height-default\" data-id=\"5927ac3\" data-element_type=\"section\" data-e-type=\"section\">\n\t\t\t\t\t\t<div class=\"elementor-container elementor-column-gap-default\">\n\t\t\t\t\t<div class=\"elementor-column elementor-col-100 elementor-top-column elementor-element elementor-element-25887e0\" data-id=\"25887e0\" data-element_type=\"column\" data-e-type=\"column\">\n\t\t\t<div class=\"elementor-widget-wrap elementor-element-populated\">\n\t\t\t\t\t\t<section class=\"elementor-section elementor-inner-section elementor-element elementor-element-d1f6a35 elementor-section-boxed elementor-section-height-default elementor-section-height-default\" data-id=\"d1f6a35\" data-element_type=\"section\" data-e-type=\"section\" data-settings=\"{&quot;background_background&quot;:&quot;classic&quot;}\">\n\t\t\t\t\t\t<div class=\"elementor-container elementor-column-gap-default\">\n\t\t\t\t\t<div class=\"elementor-column elementor-col-50 elementor-inner-column elementor-element elementor-element-d9b2fc5\" data-id=\"d9b2fc5\" data-element_type=\"column\" data-e-type=\"column\">\n\t\t\t<div class=\"elementor-widget-wrap elementor-element-populated\">\n\t\t\t\t\t\t<div class=\"elementor-element elementor-element-edb47f8 elementor-widget elementor-widget-image\" data-id=\"edb47f8\" data-element_type=\"widget\" data-e-type=\"widget\" data-widget_type=\"image.default\">\n\t\t\t\t<div class=\"elementor-widget-container\">\n\t\t\t\t\t\t\t\t\t\t\t\t\t\t\t<img fetchpriority=\"high\" decoding=\"async\" width=\"543\" height=\"768\" src=\"https:\/\/www.parquenatural.com\/wp-content\/uploads\/2021\/11\/areas-protegidas.jpg\" class=\"attachment-large size-large wp-image-11925\" alt=\"areas protegidas\" srcset=\"https:\/\/www.parquenatural.com\/wp-content\/uploads\/2021\/11\/areas-protegidas.jpg 543w, https:\/\/www.parquenatural.com\/wp-content\/uploads\/2021\/11\/areas-protegidas-212x300.jpg 212w, https:\/\/www.parquenatural.com\/wp-content\/uploads\/2021\/11\/areas-protegidas-8x12.jpg 8w\" sizes=\"(max-width: 543px) 100vw, 543px\" \/>\t\t\t\t\t\t\t\t\t\t\t\t\t\t\t<\/div>\n\t\t\t\t<\/div>\n\t\t\t\t\t<\/div>\n\t\t<\/div>\n\t\t\t\t<div class=\"elementor-column elementor-col-50 elementor-inner-column elementor-element elementor-element-f7b395f\" data-id=\"f7b395f\" data-element_type=\"column\" data-e-type=\"column\" data-settings=\"{&quot;background_background&quot;:&quot;classic&quot;}\">\n\t\t\t<div class=\"elementor-widget-wrap elementor-element-populated\">\n\t\t\t\t\t\t<div class=\"elementor-element elementor-element-65a9bd6 elementor-widget elementor-widget-text-editor\" data-id=\"65a9bd6\" data-element_type=\"widget\" data-e-type=\"widget\" data-widget_type=\"text-editor.default\">\n\t\t\t\t<div class=\"elementor-widget-container\">\n\t\t\t\t\t\t\t\t\t<p>El Mar mediterr\u00e1neo es uno de los mares m\u00e1s contaminados por pl\u00e1sticos. Hay evidencia de que las \u00e1reas marinas protegidas no est\u00e1n libres de basuras, dando una indicaci\u00f3n de la conectividad entre estas \u00e1reas y aquellas sometidas a elevadas presiones humanas (tr\u00e1fico mar\u00edtimo, elevada actividad pesquera, tur\u00edstica e industrial). El proyecto Plastic Busters MPAs tiene como objetivo general contribuir al mantenimiento de la biodiversidad y la preservaci\u00f3n de los ecosistemas naturales en las \u00e1reas marinas implementando un enfoque armonizado contra las basuras marinas. Este proyecto implica acciones que abordan todo el ciclo de gesti\u00f3n de la basura, desde el monitoreo y la evaluaci\u00f3n, hasta la prevenci\u00f3n y mitigaci\u00f3n, as\u00ed como acciones para fortalecer el intercambio de conocimiento y metodolog\u00edas generadas a trav\u00e9s de muestreos en ecosistemas marinos. Durante estos d\u00edas, los resultados obtenidos y las lecciones aprendidas en el Parque Nacional de Cabrera van a ser transferidos a los gestores y a los usuarios del Parque Natural de Cabo de Gata-N\u00edjar.<\/p>\t\t\t\t\t\t\t\t<\/div>\n\t\t\t\t<\/div>\n\t\t\t\t\t<\/div>\n\t\t<\/div>\n\t\t\t\t\t<\/div>\n\t\t<\/section>\n\t\t\t\t\t<\/div>\n\t\t<\/div>\n\t\t\t\t\t<\/div>\n\t\t<\/section>\n\t\t\t\t<section class=\"elementor-section elementor-top-section elementor-element elementor-element-5e0ed84 elementor-section-boxed elementor-section-height-default elementor-section-height-default\" data-id=\"5e0ed84\" data-element_type=\"section\" data-e-type=\"section\">\n\t\t\t\t\t\t<div class=\"elementor-container elementor-column-gap-default\">\n\t\t\t\t\t<div class=\"elementor-column elementor-col-100 elementor-top-column elementor-element elementor-element-de24746\" data-id=\"de24746\" data-element_type=\"column\" data-e-type=\"column\">\n\t\t\t<div class=\"elementor-widget-wrap elementor-element-populated\">\n\t\t\t\t\t\t<section class=\"elementor-section elementor-inner-section elementor-element elementor-element-2c37415 elementor-section-boxed elementor-section-height-default elementor-section-height-default\" data-id=\"2c37415\" data-element_type=\"section\" data-e-type=\"section\" data-settings=\"{&quot;background_background&quot;:&quot;classic&quot;}\">\n\t\t\t\t\t\t<div class=\"elementor-container elementor-column-gap-default\">\n\t\t\t\t\t<div class=\"elementor-column elementor-col-50 elementor-inner-column elementor-element elementor-element-f73d0e0\" data-id=\"f73d0e0\" data-element_type=\"column\" data-e-type=\"column\">\n\t\t\t<div class=\"elementor-widget-wrap elementor-element-populated\">\n\t\t\t\t\t\t<div class=\"elementor-element elementor-element-51e164e elementor-widget elementor-widget-text-editor\" data-id=\"51e164e\" data-element_type=\"widget\" data-e-type=\"widget\" data-widget_type=\"text-editor.default\">\n\t\t\t\t<div class=\"elementor-widget-container\">\n\t\t\t\t\t\t\t\t\t<p>\u00bfEst\u00e1n las \u00c1reas Marinas Protegidas libres de pl\u00e1sticos?: Proyecto Interreg Med de la Uni\u00f3n Europea &#8220;Plastic Busters MPAs: preservando la biodiversidad de los pl\u00e1sticos en las \u00c1reas Marinas Protegidas del Mediterr\u00e1neo\u201d<\/p>\n<p>Descripci\u00f3n: <br \/>La basura marina se encuentra distribuida a lo largo de todos los oc\u00e9anos y mares y, aunque su distribuci\u00f3n viene determinada principalmente por las caracter\u00edsticas oceanogr\u00e1ficas y climatol\u00f3gicas, su presencia est\u00e1 aumentando a nivel mundial. Uno de los emplazamientos de especial inter\u00e9s es el mar Mediterr\u00e1neo debido a que se trata de un mar semi-cerrado que presenta un tiempo de residencia de las aguas marinas elevado y que adem\u00e1s, sus costas est\u00e1n densamente pobladas, albergando un elevado tr\u00e1fico mar\u00edtimo, elevada actividad pesquera, tur\u00edstica e industrial. Es por ello que se trata de uno de los mares m\u00e1s afectados por la contaminaci\u00f3n que, seg\u00fan simulaciones recientes, puede llegar a albergar entre el 5% y el 10% del total de los pl\u00e1sticos a nivel mundial. <br \/>En la presentaci\u00f3n explicaremos, en l\u00edneas generales, las diferentes tipolog\u00edas de pl\u00e1sticos existentes adem\u00e1s de los potenciales efectos que tienen sobre los organismos del medio marino. Esto va a servir de referencia para poder exponer los resultados del caso de estudio del Parque Nacional de Cabrera que se realizaron dentro del marco del proyecto Plastic Busters MPAs.<\/p>\n<p>El proyecto Plastic Busters MPAs tiene como objetivo general contribuir al mantenimiento de la biodiversidad y la preservaci\u00f3n de los ecosistemas naturales en las AMPs pel\u00e1gicas y costeras, definiendo e implementando un enfoque armonizado contra la basura marina. El proyecto implica acciones que abordan todo el ciclo de gesti\u00f3n de la basura marina, desde el monitoreo y la evaluaci\u00f3n hasta la prevenci\u00f3n y mitigaci\u00f3n, as\u00ed como acciones para fortalecer la interconexi\u00f3n entre AMPs pel\u00e1gicas y costeras ubicadas en Italia, Francia, Espa\u00f1a, Croacia, Albania y Grecia.<\/p>\n<p>El equipo Impact@Sea del Centro Oceanogr\u00e1fico de Baleares (IEO, CSIC) ha realizado durante los dos \u00faltimos a\u00f1os un seguimiento de las basuras marinas, dentro del proyecto Plastic Busters MPAs, cuantificando las basuras marinas en todos los compartimentos marinos, incluyendo el agua superficial, el sedimento marino y diferentes organismos vivos, entre otros. Los resultados obtenidos y las lecciones aprendidas en el Parque Nacional de Cabrera van a servir de base para las actividades de transferibilidad de conocimientos que se van a llevar a cabo durante estos dos d\u00edas en el Parque Natural de Cabo de Gata-N\u00edjar.<\/p>\t\t\t\t\t\t\t\t<\/div>\n\t\t\t\t<\/div>\n\t\t\t\t\t<\/div>\n\t\t<\/div>\n\t\t\t\t<div class=\"elementor-column elementor-col-50 elementor-inner-column elementor-element elementor-element-ab1f56e\" data-id=\"ab1f56e\" data-element_type=\"column\" data-e-type=\"column\">\n\t\t\t<div class=\"elementor-widget-wrap elementor-element-populated\">\n\t\t\t\t\t\t<div class=\"elementor-element elementor-element-75855e5 elementor-widget elementor-widget-image\" data-id=\"75855e5\" data-element_type=\"widget\" data-e-type=\"widget\" data-widget_type=\"image.default\">\n\t\t\t\t<div class=\"elementor-widget-container\">\n\t\t\t\t\t\t\t\t\t\t\t\t\t\t\t<img decoding=\"async\" width=\"543\" height=\"768\" src=\"https:\/\/www.parquenatural.com\/wp-content\/uploads\/2021\/11\/areas-protegidas-libres-de-plastico.jpg\" class=\"attachment-large size-large wp-image-11924\" alt=\"areas protegidas libres de plastico\" srcset=\"https:\/\/www.parquenatural.com\/wp-content\/uploads\/2021\/11\/areas-protegidas-libres-de-plastico.jpg 543w, https:\/\/www.parquenatural.com\/wp-content\/uploads\/2021\/11\/areas-protegidas-libres-de-plastico-212x300.jpg 212w, https:\/\/www.parquenatural.com\/wp-content\/uploads\/2021\/11\/areas-protegidas-libres-de-plastico-8x12.jpg 8w\" sizes=\"(max-width: 543px) 100vw, 543px\" \/>\t\t\t\t\t\t\t\t\t\t\t\t\t\t\t<\/div>\n\t\t\t\t<\/div>\n\t\t\t\t\t<\/div>\n\t\t<\/div>\n\t\t\t\t\t<\/div>\n\t\t<\/section>\n\t\t\t\t\t<\/div>\n\t\t<\/div>\n\t\t\t\t\t<\/div>\n\t\t<\/section>\n\t\t\t\t<\/div>","protected":false},"excerpt":{"rendered":"<p>El Mar mediterr\u00e1neo es uno de los mares m\u00e1s contaminados por pl\u00e1sticos. Hay evidencia de que las \u00e1reas marinas protegidas no est\u00e1n libres de basuras,<\/p>","protected":false},"author":3,"featured_media":11925,"comment_status":"closed","ping_status":"closed","sticky":false,"template":"elementor_theme","format":"standard","meta":{"footnotes":""},"categories":[2],"tags":[],"class_list":["post-11923","post","type-post","status-publish","format-standard","has-post-thumbnail","hentry","category-noticias"],"_links":{"self":[{"href":"https:\/\/www.parquenatural.com\/en\/wp-json\/wp\/v2\/posts\/11923"}],"collection":[{"href":"https:\/\/www.parquenatural.com\/en\/wp-json\/wp\/v2\/posts"}],"about":[{"href":"https:\/\/www.parquenatural.com\/en\/wp-json\/wp\/v2\/types\/post"}],"author":[{"embeddable":true,"href":"https:\/\/www.parquenatural.com\/en\/wp-json\/wp\/v2\/users\/3"}],"replies":[{"embeddable":true,"href":"https:\/\/www.parquenatural.com\/en\/wp-json\/wp\/v2\/comments?post=11923"}],"version-history":[{"count":0,"href":"https:\/\/www.parquenatural.com\/en\/wp-json\/wp\/v2\/posts\/11923\/revisions"}],"wp:featuredmedia":[{"embeddable":true,"href":"https:\/\/www.parquenatural.com\/en\/wp-json\/wp\/v2\/media\/11925"}],"wp:attachment":[{"href":"https:\/\/www.parquenatural.com\/en\/wp-json\/wp\/v2\/media?parent=11923"}],"wp:term":[{"taxonomy":"category","embeddable":true,"href":"https:\/\/www.parquenatural.com\/en\/wp-json\/wp\/v2\/categories?post=11923"},{"taxonomy":"post_tag","embeddable":true,"href":"https:\/\/www.parquenatural.com\/en\/wp-json\/wp\/v2\/tags?post=11923"}],"curies":[{"name":"wp","href":"https:\/\/api.w.org\/{rel}","templated":true}]}}