{"id":12386,"date":"2023-10-20T19:45:36","date_gmt":"2023-10-20T17:45:36","guid":{"rendered":"https:\/\/www.parquenatural.com\/?p=12386"},"modified":"2023-11-01T09:25:59","modified_gmt":"2023-11-01T08:25:59","slug":"disfruta-aprende-y-contribuye","status":"publish","type":"post","link":"https:\/\/www.parquenatural.com\/en\/disfruta-aprende-y-contribuye\/","title":{"rendered":"Disfruta, aprende y contribuye"},"content":{"rendered":"<p>Vayas donde vayas nuestra costa te ofrecer\u00e1 paisajes incre\u00edbles. Conocer m\u00e1s esta tierra es algo que nacer\u00e1 de tu curiosidad o asombro ante la belleza de la misma. No obstante y de primeras, podr\u00e1s disfrutar de paisajes incre\u00edbles en esta Reserva de la Biosfera y Geoparque de la UNESCO. Para cuidar este precioso espacio es recomendable leer los carteles y las recomendaciones que te encuentres. Algunas pautas son no salir de los senderos para no perjudicar la biodiversidad que nuestro Parque Natural\u00a0\u00a0alberga -s\u00ed, nuestro, tambi\u00e9n tuyo-. Pero tambi\u00e9n es importante cuidar el paisaje geol\u00f3gico, al que a menudo y hasta hace muy poco no se le ha dado la importancia debida cuando se trataba de lo que llam\u00e1bamos piedras o rocas.<\/p>\n<figure id=\"attachment_12388\" aria-describedby=\"caption-attachment-12388\" style=\"width: 433px\" class=\"wp-caption aligncenter\"><img fetchpriority=\"high\" decoding=\"async\" class=\" wp-image-12388\" title=\"duna fosil escullos\" src=\"https:\/\/www.parquenatural.com\/wp-content\/uploads\/2023\/10\/duna-fosil-escullos-300x169.jpg\" alt=\"duna fosil escullos\" width=\"433\" height=\"244\" srcset=\"https:\/\/www.parquenatural.com\/wp-content\/uploads\/2023\/10\/duna-fosil-escullos-300x169.jpg 300w, https:\/\/www.parquenatural.com\/wp-content\/uploads\/2023\/10\/duna-fosil-escullos-768x433.jpg 768w, https:\/\/www.parquenatural.com\/wp-content\/uploads\/2023\/10\/duna-fosil-escullos-18x10.jpg 18w, https:\/\/www.parquenatural.com\/wp-content\/uploads\/2023\/10\/duna-fosil-escullos.jpg 1024w\" sizes=\"(max-width: 433px) 100vw, 433px\" \/><figcaption id=\"caption-attachment-12388\" class=\"wp-caption-text\">Duna F\u00f3sil de Los Escullos<\/figcaption><\/figure>\n<p>Un claro ejemplo de ello son las advertencias y sanciones que han sido necesarias para proteger la formaci\u00f3n saliente de la duna f\u00f3sil de Los Escullos, a la que mucha gente se ha subido buscando la fotograf\u00eda sin pensar en su fragilidad y el peligro para tu propia vida. Tambi\u00e9n leyendo la carteler\u00eda veremos que no debemos subir por la Duna Viva de M\u00f3nsul, algo que hac\u00edamos desde el desconocimiento pensando que era una sencilla cuesta de arena y que sin embargo es un sistema dunar fr\u00e1gil que debemos proteger entre todas y todos.<\/p>\n<figure id=\"attachment_12389\" aria-describedby=\"caption-attachment-12389\" style=\"width: 436px\" class=\"wp-caption aligncenter\"><img decoding=\"async\" class=\" wp-image-12389\" title=\"Duna Viva de M\u00f3nsul\" src=\"https:\/\/www.parquenatural.com\/wp-content\/uploads\/2023\/10\/monsul07-300x166.jpg\" alt=\"Duna Viva de M\u00f3nsul \" width=\"436\" height=\"241\" srcset=\"https:\/\/www.parquenatural.com\/wp-content\/uploads\/2023\/10\/monsul07-300x166.jpg 300w, https:\/\/www.parquenatural.com\/wp-content\/uploads\/2023\/10\/monsul07-768x425.jpg 768w, https:\/\/www.parquenatural.com\/wp-content\/uploads\/2023\/10\/monsul07-18x10.jpg 18w, https:\/\/www.parquenatural.com\/wp-content\/uploads\/2023\/10\/monsul07.jpg 1000w\" sizes=\"(max-width: 436px) 100vw, 436px\" \/><figcaption id=\"caption-attachment-12389\" class=\"wp-caption-text\">Duna Viva de M\u00f3nsul<\/figcaption><\/figure>\n<p>Por estas acciones podemos adem\u00e1s ser multados: \u201cLas acciones que atenten contra la configuraci\u00f3n geol\u00f3gica de los terrenos se consideran sanci\u00f3n grave con multas desde los 601.02 hasta 60.101.21 euros\u201d.<\/p>\n<p>Y puestos a evolucionar tambi\u00e9n hemos cambiado la costumbre de recoger conchas por recoger pl\u00e1sticos, peque\u00f1as acciones que sumadas son un gran ayuda para nuestro planeta. An\u00edmate, observa, disfruta, aprende y \u00a1contribuye!<\/p>\n<p><em>\u00daltimas noticias: <a href=\"https:\/\/www.diariodealmeria.es\/provincia\/Junta-quiere-vallar-fosil-Escullos_0_1843916045.html\" target=\"_blank\" rel=\"noopener\">La Junta se plantea vallar la duna f\u00f3sil<\/a><\/em><\/p>\n<div class='photonic-wp-stream photonic-stream ' id='photonic-wp-stream-1'>\n\n\t<div id='photonic-wp-stream-1-container' class='title-display-tooltip photonic-level-1-container sizes-present photonic-auto-padded photonic-standard-layout photonic-thumbnail-effect-none' data-photonic-platform=\"wp\" data-photonic-gallery-columns=\"auto\" data-photonic-query=\"order=ASC&amp;orderby=post__in&amp;id=12386&amp;itemtag=figure&amp;icontag=div&amp;captiontag=figcaption&amp;size=thumbnail&amp;include=12403,12402,12391&amp;exclude=&amp;link=&amp;offset=0&amp;layout=square&amp;custom_classes=&amp;alignment=&amp;caption=title&amp;page=1&amp;count=-1&amp;thumb_size=thumbnail&amp;slide_size=large&amp;type=default&amp;style=square&amp;display=local&amp;ids=12403,12402,12391&amp;main_size=full&amp;columns=auto\">\n\t\t<figure class='photonic-level-1 photonic-thumb'>\n\t\t\t<a href='https:\/\/www.parquenatural.com\/wp-content\/uploads\/2023\/10\/S_SDG_Icons-01-14.jpg' title='S SDG Icons 01 14' rel='lightbox-photonic-wp-stream-1' class='photonic-lb photonic-baguettebox baguettebox' data-photonic-media-type=\"image\" data-content-type=\"image\" data-photonic-deep=\"gallery[photonic-wp-stream-1]\/12403\/\" data-title=\"&lt;a href=&#039;https:\/\/www.parquenatural.com\/en\/disfruta-aprende-y-contribuye\/s_sdg_icons-01-14\/&#039; &gt;S SDG Icons 01 14&lt;\/a&gt;\" data-photonic-tooltip=\"S SDG Icons 01 14\">\n\t\t\t\t<img alt='S SDG Icons 01 14' class='square' data-src='https:\/\/www.parquenatural.com\/wp-content\/uploads\/2023\/10\/S_SDG_Icons-01-14-150x150.jpg' loading='lazy' width='150' height='150' \/>\n\t\t\t<\/a>\n\t\t<\/figure>\n\t\t<figure class='photonic-level-1 photonic-thumb'>\n\t\t\t<a href='https:\/\/www.parquenatural.com\/wp-content\/uploads\/2023\/10\/S_SDG_Icons-01-15-1.jpg' title='S SDG Icons 01 15 (1)' rel='lightbox-photonic-wp-stream-1' class='photonic-lb photonic-baguettebox baguettebox' data-photonic-media-type=\"image\" data-content-type=\"image\" data-photonic-deep=\"gallery[photonic-wp-stream-1]\/12402\/\" data-title=\"&lt;a href=&#039;https:\/\/www.parquenatural.com\/en\/disfruta-aprende-y-contribuye\/s_sdg_icons-01-15-1\/&#039; &gt;S SDG Icons 01 15 (1)&lt;\/a&gt;\" data-photonic-tooltip=\"S SDG Icons 01 15 (1)\">\n\t\t\t\t<img alt='S SDG Icons 01 15 (1)' class='square' data-src='https:\/\/www.parquenatural.com\/wp-content\/uploads\/2023\/10\/S_SDG_Icons-01-15-1-150x150.jpg' loading='lazy' width='150' height='150' \/>\n\t\t\t<\/a>\n\t\t<\/figure>\n\t\t<figure class='photonic-level-1 photonic-thumb'>\n\t\t\t<a href='https:\/\/www.parquenatural.com\/wp-content\/uploads\/2023\/10\/pluggin-santi.jpg' title='Recogiendo Pl\u00e1sticos' rel='lightbox-photonic-wp-stream-1' class='photonic-lb photonic-baguettebox baguettebox' data-photonic-media-type=\"image\" data-content-type=\"image\" data-photonic-deep=\"gallery[photonic-wp-stream-1]\/12391\/\" data-title=\"&lt;a href=&#039;https:\/\/www.parquenatural.com\/en\/disfruta-aprende-y-contribuye\/pluggin-santi\/&#039; &gt;Recogiendo Pl\u00e1sticos&lt;\/a&gt;\" data-photonic-tooltip=\"Recogiendo Pl\u00e1sticos\">\n\t\t\t\t<img alt='Recogiendo Pl\u00e1sticos' class='square' data-src='https:\/\/www.parquenatural.com\/wp-content\/uploads\/2023\/10\/pluggin-santi-150x150.jpg' loading='lazy' width='150' height='150' \/>\n\t\t\t<\/a>\n\t\t<\/figure>\n\n\t<\/div> <!-- .\/photonic-level-1-container -->\n\t<span id='photonic-wp-stream-1-container-end'><\/span>\n<\/div><!-- .photonic-stream or .photonic-panel -->\n\n<table class=\"aligncenter\" style=\"height: 2443px;\" border=\"1\" width=\"674\">\n<tbody>\n<tr>\n<td colspan=\"2\">\n<h2 style=\"text-align: center;\"><strong>NORMAS Y RECOMENDACIONES PARA LA CONSERVACI\u00d3N DEL PARQUE NATURAL CABO DE GATA N\u00cdJAR<\/strong><\/h2>\n<p style=\"text-align: center;\"><strong>LA CONSERVACI\u00d3N DEL PARQUE NATURAL CABO DE GATA-N\u00cdJAR TAMBI\u00c9N DEPENDE DE TI. GRACIAS POR TU COLABORACI\u00d3N<\/strong><\/p>\n<\/td>\n<\/tr>\n<tr>\n<td><img decoding=\"async\" class=\"aligncenter size-full wp-image-6908 lazyloaded\" src=\"https:\/\/cabodegata.net\/wp-content\/uploads\/2021\/08\/Contenedor-basura.png\" sizes=\"(min-width: 0px) and (max-width: 480px) 480px, (min-width: 481px) 640px, 100vw\" srcset=\"https:\/\/cabodegata.net\/wp-content\/uploads\/2021\/08\/Contenedor-basura.png 640w, https:\/\/cabodegata.net\/wp-content\/uploads\/2021\/08\/Contenedor-basura-480x480.png 480w\" alt=\"\" width=\"640\" height=\"640\" data-srcset=\"https:\/\/cabodegata.net\/wp-content\/uploads\/2021\/08\/Contenedor-basura.png 640w, https:\/\/cabodegata.net\/wp-content\/uploads\/2021\/08\/Contenedor-basura-480x480.png 480w\" data-src=\"https:\/\/cabodegata.net\/wp-content\/uploads\/2021\/08\/Contenedor-basura.png\" data-sizes=\"(min-width: 0px) and (max-width: 480px) 480px, (min-width: 481px) 640px, 100vw\" \/><\/td>\n<td><strong>DEPOSITAR LA BASURA EN CONTENEDORES HABILITADOS PARA TAL FIN<\/strong><\/p>\n<p>La basura no debe abandonarse fuera de contendores habilitados para ello. En los lugares donde no existan contenedores cercanos, lleve su basura hasta el n\u00facleo urbano m\u00e1s pr\u00f3ximo y localice uno para depositarla.<\/td>\n<\/tr>\n<tr>\n<td><img loading=\"lazy\" decoding=\"async\" class=\"aligncenter size-full wp-image-6923 lazyloaded\" src=\"https:\/\/cabodegata.net\/wp-content\/uploads\/2021\/08\/NO-acampar.png\" sizes=\"(min-width: 0px) and (max-width: 480px) 480px, (min-width: 481px) 640px, 100vw\" srcset=\"https:\/\/cabodegata.net\/wp-content\/uploads\/2021\/08\/NO-acampar.png 640w, https:\/\/cabodegata.net\/wp-content\/uploads\/2021\/08\/NO-acampar-480x480.png 480w\" alt=\"\" width=\"640\" height=\"640\" data-srcset=\"https:\/\/cabodegata.net\/wp-content\/uploads\/2021\/08\/NO-acampar.png 640w, https:\/\/cabodegata.net\/wp-content\/uploads\/2021\/08\/NO-acampar-480x480.png 480w\" data-src=\"https:\/\/cabodegata.net\/wp-content\/uploads\/2021\/08\/NO-acampar.png\" data-sizes=\"(min-width: 0px) and (max-width: 480px) 480px, (min-width: 481px) 640px, 100vw\" \/><\/td>\n<td><strong>NO SE PERMITE LA ACAMPADA LIBRE<\/strong><\/p>\n<p>En Andaluc\u00eda est\u00e1 prohibida la acampada libre en virtud del art\u00edculo 3 del Decreto 164\/2003 (BOJA 122 de 27 de junio de 2003). La acampada est\u00e1 permitida en los campamentos de turismo debidamente autorizados.<\/td>\n<\/tr>\n<tr>\n<td><img loading=\"lazy\" decoding=\"async\" class=\"aligncenter size-full wp-image-6924 lazyloaded\" src=\"https:\/\/cabodegata.net\/wp-content\/uploads\/2021\/08\/NO-autocaravanas.png\" sizes=\"(min-width: 0px) and (max-width: 480px) 480px, (min-width: 481px) 640px, 100vw\" srcset=\"https:\/\/cabodegata.net\/wp-content\/uploads\/2021\/08\/NO-autocaravanas.png 640w, https:\/\/cabodegata.net\/wp-content\/uploads\/2021\/08\/NO-autocaravanas-480x480.png 480w\" alt=\"\" width=\"640\" height=\"640\" data-srcset=\"https:\/\/cabodegata.net\/wp-content\/uploads\/2021\/08\/NO-autocaravanas.png 640w, https:\/\/cabodegata.net\/wp-content\/uploads\/2021\/08\/NO-autocaravanas-480x480.png 480w\" data-src=\"https:\/\/cabodegata.net\/wp-content\/uploads\/2021\/08\/NO-autocaravanas.png\" data-sizes=\"(min-width: 0px) and (max-width: 480px) 480px, (min-width: 481px) 640px, 100vw\" \/><\/td>\n<td><strong>NO SE PERMITEN AUTOCARAVANAS FUERA DE \u00c1REAS DE ACAMPADA, ENTRE EL OCASO Y EL AMANECER<\/strong><\/p>\n<p>El PORN del Parque Natural proh\u00edbe la acampada y el aparcamiento permanente o temporal fuera de los campamentos de turismo y \u00e1reas de acampada entre el ocaso y la salida del sol, de veh\u00edculos habilitados como viviendas (autocaravanas entre otros).<\/td>\n<\/tr>\n<tr>\n<td><img loading=\"lazy\" decoding=\"async\" class=\"aligncenter size-full wp-image-6929 lazyloaded\" src=\"https:\/\/cabodegata.net\/wp-content\/uploads\/2021\/08\/NO-recolectar.png\" sizes=\"(min-width: 0px) and (max-width: 480px) 480px, (min-width: 481px) 640px, 100vw\" srcset=\"https:\/\/cabodegata.net\/wp-content\/uploads\/2021\/08\/NO-recolectar.png 640w, https:\/\/cabodegata.net\/wp-content\/uploads\/2021\/08\/NO-recolectar-480x480.png 480w\" alt=\"\" width=\"640\" height=\"640\" data-srcset=\"https:\/\/cabodegata.net\/wp-content\/uploads\/2021\/08\/NO-recolectar.png 640w, https:\/\/cabodegata.net\/wp-content\/uploads\/2021\/08\/NO-recolectar-480x480.png 480w\" data-src=\"https:\/\/cabodegata.net\/wp-content\/uploads\/2021\/08\/NO-recolectar.png\" data-sizes=\"(min-width: 0px) and (max-width: 480px) 480px, (min-width: 481px) 640px, 100vw\" \/><\/td>\n<td><strong>RESPETA LA VIDA SILVESTRE. EVITA DA\u00d1AR LA FLORA Y MOLESTAR A LA FAUNA<\/strong><\/p>\n<p>Evita da\u00f1ar la flora y molestar a la fauna del Parque Natural. Existen especies de plantas amenazadas. Con car\u00e1cter general est\u00e1 prohibida la tala o recolecci\u00f3n de especies silvestres (con fines comerciales se requiere autorizaci\u00f3n expresa)<\/td>\n<\/tr>\n<tr>\n<td><img loading=\"lazy\" decoding=\"async\" class=\"aligncenter size-full wp-image-6901 lazyloaded\" src=\"https:\/\/cabodegata.net\/wp-content\/uploads\/2021\/08\/NO-fuego2.png\" sizes=\"(min-width: 0px) and (max-width: 480px) 480px, (min-width: 481px) 640px, 100vw\" srcset=\"https:\/\/cabodegata.net\/wp-content\/uploads\/2021\/08\/NO-fuego2.png 640w, https:\/\/cabodegata.net\/wp-content\/uploads\/2021\/08\/NO-fuego2-480x480.png 480w\" alt=\"\" width=\"640\" height=\"640\" data-srcset=\"https:\/\/cabodegata.net\/wp-content\/uploads\/2021\/08\/NO-fuego2.png 640w, https:\/\/cabodegata.net\/wp-content\/uploads\/2021\/08\/NO-fuego2-480x480.png 480w\" data-src=\"https:\/\/cabodegata.net\/wp-content\/uploads\/2021\/08\/NO-fuego2.png\" data-sizes=\"(min-width: 0px) and (max-width: 480px) 480px, (min-width: 481px) 640px, 100vw\" \/><\/td>\n<td><strong>PROHIBIDO HACER FUEGO<\/strong><\/p>\n<p>Evita llevar a cabo acciones o actividades que puedan provocar un incendio. No arrojes cigarrillos o cualquier otro objeto que pueda producir combusti\u00f3n. Extrema las precauciones en la \u00e9poca de alto riesgo de incendios.<\/td>\n<\/tr>\n<tr>\n<td><img loading=\"lazy\" decoding=\"async\" class=\"aligncenter size-full wp-image-6925 lazyloaded\" src=\"https:\/\/cabodegata.net\/wp-content\/uploads\/2021\/08\/NO-coches.png\" sizes=\"(min-width: 0px) and (max-width: 480px) 480px, (min-width: 481px) 640px, 100vw\" srcset=\"https:\/\/cabodegata.net\/wp-content\/uploads\/2021\/08\/NO-coches.png 640w, https:\/\/cabodegata.net\/wp-content\/uploads\/2021\/08\/NO-coches-480x480.png 480w\" alt=\"\" width=\"640\" height=\"640\" data-srcset=\"https:\/\/cabodegata.net\/wp-content\/uploads\/2021\/08\/NO-coches.png 640w, https:\/\/cabodegata.net\/wp-content\/uploads\/2021\/08\/NO-coches-480x480.png 480w\" data-src=\"https:\/\/cabodegata.net\/wp-content\/uploads\/2021\/08\/NO-coches.png\" data-sizes=\"(min-width: 0px) and (max-width: 480px) 480px, (min-width: 481px) 640px, 100vw\" \/><\/td>\n<td><strong>PROHIBIDO CIRCULAR \u00abCAMPO A TRAV\u00c9S\u00bb<\/strong><\/p>\n<p>El Plan de Ordenaci\u00f3n de los Recursos Naturales (PORN) del Parque Natural proh\u00edbe la circulaci\u00f3n \u00abcampo a trav\u00e9s\u00bb o fuera de los caminos permitidos, con bicicletas, veh\u00edculos a motor y en equino.<\/td>\n<\/tr>\n<tr>\n<td><img loading=\"lazy\" decoding=\"async\" class=\"aligncenter size-full wp-image-6928 lazyloaded\" src=\"https:\/\/cabodegata.net\/wp-content\/uploads\/2021\/08\/NO-pescar.png\" sizes=\"(min-width: 0px) and (max-width: 480px) 480px, (min-width: 481px) 640px, 100vw\" srcset=\"https:\/\/cabodegata.net\/wp-content\/uploads\/2021\/08\/NO-pescar.png 640w, https:\/\/cabodegata.net\/wp-content\/uploads\/2021\/08\/NO-pescar-480x480.png 480w\" alt=\"\" width=\"640\" height=\"640\" data-srcset=\"https:\/\/cabodegata.net\/wp-content\/uploads\/2021\/08\/NO-pescar.png 640w, https:\/\/cabodegata.net\/wp-content\/uploads\/2021\/08\/NO-pescar-480x480.png 480w\" data-src=\"https:\/\/cabodegata.net\/wp-content\/uploads\/2021\/08\/NO-pescar.png\" data-sizes=\"(min-width: 0px) and (max-width: 480px) 480px, (min-width: 481px) 640px, 100vw\" \/><\/td>\n<td><strong>PROHIBIDO PESCAR EN LAS ZONAS DE RESERVA MARINA INTEGRAL<\/strong><\/p>\n<p>El PORN proh\u00edbe la pesca deportiva, la pesca comercial y el marisqueo en aguas interiores en las seis reservas marinas integrales (zonas A2 del PORN).\u00a0<a href=\"https:\/\/www.mapa.gob.es\/es\/pesca\/temas\/proteccion-recursos-pesqueros\/reservas-marinas-de-espana\/cabo-de-gata-nijar\/caracteristicas\/\" target=\"_blank\" rel=\"noopener\">Ver m\u00e1s informaci\u00f3n sobre la Reserva Marina Cabo de Gata-N\u00edjar.<\/a><\/td>\n<\/tr>\n<tr>\n<td><img loading=\"lazy\" decoding=\"async\" class=\"aligncenter size-full wp-image-6926 lazyloaded\" src=\"https:\/\/cabodegata.net\/wp-content\/uploads\/2021\/08\/NO-drones.png\" sizes=\"(min-width: 0px) and (max-width: 480px) 480px, (min-width: 481px) 640px, 100vw\" srcset=\"https:\/\/cabodegata.net\/wp-content\/uploads\/2021\/08\/NO-drones.png 640w, https:\/\/cabodegata.net\/wp-content\/uploads\/2021\/08\/NO-drones-480x480.png 480w\" alt=\"\" width=\"640\" height=\"640\" data-srcset=\"https:\/\/cabodegata.net\/wp-content\/uploads\/2021\/08\/NO-drones.png 640w, https:\/\/cabodegata.net\/wp-content\/uploads\/2021\/08\/NO-drones-480x480.png 480w\" data-src=\"https:\/\/cabodegata.net\/wp-content\/uploads\/2021\/08\/NO-drones.png\" data-sizes=\"(min-width: 0px) and (max-width: 480px) 480px, (min-width: 481px) 640px, 100vw\" \/><\/td>\n<td><strong>NO SE PERMITE LA UTILIZACI\u00d3N DE DRONES PARA USO RECREATIVO<\/strong><\/p>\n<p>El PORN del Parque Natural Cabo de Gata-N\u00edjar proh\u00edbe las actividades relacionadas con actividades recreativas que empleen helic\u00f3pteros, ultraligeros, aviones, avionetas y cualquier veh\u00edculo a\u00e9reo con motor.<\/td>\n<\/tr>\n<tr>\n<td><img loading=\"lazy\" decoding=\"async\" class=\"aligncenter size-full wp-image-6927 lazyloaded\" src=\"https:\/\/cabodegata.net\/wp-content\/uploads\/2021\/08\/NO-perros.png\" sizes=\"(min-width: 0px) and (max-width: 480px) 480px, (min-width: 481px) 640px, 100vw\" srcset=\"https:\/\/cabodegata.net\/wp-content\/uploads\/2021\/08\/NO-perros.png 640w, https:\/\/cabodegata.net\/wp-content\/uploads\/2021\/08\/NO-perros-480x480.png 480w\" alt=\"\" width=\"640\" height=\"640\" data-srcset=\"https:\/\/cabodegata.net\/wp-content\/uploads\/2021\/08\/NO-perros.png 640w, https:\/\/cabodegata.net\/wp-content\/uploads\/2021\/08\/NO-perros-480x480.png 480w\" data-src=\"https:\/\/cabodegata.net\/wp-content\/uploads\/2021\/08\/NO-perros.png\" data-sizes=\"(min-width: 0px) and (max-width: 480px) 480px, (min-width: 481px) 640px, 100vw\" \/><\/td>\n<td><strong>PROHIBIDO EL ACCESO DE ANIMALES DOM\u00c9STICOS A LAS PLAYAS DURANTE LA TEMPORADA DE BA\u00d1O<\/strong><\/p>\n<p>El art\u00edculo 6 del Decreto 194\/1998 (BOJA 122 de 27\/10\/1998) proh\u00edbe durante la temporada de ba\u00f1o (entre el 1 de junio y el 30 de septiembre) el acceso de animales dom\u00e9sticos a las aguas y zonas de ba\u00f1o, con excepci\u00f3n del que resulte preciso para el desarrollo de actividades debidamente autorizadas.<\/td>\n<\/tr>\n<tr>\n<td><img loading=\"lazy\" decoding=\"async\" class=\"wp-image-7056 aligncenter size-full lazyloaded\" src=\"https:\/\/cabodegata.net\/wp-content\/uploads\/2021\/08\/NO-rocas.png\" sizes=\"(min-width: 0px) and (max-width: 480px) 480px, (min-width: 481px) 640px, 100vw\" srcset=\"https:\/\/cabodegata.net\/wp-content\/uploads\/2021\/08\/NO-rocas.png 640w, https:\/\/cabodegata.net\/wp-content\/uploads\/2021\/08\/NO-rocas-480x480.png 480w\" alt=\"\" width=\"640\" height=\"640\" data-srcset=\"https:\/\/cabodegata.net\/wp-content\/uploads\/2021\/08\/NO-rocas.png 640w, https:\/\/cabodegata.net\/wp-content\/uploads\/2021\/08\/NO-rocas-480x480.png 480w\" data-src=\"https:\/\/cabodegata.net\/wp-content\/uploads\/2021\/08\/NO-rocas.png\" data-sizes=\"(min-width: 0px) and (max-width: 480px) 480px, (min-width: 481px) 640px, 100vw\" \/><\/td>\n<td><strong>PROHIBIDO SUBIR A LOS SALIENTES DE LAS FORMACIONES ROCOSAS\u00a0<\/strong><strong>DE LA DUNA F\u00d3SIL DE LOS ESCULLOS<\/strong><\/p>\n<p>Est\u00e1 prohibido realizar acciones que atenten contra la configuraci\u00f3n geol\u00f3gica de los terrenos, seg\u00fan establece la Ley 2\/1989, de 18 de julio (BOE 201 de 23\/8\/1989). La duna ool\u00edtica f\u00f3sil de Los Escullos es una formaci\u00f3n geol\u00f3gica fr\u00e1gil con riesgo de fractura.<\/td>\n<\/tr>\n<tr>\n<td><img loading=\"lazy\" decoding=\"async\" class=\"wp-image-7057 aligncenter size-full lazyloaded\" src=\"https:\/\/cabodegata.net\/wp-content\/uploads\/2021\/08\/NO-duna.png\" sizes=\"(min-width: 0px) and (max-width: 480px) 480px, (min-width: 481px) 640px, 100vw\" srcset=\"https:\/\/cabodegata.net\/wp-content\/uploads\/2021\/08\/NO-duna.png 640w, https:\/\/cabodegata.net\/wp-content\/uploads\/2021\/08\/NO-duna-480x480.png 480w\" alt=\"\" width=\"640\" height=\"640\" data-srcset=\"https:\/\/cabodegata.net\/wp-content\/uploads\/2021\/08\/NO-duna.png 640w, https:\/\/cabodegata.net\/wp-content\/uploads\/2021\/08\/NO-duna-480x480.png 480w\" data-src=\"https:\/\/cabodegata.net\/wp-content\/uploads\/2021\/08\/NO-duna.png\" data-sizes=\"(min-width: 0px) and (max-width: 480px) 480px, (min-width: 481px) 640px, 100vw\" \/><\/td>\n<td><strong>PROHIBIDO SUBIR O TRANSITAR POR LA ZONA DE LA DUNA DE M\u00d3NSUL<\/strong><\/p>\n<p>Est\u00e1 prohibido realizar acciones que atenten contra la configuraci\u00f3n geol\u00f3gica de los terrenos, seg\u00fan establece la Ley 2\/1989, de 18 de julio (BOE 201 de 23\/8\/1989). El sistema dunar de M\u00f3nsul es una formaci\u00f3n geol\u00f3gica fr\u00e1gil.<\/td>\n<\/tr>\n<tr>\n<td><img loading=\"lazy\" decoding=\"async\" class=\"aligncenter size-full wp-image-6930 lazyloaded\" src=\"https:\/\/cabodegata.net\/wp-content\/uploads\/2021\/08\/Velocidad-40.png\" sizes=\"(min-width: 0px) and (max-width: 480px) 480px, (min-width: 481px) 640px, 100vw\" srcset=\"https:\/\/cabodegata.net\/wp-content\/uploads\/2021\/08\/Velocidad-40.png 640w, https:\/\/cabodegata.net\/wp-content\/uploads\/2021\/08\/Velocidad-40-480x480.png 480w\" alt=\"\" width=\"640\" height=\"640\" data-srcset=\"https:\/\/cabodegata.net\/wp-content\/uploads\/2021\/08\/Velocidad-40.png 640w, https:\/\/cabodegata.net\/wp-content\/uploads\/2021\/08\/Velocidad-40-480x480.png 480w\" data-src=\"https:\/\/cabodegata.net\/wp-content\/uploads\/2021\/08\/Velocidad-40.png\" data-sizes=\"(min-width: 0px) and (max-width: 480px) 480px, (min-width: 481px) 640px, 100vw\" \/><\/td>\n<td><strong>PROHIBIDO CIRCULAR A M\u00c1S DE 40 km\/h POR CAMINOS Y PISTAS FORESTALES<\/strong><\/p>\n<p>El PORN del Parque Natural proh\u00edbe para las actividades de uso p\u00fablico, la circulaci\u00f3n de veh\u00edculos por caminos y pistas forestales a velocidades superiores a 40 km\/h, salvo indicaci\u00f3n expresa que establezca un l\u00edmite diferente.<\/td>\n<\/tr>\n<\/tbody>\n<\/table>\n<p>&nbsp;<\/p>\n<p>&nbsp;<\/p>\n<p>&nbsp;<\/p>\n","protected":false},"excerpt":{"rendered":"<p>Vayas donde vayas nuestra costa te ofrecer\u00e1 paisajes incre\u00edbles. Conocer m\u00e1s esta tierra es algo que nacer\u00e1 de tu curiosidad o asombro ante la belleza<\/p>","protected":false},"author":3,"featured_media":12388,"comment_status":"closed","ping_status":"closed","sticky":false,"template":"","format":"standard","meta":{"footnotes":""},"categories":[2],"tags":[60,49,72,73,58,74,63,47,62,61,59],"class_list":["post-12386","post","type-post","status-publish","format-standard","has-post-thumbnail","hentry","category-noticias","tag-buenas-practicas","tag-cabo-de-gata","tag-duna-fosil","tag-escullos","tag-geoparque","tag-monsul","tag-objetivos-2030","tag-parque-natural","tag-plugin","tag-reserva-biosfera-ods","tag-sanciones"],"_links":{"self":[{"href":"https:\/\/www.parquenatural.com\/en\/wp-json\/wp\/v2\/posts\/12386"}],"collection":[{"href":"https:\/\/www.parquenatural.com\/en\/wp-json\/wp\/v2\/posts"}],"about":[{"href":"https:\/\/www.parquenatural.com\/en\/wp-json\/wp\/v2\/types\/post"}],"author":[{"embeddable":true,"href":"https:\/\/www.parquenatural.com\/en\/wp-json\/wp\/v2\/users\/3"}],"replies":[{"embeddable":true,"href":"https:\/\/www.parquenatural.com\/en\/wp-json\/wp\/v2\/comments?post=12386"}],"version-history":[{"count":0,"href":"https:\/\/www.parquenatural.com\/en\/wp-json\/wp\/v2\/posts\/12386\/revisions"}],"wp:featuredmedia":[{"embeddable":true,"href":"https:\/\/www.parquenatural.com\/en\/wp-json\/wp\/v2\/media\/12388"}],"wp:attachment":[{"href":"https:\/\/www.parquenatural.com\/en\/wp-json\/wp\/v2\/media?parent=12386"}],"wp:term":[{"taxonomy":"category","embeddable":true,"href":"https:\/\/www.parquenatural.com\/en\/wp-json\/wp\/v2\/categories?post=12386"},{"taxonomy":"post_tag","embeddable":true,"href":"https:\/\/www.parquenatural.com\/en\/wp-json\/wp\/v2\/tags?post=12386"}],"curies":[{"name":"wp","href":"https:\/\/api.w.org\/{rel}","templated":true}]}}