{"id":160,"date":"2005-04-11T00:00:00","date_gmt":"2005-04-10T22:00:00","guid":{"rendered":"https:\/\/www.parquenatural.com\/blog\/noticias-promar-ecologistas-en-accion\/"},"modified":"2005-04-11T00:00:00","modified_gmt":"2005-04-10T22:00:00","slug":"noticias-promar-ecologistas-en-accion","status":"publish","type":"post","link":"https:\/\/www.parquenatural.com\/en\/noticias-promar-ecologistas-en-accion\/","title":{"rendered":"NOTICIAS PROMAR Ecologistas en Acci\u00f3n"},"content":{"rendered":"<p>PR O M A R. PROGRAMA de RECUPERACI\u00d3N de FAUNA MARINA de ALMER\u00cdA. Miembro de la SOCIEDAD ESPA\u00d1OLA DE CET\u00c1CEOSVARAMIENTO<br \/>\nDE UN ZIFIO DE CUVIER EN ALMER\u00cdA 10 de abril de 2005.<\/p>\n<p>\u00a0<\/p>\n<table width=\"67%\" border=\"0\">\n<tr>\n<td width=\"23%\" bgcolor=\"#FFFFFF\">\n<p align=\"center\"> <font color=\"#FFFFFF\" face=\"Arial, Helvetica, sans-serif\"><strong><br \/>\n        <img decoding=\"async\" src=\"imagenes\/noticias\/sec.jpg\" width=\"49\" height=\"62\">P<\/strong><\/font><\/p>\n<p><font color=\"#000066\" face=\"Arial, Helvetica, sans-serif\"><strong> <\/strong><\/font><\/p>\n<\/td>\n<td width=\"58%\" bgcolor=\"#FFFFFF\">\n<div align=\"center\"><font color=\"#FFFFFF\" face=\"Arial, Helvetica, sans-serif\"><strong><font color=\"#000066\" size=\"5\"><br \/>\n        PR O M A R <\/font><\/strong><\/font><\/div>\n<\/td>\n<td width=\"19%\" bgcolor=\"#FFFFFF\"><font color=\"#FFFFFF\" face=\"Arial, Helvetica, sans-serif\"><strong><font color=\"#000066\"><img decoding=\"async\" src=\"imagenes\/noticias\/promar.jpg\" width=\"97\" height=\"41\"><\/font><\/strong><\/font><\/td>\n<\/tr>\n<tr>\n<td colspan=\"3\" bgcolor=\"#FFFFFF\">\n<p align=\"center\"><font color=\"#000066\" face=\"Arial, Helvetica, sans-serif\"><strong><br \/>\n        PROGRAMA de RECUPERACI\u00d3N de FAUNA MARINA de ALMER\u00cdA<\/strong><\/font><\/p>\n<p align=\"center\"><font color=\"#000066\" face=\"Arial, Helvetica, sans-serif\"><strong>Miembro<br \/>\n        de la SOCIEDAD ESPA\u00d1OLA DE CET\u00c1CEOS<\/strong><\/font><\/p>\n<\/td>\n<\/tr>\n<tr>\n<td colspan=\"3\" bgcolor=\"#009999\">\n<p><font color=\"#FFFFFF\" face=\"Arial, Helvetica, sans-serif\"><strong>VARAMIENTO<br \/>\n        DE UN ZIFIO DE CUVIER EN ALMER\u00cdA 10 de abril de 2005<\/strong><\/font><\/p>\n<\/p>\n<p><font color=\"#FFFFFF\" face=\"Arial, Helvetica, sans-serif\"><strong>El<br \/>\n        pasado s\u00e1bado un equipo de la Red de Varamientos de PROMAR-Almer\u00eda<br \/>\n        (Programa de Recuperaci\u00f3n de Fauna Marina de Almer\u00eda), atendieron<br \/>\n        el varamiento de un ejemplar de un Zifio de cuvier (Ziphio cavirostris)<br \/>\n        que se encontraba muerto.<\/strong><\/font><\/p>\n<\/p>\n<p><font color=\"#FFFFFF\" face=\"Arial, Helvetica, sans-serif\"><strong>Este<br \/>\n        mam\u00edfero marino, que es uno de los m\u00e1s desconocidos, ha<br \/>\n        sido tristemente \u201cpopularizado\u201d debido a las muertes de m\u00e1s<br \/>\n        de una decena de estos ejemplares provocadas por las maniobras militares<br \/>\n        en aguas de las Islas Canarias.<\/strong><\/font><\/p>\n<\/p>\n<p><font color=\"#FFFFFF\" face=\"Arial, Helvetica, sans-serif\"><strong>Es<br \/>\n        el cuarto ejemplar de esta especie que ha aparecido varado en las costas<br \/>\n        de Almer\u00eda, dos aparecieron muertos, uno en Roquetas de Mar y El<br \/>\n        Ejido, y uno se pudo salvar en el a\u00f1o 2002 en El Ejido.<\/strong><\/font><\/p>\n<\/p>\n<p><font color=\"#FFFFFF\" face=\"Arial, Helvetica, sans-serif\"><strong>\u00c9l<br \/>\n        \u00faltimo apareci\u00f3 en la costa de N\u00edjar, lo comunic\u00f3<br \/>\n        a PROMAR un particular y los servicios de vigilancia de la Reserva Marina<br \/>\n        de Cabo de Gata. Era un ejemplar adulto de 5.45 ms. y estaba siendo abatido<br \/>\n        por las olas del temporal de levante, encontr\u00e1ndose una parte enterrado.<\/strong><\/font><\/p>\n<\/p>\n<p><font color=\"#FFFFFF\" face=\"Arial, Helvetica, sans-serif\"><strong>Por<br \/>\n        los avistamientos que se han efectuado en las costas de Almer\u00eda<br \/>\n        y los datos de que se disponen, existe una poblaci\u00f3n de zifios<br \/>\n        en el llamado \u201cca\u00f1\u00f3n de Almer\u00eda\u201d frente<br \/>\n        a la costa del poniente de Almer\u00eda. Y se ha solicitado al gobierno<br \/>\n        que en esta zona no se realicen actividades militares que utilicen sonares<br \/>\n        activos de media y baja frecuencia. En principio parece que la administraci\u00f3n<br \/>\n        central ha comunicado que no se practicar\u00e1n maniobras con este<br \/>\n        tipo de s\u00f3nares, esperando que este compromiso lo mantenga.<\/strong><\/font><\/p>\n<\/p>\n<p><font color=\"#FFFFFF\" face=\"Arial, Helvetica, sans-serif\"><strong>Estos<br \/>\n        huidizos animales tienen las siguientes caracter\u00edsticas:<\/strong><\/font><\/p>\n<p><font color=\"#FFFFFF\" face=\"Arial, Helvetica, sans-serif\"><strong>Longitud.-<br \/>\n        5,5 \u2013 7 m; peso <br \/>\n        Peso.- de 2 a 3 Tm. <br \/>\n        Dientes: Se reducen a un \u00fanico par situado en el extremo de la<br \/>\n        mand\u00edbula inferior. <br \/>\n        Coloraci\u00f3n: parda muy oscura en zona dorsal y flancos, con peque\u00f1as<br \/>\n        manchas y cicatrices. <br \/>\n        Hocico: El pico est\u00e1 poco marcado; se agudiza m\u00e1s con la<br \/>\n        edad. <br \/>\n        Tama\u00f1o del grupo: 1-25 <br \/>\n        Curiosidades: Saltos poco frecuentes, sale del agua casi vertical y cae<br \/>\n        hacia atr\u00e1s de forma torpe. <br \/>\n        Hasta el d\u00eda de hoy la Red de Varamientos de PROMAR ha atendido<br \/>\n        21 varamientos de especies marinas, entre las que se encontraban: 4 delfines<br \/>\n        comunes, 3 delfines listado, 1 delf\u00edn mular, 9 delfines sin identificar<br \/>\n        (por su avanzada descomposici\u00f3n), 1 zifio de cuvier y 3 tortugas<br \/>\n        boba.<\/strong><\/font><\/p>\n<\/p>\n<p><font color=\"#FFFFFF\" face=\"Arial, Helvetica, sans-serif\"><strong>Desde<br \/>\n        PROMAR trabajamos para ayudar a las especies marinas, que necesitan tambi\u00e9n<br \/>\n        la ayuda de todos los ciudadanos, si quieres colaborar o si ves alg\u00fan<br \/>\n        animal varado o con problemas te puedes dirigir a nosotros a trav\u00e9s<br \/>\n        del tel\u00e9fono 649.56.57.12 o a promar.almeria@nodo50.org .<\/strong><\/font><\/p>\n<p><font color=\"#FFFFFF\"><img fetchpriority=\"high\" decoding=\"async\" src=\"imagenes\/noticias\/Zifiodecuvier.jpg\" width=\"640\" height=\"480\"><\/font><\/p>\n<\/td>\n<\/tr>\n<\/table>","protected":false},"excerpt":{"rendered":"<p>PR O M A R. PROGRAMA de RECUPERACI\u00d3N de FAUNA MARINA de ALMER\u00cdA. Miembro de la SOCIEDAD ESPA\u00d1OLA DE CET\u00c1CEOSVARAMIENTO<br \/>\nDE UN ZIFIO DE CUVIER EN ALMER\u00cdA 10 de abril de 2005.<\/p>","protected":false},"author":3,"featured_media":0,"comment_status":"closed","ping_status":"closed","sticky":false,"template":"","format":"standard","meta":{"footnotes":""},"categories":[2],"tags":[],"class_list":["post-160","post","type-post","status-publish","format-standard","hentry","category-noticias"],"_links":{"self":[{"href":"https:\/\/www.parquenatural.com\/en\/wp-json\/wp\/v2\/posts\/160"}],"collection":[{"href":"https:\/\/www.parquenatural.com\/en\/wp-json\/wp\/v2\/posts"}],"about":[{"href":"https:\/\/www.parquenatural.com\/en\/wp-json\/wp\/v2\/types\/post"}],"author":[{"embeddable":true,"href":"https:\/\/www.parquenatural.com\/en\/wp-json\/wp\/v2\/users\/3"}],"replies":[{"embeddable":true,"href":"https:\/\/www.parquenatural.com\/en\/wp-json\/wp\/v2\/comments?post=160"}],"version-history":[{"count":0,"href":"https:\/\/www.parquenatural.com\/en\/wp-json\/wp\/v2\/posts\/160\/revisions"}],"wp:attachment":[{"href":"https:\/\/www.parquenatural.com\/en\/wp-json\/wp\/v2\/media?parent=160"}],"wp:term":[{"taxonomy":"category","embeddable":true,"href":"https:\/\/www.parquenatural.com\/en\/wp-json\/wp\/v2\/categories?post=160"},{"taxonomy":"post_tag","embeddable":true,"href":"https:\/\/www.parquenatural.com\/en\/wp-json\/wp\/v2\/tags?post=160"}],"curies":[{"name":"wp","href":"https:\/\/api.w.org\/{rel}","templated":true}]}}