{"id":161,"date":"2005-04-21T00:00:00","date_gmt":"2005-04-20T22:00:00","guid":{"rendered":"https:\/\/www.parquenatural.com\/blog\/marcha-en-defensa-del-parque-natural-de-cabo-de-gata\/"},"modified":"2005-04-21T00:00:00","modified_gmt":"2005-04-20T22:00:00","slug":"marcha-en-defensa-del-parque-natural-de-cabo-de-gata","status":"publish","type":"post","link":"https:\/\/www.parquenatural.com\/en\/marcha-en-defensa-del-parque-natural-de-cabo-de-gata\/","title":{"rendered":"MARCHA EN DEFENSA DEL PARQUE NATURAL DE CABO DE GATA&#8221;"},"content":{"rendered":"<p>MARCHA EN DEFENSA DEL PARQUE NATURAL DE CABO DE GATA&#8221; El Equipo de www.parquenatural.com se une y apoya esta convocatoria: El acoso urban\u00edstico al que se est\u00e1 sometiendo al Parque Natural de Cabo de Gata, en Almer\u00eda, lugar de especial protecci\u00f3n por su belleza y su peculiar y fr\u00e1gil ecosistema, es alarmante. Por todo esto Ecologistas en Acci\u00f3n, Grupo Ecologista del Mediterr\u00e1neo, Grupo C\u00f3ndor y Asociaci\u00f3n de Amigos del Parque Natural Cabo de Gata,CONVOCAMOS: el DOMINGO 8 DE MAYO, una marcha pacifica desde la Pza. del Castillo de Carboneras hasta la Playa de El Algarrobico, en DEFENSA DEL PARQUE NATURAL. A las 11 de la ma\u00f1ana<\/p>\n<p>\u00a0<\/p>\n<table width=\"100%\" border=\"0\" align=\"center\">\n<tr>\n<td>\n<p><font color=\"#000099\" size=\"2\" face=\"Arial, Helvetica, sans-serif\">&#8220;<strong>MARCHA<br \/>\n        EN DEFENSA DEL PARQUE NATURAL DE CABO DE GATA&#8221;<\/strong><\/font><\/p>\n<p><font color=\"#000099\" size=\"2\" face=\"Arial, Helvetica, sans-serif\"><br \/>\n        El Equipo de www.parquenatural.com se une y apoya esta convocatoria: <\/font><\/p>\n<p>      <font face=\"Arial, Helvetica, sans-serif\"><\/p>\n<p><font color=\"#000099\" size=\"2\">El acoso urban\u00edstico al que se est\u00e1<br \/>\n        sometiendo al Parque Natural de Cabo<br \/>\n        de Gata, en Almer\u00eda, lugar de especial protecci\u00f3n por su<br \/>\n        belleza y su<br \/>\n        peculiar y fr\u00e1gil ecosistema, es alarmante. <br \/>\n        El m\u00e1s llamativo por su tama\u00f1o y por su enclave, es un macrohotel<br \/>\n        en la misma <br \/>\n        playa de El Algarrobico<br \/>\n        (Carboneras), en la misma arena y con m\u00e1s de 20 pisos de altura.<br \/>\n        <br \/>\n        La gran mole se esta terminando de edificar en un espacio protegido y<br \/>\n        en una de<br \/>\n        las \u00faltimas playas v\u00edrgenes del Mediterr\u00e1neo, aunque<br \/>\n        todav\u00eda no han<br \/>\n        empezado con la gigantesca urbanizaci\u00f3n de apartamentos y de otras<br \/>\n        grandes<br \/>\n        edificaciones. Denunciada por parte de las asociaciones ecologistas, las<br \/>\n        administraciones guardan silencio.<\/font><\/p>\n<p><font color=\"#000099\" size=\"2\"><br \/>\n        Por todo esto Ecologistas en Acci\u00f3n, Grupo Ecologista del Mediterr\u00e1neo,<br \/>\n        Grupo C\u00f3ndor y Asociaci\u00f3n de Amigos del Parque Natural Cabo<br \/>\n        de Gata,<\/font><\/p>\n<p><font color=\"#000099\" size=\"2\">CONVOCAMOS,<br \/>\n        el DOMINGO 8 DE MAYO, una marcha pacifica desde la Pza. del Castillo de<br \/>\n        Carboneras hasta la Playa de El Algarrobico, en DEFENSA DEL PARQUE<br \/>\n        NATURAL.<\/font><\/p>\n<p><font color=\"#000099\" size=\"2\">La importancia de que esta convocatoria sea lo<br \/>\n        mas amplia posible, con la<br \/>\n        participaci\u00f3n de asociaciones y personas que deseen preservar el<br \/>\n        deterioro<br \/>\n        de este espacio protegido, no deja lugar a dudas. Cuantas m\u00e1s personas<br \/>\n        formemos la marcha m\u00e1s impacto tendr\u00e1, y la posibilidad<br \/>\n        de parar la<br \/>\n        desmesurada urbanizaci\u00f3n en lugares protegidos que por ley est\u00e1<br \/>\n        prohibida.<br \/>\n        Es por lo que os pedimos que reenvi\u00e9is esta convocatoria a quien<br \/>\n        pueda<br \/>\n        interesar, desde amigos, familiares, asociaciones, medios de<br \/>\n        comunicaci\u00f3n, etc. Cuantos m\u00e1s pies anden mas fuerza tendremos<br \/>\n        para que<br \/>\n        las leyes se cumplan.<\/font><\/p>\n<p><font color=\"#000099\" size=\"2\"><br \/>\n        &#8220;CONSERVA LAS ZONAS PROTEGIDAS.<br \/>\n        SON EL VALOR DE ESTA TIERRA&#8221;<br \/>\n        &#8220;MACROHOTEL FUERA DEL PARQUE&#8221;<\/font><\/p>\n<p><font color=\"#000099\" size=\"2\">OS ESPERAMOS EL DOMINGO 8 DE MAYO, <br \/>\n        EN LA PZA. DEL CASTILLO DE CARBONERAS,<br \/>\n        A LAS 11,00H DE LA MA\u00d1ANA<\/font><\/p>\n<p><font color=\"#000099\" size=\"2\">para mas informaci\u00f3n:<br \/>\n        <a href=\"mailto:almeria@ecologistaenaccion.org\">almeria@ecologistaenaccion.org<\/a><\/font><\/p>\n<p>      <\/font><\/td>\n<\/tr>\n<\/table>","protected":false},"excerpt":{"rendered":"<p>MARCHA EN DEFENSA DEL PARQUE NATURAL DE CABO DE GATA&#8221; El Equipo de www.parquenatural.com se une y apoya esta convocatoria: El acoso urban\u00edstico al que se est\u00e1 sometiendo al Parque Natural de Cabo de Gata, en Almer\u00eda, lugar de especial protecci\u00f3n por su be<\/p>","protected":false},"author":3,"featured_media":0,"comment_status":"closed","ping_status":"closed","sticky":false,"template":"","format":"standard","meta":{"footnotes":""},"categories":[2],"tags":[],"class_list":["post-161","post","type-post","status-publish","format-standard","hentry","category-noticias"],"_links":{"self":[{"href":"https:\/\/www.parquenatural.com\/en\/wp-json\/wp\/v2\/posts\/161"}],"collection":[{"href":"https:\/\/www.parquenatural.com\/en\/wp-json\/wp\/v2\/posts"}],"about":[{"href":"https:\/\/www.parquenatural.com\/en\/wp-json\/wp\/v2\/types\/post"}],"author":[{"embeddable":true,"href":"https:\/\/www.parquenatural.com\/en\/wp-json\/wp\/v2\/users\/3"}],"replies":[{"embeddable":true,"href":"https:\/\/www.parquenatural.com\/en\/wp-json\/wp\/v2\/comments?post=161"}],"version-history":[{"count":0,"href":"https:\/\/www.parquenatural.com\/en\/wp-json\/wp\/v2\/posts\/161\/revisions"}],"wp:attachment":[{"href":"https:\/\/www.parquenatural.com\/en\/wp-json\/wp\/v2\/media?parent=161"}],"wp:term":[{"taxonomy":"category","embeddable":true,"href":"https:\/\/www.parquenatural.com\/en\/wp-json\/wp\/v2\/categories?post=161"},{"taxonomy":"post_tag","embeddable":true,"href":"https:\/\/www.parquenatural.com\/en\/wp-json\/wp\/v2\/tags?post=161"}],"curies":[{"name":"wp","href":"https:\/\/api.w.org\/{rel}","templated":true}]}}