{"id":199,"date":"2015-09-19T00:00:00","date_gmt":"2015-09-18T22:00:00","guid":{"rendered":"https:\/\/www.parquenatural.com\/blog\/aventura-submarina-2018\/"},"modified":"2021-04-16T18:38:01","modified_gmt":"2021-04-16T16:38:01","slug":"aventura-submarina","status":"publish","type":"post","link":"https:\/\/www.parquenatural.com\/en\/aventura-submarina\/","title":{"rendered":"Aventura Submarina"},"content":{"rendered":"<p><span style=\"font-family: arial,helvetica,sans-serif;\"><span style=\"font-size: medium;\">\u00a0&#8220;Aventura  Submarina &#8211; Costa de Almer\u00eda\u201d se desarrollar\u00e1 simult\u00e1neamente en cinco  localidades nijare\u00f1as: La Isleta del Moro,\u00a0\u00a0 Las Negras,\u00a0 Los  Escullos,\u00a0\u00a0 Rodalquilar y\u00a0 San Jos\u00e9.<\/span><\/span><\/p>\n<p>\u00a0<\/p>\n<p><span style=\"font-size: medium;\"><span style=\"font-family: arial, helvetica, sans-serif;\">&#8220;Aventura Submarina &#8211; Costa de Almer\u00eda\u201d, se celebrar\u00e1 los d\u00edas 2, 3 y 4 de octubre de 2015 en el Parque Natural Cabo de Gata \u2013 N\u00edjar, \u00a0en el\u00a0 marco del Programa Almer\u00eda Activa promovido por la Diputaci\u00f3n de Almer\u00eda.<\/p>\n<p>La Actividad ser\u00e1 organizada por <a title=\"ACEBAL \" href=\"http:\/\/acebal.org\/\" target=\"_blank\" rel=\"noopener\">ACEBAL<\/a> (Asociaci\u00f3n de <a title=\"Buceo parque natural Cabo de Gata - N\u00edjar\" href=\"https:\/\/www.parquenatural.com\/en\/buceo-cabo-de-gata\/\" target=\"_blank\" rel=\"noopener\">Centros de Buceo<\/a> de Almer\u00eda) que pondr\u00e1 a disposici\u00f3n de los participantes todo tipo de recursos materiales junto al personal cualificado para el desarrollo de las actividades. Se contar\u00e1 adem\u00e1s con el apoyo del Ayuntamiento de N\u00edjar.<\/p>\n<p>El objetivo es dar a conocer la riqueza submarina de la costa\u00a0 y su inter\u00e9s como recurso tur\u00edstico de gran atractivo para todo tipo de p\u00fablico, desde los submarinistas certificados, hasta aquellos que se quieren iniciar en este deporte.<\/span><\/span><\/p>\n<p>\u00a0<\/p>\n<p style=\"text-align: center;\"><span style=\"font-size: medium;\"><span style=\"font-family: arial, helvetica, sans-serif;\"><img fetchpriority=\"high\" decoding=\"async\" title=\"Fotograf\u00eda Ram\u00f3n Esteban Isub San Jos\u00e9\" src=\"https:\/\/www.parquenatural.com\/static\/fotos\/contenido\/fotoisub.jpg\" alt=\"Fotograf\u00eda Ram\u00f3n Esteban Isub San Jos\u00e9\" width=\"750\" height=\"562\" \/><br \/><\/span><\/span><\/p>\n<p style=\"text-align: center;\"><span style=\"font-size: small;\">Fotograf\u00eda Ram\u00f3n Esteban <a title=\"Isub San Jos\u00e9 - Centro de Buceo en Parque Natural Cabo de Gata N\u00edjar\" href=\"https:\/\/www.parquenatural.com\/en\/enlazando\/isub\/\" target=\"_blank\" rel=\"noopener\">Isub San Jos\u00e9<\/a><\/span><\/p>\n<p><span style=\"font-size: medium;\">\u00a0&#8220;Aventura Submarina &#8211; Costa de Almer\u00eda\u201d se desarrollar\u00e1 simult\u00e1neamente en cinco localidades nijare\u00f1as: La <a title=\"Isleta del Moro -  N\u00edjar\" href=\"https:\/\/www.parquenatural.com\/en\/pueblo\/isletadelmoro\/\" target=\"_blank\" rel=\"noopener\">Isleta del Moro<\/a>,\u00a0\u00a0 <a title=\"Las Negras - N\u00edjar\" href=\"https:\/\/www.parquenatural.com\/en\/pueblo\/lasnegras\/\" target=\"_blank\" rel=\"noopener\">Las Negras<\/a>,\u00a0 <a title=\"Los Escullos - N\u00edjar\" href=\"https:\/\/www.parquenatural.com\/en\/pueblo\/losescullos\/\" target=\"_blank\" rel=\"noopener\">Los Escullos<\/a>,\u00a0\u00a0 <a title=\"Rodalquilar - N\u00edjar\" href=\"https:\/\/www.parquenatural.com\/en\/pueblo\/rodalquilar\/\" target=\"_blank\" rel=\"noopener\">Rodalquilar<\/a> y\u00a0 <a title=\"San Jos\u00e9 - N\u00edjar \" href=\"https:\/\/www.parquenatural.com\/en\/pueblo\/san_jose\/\" target=\"_blank\" rel=\"noopener\">San Jos\u00e9.<\/a><br \/>\u00a0\u00a0\u00a0<\/span><\/p>\n<p><span style=\"font-size: medium;\"> ACTIVIDADES<br \/>\u00a0\u00a0\u00a0 En cada una de las sedes se desarrollaran las siguientes actividades:<br \/>\u00a0\u00a0\u00a0 1 Rutas guiadas para buceadores acreditados.<br \/>\u00a0\u00a0\u00a0 2 Rutas guiadas de buceo con tubo (Snorkelling).<br \/>\u00a0\u00a0\u00a0 3 Bautismo de buceo.<br \/>\u00a0\u00a0\u00a0 4 Curso de Apnea. ( Nivel 1. Certificaci\u00f3n SSI ).<br \/>\u00a0\u00a0\u00a0 5 Concurso de Fotosub. (podr\u00e1 participar todo aquel que este inscrito en cualquiera de las actividades ofertadas, concursando con fotograf\u00edas realizadas durante la actividad).<br \/>\u00a0\u00a0\u00a0 \u2714 Cada actividad contar\u00e1 con 8 o 10 plazas por turno, convoc\u00e1ndose dos turnos de ma\u00f1ana y uno de tarde el s\u00e1bado y dos turnos de ma\u00f1ana el domingo (ver horarios).<br \/>\u00a0\u00a0\u00a0 \u2714 Las plazas en \u00e9stas actividades se otorgar\u00e1n por orden de inscripci\u00f3n entre los participantes en la Aventura Submarina<br \/>\u00a0\u00a0\u00a0 \u201cCosta de Almer\u00eda\u201d.<br \/>\u00a0\u00a0\u00a0 \u2714 La duraci\u00f3n de cada actividad ser\u00e1 de aproximadamente 1.30 &#8211; 2 horas.<br \/>\u00a0\u00a0\u00a0 \u2714 Los participantes podr\u00e1n participar en tantas actividades como se inscriban y abonen, siempre que los horarios sean<br \/>\u00a0\u00a0\u00a0 compatibles y dispongan de plazas libres.<br \/>\u00a0<\/span><\/p>\n<p><span style=\"font-size: medium;\"><br \/><\/span><\/p>\n<p><span style=\"font-size: medium;\">\u00a0\u00a0 ACTIVIDADES COMPLEMENTARIAS<br \/>\u00a0\u00a0\u00a0\u00a0 Sala de Exposiciones del P.N. Cabo de Gata-N\u00edjar en Rodalquilar &#8211; Coste incluido en la inscripci\u00f3n.<br \/>\u00a0\u00a0\u00a0 Viernes 2 de octubre:<br \/>\u00a0\u00a0\u00a0 \u2714 Proyecci\u00f3n del video \u201cCabo de Gata: Mediterr\u00e1neo salvaje.\u201d y \u201cArna, el vapor de Cabo de Gata\u201d.<br \/>\u00a0\u00a0\u00a0 Felipe Javier Garcia Garrido. www.oceanovideo.com<br \/>\u00a0\u00a0\u00a0 \u2714 Charla de medicina hiperb\u00e1rica. \u201cTodo lo que necesitas saber sobre la enfermedad descompresiva\u201d.<br \/>\u00a0\u00a0\u00a0 Dra. Sand\u00edn.<br \/>\u00a0\u00a0\u00a0 \u2714 Charla fotograf\u00eda submarina en apnea. \u201cCaza-fotosub\u201d. Francis Jim\u00e9nez Gazquez.<br \/>\u00a0\u00a0\u00a0 \u2714 Charla de fotograf\u00eda submarina. \u201cFotosub en el P.N. Cabo de Gata\u201d.<br \/>\u00a0\u00a0\u00a0 Juan Antonio Fern\u00e1ndez Narciso, capit\u00e1n del Eq. Andaluz de fotograf\u00eda submarina.<br \/>\u00a0\u00a0\u00a0 S\u00e1bado 3 de octubre.<br \/>\u00a0\u00a0\u00a0 \u2714 Charla medicina hiperb\u00e1rica. \u201cActuaci\u00f3n ante un accidente disb\u00e1rico\u201d.<br \/>\u00a0\u00a0\u00a0 Dr. Guil.<br \/>\u00a0\u00a0\u00a0 \u2714 Charla de fotograf\u00eda submarina. \u201cFondos marinos del P.N. Cabo de Gata-N\u00edjar\u201d.<br \/>\u00a0\u00a0\u00a0 Paco Baringo. www.imagensubmarina.es<br \/>\u00a0\u00a0\u00a0 \u2714 Charla medicina hiperb\u00e1rica. \u201cBotiqu\u00edn para viajes de buceo\u201d.<br \/>\u00a0\u00a0\u00a0 Dra. Pav\u00f3n y Dra. Vaz.<br \/>\u00a0\u00a0\u00a0 \u2714 Encuentro-cocktail de buceadores y participantes de las jornadas.<br \/>\u00a0\u00a0\u00a0 Viernes 2 y s\u00e1bado 3 de octubre.<br \/>\u00a0\u00a0\u00a0 \u2714 Exposici\u00f3n de fotograf\u00eda submarina de los fot\u00f3grafos submarinos.<br \/>\u00a0\u00a0\u00a0 &#8211; Txomin Rivera<br \/>\u00a0\u00a0\u00a0 &#8211; Juan Antonio Fern\u00e1ndez Narciso<br \/>\u00a0\u00a0\u00a0 &#8211; Paco Baringo.<br \/>\u00a0\u00a0\u00a0 \u2714 Servicio de ludoteca s\u00e1bado y domingo por la ma\u00f1ana.<br \/>\u00a0\u00a0\u00a0 \u2714 Actuaci\u00f3n del Mago Kike Potter el s\u00e1bado por la ma\u00f1ana en la ludoteca y por la noche durante el encuentro de buceadores.<br \/>\u00a0\u00a0<\/span><\/p>\n<p>\u00a0<\/p>\n<p>\u00a0<\/p>\n<p style=\"text-align: center;\"><img decoding=\"async\" title=\"Almer\u00eda Activa Aventura Subamarina 2015\" src=\"https:\/\/www.parquenatural.com\/static\/fotos\/contenido\/almeria activa.jpg\" alt=\"Aventura Subamarina 2015 Parque Natural Cabo de Gata N\u00edjar\" width=\"750\" height=\"777\" \/><\/p>\n<p>\u00a0<\/p>\n<p><span style=\"font-size: medium;\">INSCRIPCIONES*:\u00a0 <\/span><span style=\"font-size: medium;\">Hasta el d\u00eda 30 de Septiembre a las 14:00.<br \/><\/span><span style=\"font-size: small;\"><em>(pulsar enlace*)<\/em><\/span><span style=\"font-size: medium;\"><span style=\"font-size: small;\"><em>\u00a0\u00a0<\/em><\/span>\u00a0 <\/span><\/p>\n<p><span style=\"font-size: medium;\">PRECIOS: Bautismo submarino 45\u20ac &#8211; Ruta guiada de Snorkelling desde barco 20 \u20ac &#8211; Ruta guiada para buceadores acreditados 25 \u20ac &#8211; Ruta guiada para buceadores acreditados con equipo completo 35 \u20ac &#8211; Curso de Apnea Certificado (nivel I \u2013 SSI) 225 \u20ac<br \/>\u00a0\u00a0\u00a0 <br \/>HORARIOS <br \/>Viernes 2 y s\u00e1bado 3 de octubre: 9:00,11:00 y 16:00.<br \/>Domingo 4 de Octubre: 9:00 y 11:00.<br \/>Los horarios y la composici\u00f3n de los grupos pueden sufrir variaciones por cuestiones de climatolog\u00eda o de organizaci\u00f3n.<br \/><\/span><\/p>","protected":false},"excerpt":{"rendered":"<p>\u00a0&#8220;Aventura  Submarina &#8211; Costa de Almer\u00eda\u201d se desarrollar\u00e1 simult\u00e1neamente en cinco  localidades nijare\u00f1as: La Isleta del Moro,\u00a0\u00a0 Las Negras,\u00a0 Los  Escullos,\u00a0\u00a0 Rodalquilar y\u00a0 San Jos\u00e9.<\/p>","protected":false},"author":3,"featured_media":0,"comment_status":"closed","ping_status":"closed","sticky":false,"template":"","format":"standard","meta":{"footnotes":""},"categories":[2],"tags":[],"class_list":["post-199","post","type-post","status-publish","format-standard","hentry","category-noticias"],"_links":{"self":[{"href":"https:\/\/www.parquenatural.com\/en\/wp-json\/wp\/v2\/posts\/199"}],"collection":[{"href":"https:\/\/www.parquenatural.com\/en\/wp-json\/wp\/v2\/posts"}],"about":[{"href":"https:\/\/www.parquenatural.com\/en\/wp-json\/wp\/v2\/types\/post"}],"author":[{"embeddable":true,"href":"https:\/\/www.parquenatural.com\/en\/wp-json\/wp\/v2\/users\/3"}],"replies":[{"embeddable":true,"href":"https:\/\/www.parquenatural.com\/en\/wp-json\/wp\/v2\/comments?post=199"}],"version-history":[{"count":0,"href":"https:\/\/www.parquenatural.com\/en\/wp-json\/wp\/v2\/posts\/199\/revisions"}],"wp:attachment":[{"href":"https:\/\/www.parquenatural.com\/en\/wp-json\/wp\/v2\/media?parent=199"}],"wp:term":[{"taxonomy":"category","embeddable":true,"href":"https:\/\/www.parquenatural.com\/en\/wp-json\/wp\/v2\/categories?post=199"},{"taxonomy":"post_tag","embeddable":true,"href":"https:\/\/www.parquenatural.com\/en\/wp-json\/wp\/v2\/tags?post=199"}],"curies":[{"name":"wp","href":"https:\/\/api.w.org\/{rel}","templated":true}]}}