{"id":208,"date":"2006-01-12T00:00:00","date_gmt":"2006-01-11T23:00:00","guid":{"rendered":"https:\/\/www.parquenatural.com\/blog\/nuevo-porn-del-parque-natural-de-cabo-de-gata-nijar\/"},"modified":"2006-01-12T00:00:00","modified_gmt":"2006-01-11T23:00:00","slug":"nuevo-porn-del-parque-natural-de-cabo-de-gata-nijar","status":"publish","type":"post","link":"https:\/\/www.parquenatural.com\/en\/nuevo-porn-del-parque-natural-de-cabo-de-gata-nijar\/","title":{"rendered":"Nuevo PORN del Parque Natural de Cabo de Gata &#8211; Nijar"},"content":{"rendered":"<p>AMPLICIACI\u00d3N PLAZO DE ENTREGA DE ALEGACIONES HASTA EL 20 DE FEBRERO<br \/>\nOs informamos que ya est\u00e1 a exposici\u00f3n p\u00fablica el nuevo PORN (Plan de Ordenaci\u00f3n de los Recursos Naturales) que regir\u00e1 como norma superior el espacio protegido del Parque Natural. Como nos tem\u00edamos, por lo que conoc\u00edamos del proyecto anterior, la protecci\u00f3n de esta Reserva de la Biosfera disminuye notablemente, produci\u00e9ndose un gran riesgo para la conservaci\u00f3n de este fr\u00e1gil ecosistema subdes\u00e9rtico.<\/p>\n<p>\u00a0<\/p>\n<table width=\"90%\" border=\"0\" align=\"center\" cellpadding=\"0\" cellspacing=\"0\">\n<tr>\n<td>\n<p><font size=\"2\"><strong><font color=\"#006600\"><a href=\"\/en\/porn\/01_Decreto_Cabo_de_Gata_Nijar.pdf\/\" target=\"_blank\">Documento<br \/>\n        del Decreto del Porn\u00b7<\/a><\/font><\/strong><\/font><\/p>\n<p><font size=\"2\"><strong><font color=\"#006600\"> En la nueva normativa nos<br \/>\n        encontramos \u00a1\u00a1sin normas especificas en las zonas urbanas!!<br \/>\n        San Jos\u00e9, San Miguel, La Fabriquilla, La Isleta, Rodalquilar, Las<br \/>\n        Negras, Agua Amarga, entre otras, aumentan desmesuradamente de tama\u00f1o,<br \/>\n        en algunas ocasiones quintuplicando la extensi\u00f3n, con lo que se<br \/>\n        producir\u00e1 un abusivo desarrollo urban\u00edstico que pondr\u00e1<br \/>\n        en peligro los ecosistemas naturales, adem\u00e1s de propiciar un desarrollo<br \/>\n        tur\u00edstico de masas impensable para poder conservar un Parque Natural<br \/>\n        tan valioso como es el de Cabo de Gata. A esto podemos sumar los temas<br \/>\n        de infraestructuras, agua potable, aguas residuales, etc., que hasta ahora<br \/>\n        son deficiencias end\u00e9micas en esta zona y que aumentar\u00e1n<br \/>\n        con el consiguiente volumen de poblaci\u00f3n que se espera. <\/font><\/strong><\/font>\n      <\/p>\n<\/p>\n<p><font color=\"#006600\"><strong><font size=\"2\">\u00b7 Tambi\u00e9n<br \/>\n        en el nuevo PORN se potencian grandes \u00e1reas agr\u00edcolas de<br \/>\n        cultivo intensivo de regad\u00edo al aire libre. Zonas que hasta ahora<br \/>\n        han sido de cultivo de secano, la mayor\u00eda terrenos agr\u00edcolas<br \/>\n        abandonados en proceso de regeneraci\u00f3n, se ver\u00e1n sobreexplotados<br \/>\n        por regad\u00edos, que cambiar\u00e1n el ecosistema sub-des\u00e9rtico<br \/>\n        propio de este Parque Natural y radicalmente su paisaje. Algunas de estas<br \/>\n        \u00e1reas est\u00e1n cubriendo zonas de valor paisaj\u00edstico<br \/>\n        y ecol\u00f3gico tan inestimables como la llanura de Genoveses, el valle<br \/>\n        de Rodalquilar, Escullos, etc.). Zonas C1<\/font><\/strong><\/font><\/p>\n<p><font color=\"#006600\"><strong><font size=\"2\">\u00b7 Se ocasionar\u00e1<br \/>\n        una legalizaci\u00f3n de todas las ilegalidades que se han producido<br \/>\n        y ya est\u00e1n denunciadas: invernaderos ilegales, urbanizaciones ilegales<br \/>\n        (Isleta, Algarrobico, Rodalquilar, etc.), etc.<\/font><\/strong><\/font><\/p>\n<\/p>\n<p><font color=\"#006600\"><strong><font size=\"2\">\u00b7 La costa quedar\u00e1<br \/>\n        a merced del desarrollo masivo del turismo; es decir, a excepci\u00f3n<br \/>\n        de las peque\u00f1as zonas de protecci\u00f3n total, las playas m\u00e1s<br \/>\n        importantes (El Playazo, Cala de San Pedro, Genoveses, M\u00f3nsul,<br \/>\n        etc.), por supuesto las de mayor valor paisaj\u00edstico, dejar\u00e1n<br \/>\n        de serlo, dado que se promueve su potenciaci\u00f3n tur\u00edstica<br \/>\n        con las modificaciones de usos para su mayor aprovechamiento; la nueva<br \/>\n        normativa disminuye potencialmente la protecci\u00f3n de toda la costa.<br \/>\n        Zonas B3 y B5.<\/font><\/strong><\/font><\/p>\n<\/p>\n<p><font color=\"#006600\"><strong><font size=\"2\">*La nueva cartograf\u00eda<br \/>\n        del proyecto del PORN se puede ver en <a href=\"http:\/\/www.juntadeandalucia.es\/medioambiente\" target=\"_blank\">www.juntadeandalucia.es\/medioambiente<\/a><\/font><\/strong><\/font><\/p>\n<\/p>\n<p><font color=\"#006600\"><strong><font size=\"2\">Es decir, el Parque Natural<br \/>\n        de Cabo de Gata se convertir\u00e1 en una zona de explotaci\u00f3n<br \/>\n        masiva de turismo y agricultura intensiva, con lo que su protecci\u00f3n<br \/>\n        y conservaci\u00f3n ser\u00e1 imposible, degrad\u00e1ndose uno de<br \/>\n        los \u00fanicos espacios v\u00edrgenes del litoral mediterr\u00e1neo,<br \/>\n        dotado de todas las figuras de protecci\u00f3n: Reserva de la Biosfera,<br \/>\n        LIC (Lugar de Inter\u00e9s Comunitario), Directiva H\u00e1bitat de<br \/>\n        la UE, ZEPA (Zona Especial Protecci\u00f3n de Aves), ZEPIM (Zona Especialmente<br \/>\n        Protegidas de Importancia para el Mediterr\u00e1neo) e incluida en Geoparques2000,<br \/>\n        a\u00fan as\u00ed la Consejer\u00eda de Medio Ambiente pretende<br \/>\n        reducir las leyes de protecci\u00f3n y conservaci\u00f3n a favor de<br \/>\n        la avaricia desmesurada de unos cuantos.<\/font><\/strong><\/font><\/p>\n<\/p>\n<p><font color=\"#006600\"><strong><font size=\"2\">Por todo lo anterior, pedimos<br \/>\n        tu colaboraci\u00f3n en esta CAMPA\u00d1A DE ALEGACIONES P\u00daBLICAS<br \/>\n        AL PORN DE CABO DE GATA. La forma es muy sencilla: junto con esta hoja<br \/>\n        de presentaci\u00f3n te enviamos un archivo adjunto (PDF) con un escrito<br \/>\n        de alegaciones generales que hemos preparado:<\/font><\/strong><\/font><\/p>\n<p><font color=\"#006600\"><strong><font size=\"2\"><br \/>\n        <font color=\"#006600\"><strong><a href=\"\/en\/porn\/alegacionesDEF.pdf\/\" target=\"_blank\">Documento alegaciones Alegaciones<\/a><\/strong><\/font><a href=\"\/en\/porn\/\"><br \/>\n        <\/a><\/font><\/strong><\/font><\/p>\n<p><font color=\"#006600\"><strong><font size=\"2\">\u00b7 Imprime 2 copias;<br \/>\n        rellena tus datos personales y firma las 2 copias.<\/font><\/strong><\/font><\/p>\n<p><font color=\"#006600\"><strong><font size=\"2\">\u00b7 Env\u00edalas<br \/>\n        (las 2) por correo urgente a la direcci\u00f3n postal: <\/font><\/strong><\/font><\/p>\n<p align=\"center\"><strong><font face=\"Arial, Helvetica, sans-serif\">Apartado<br \/>\n        de Correos 15 <br \/>\n        04770 Adra (Almer\u00eda)<\/font><\/strong><\/p>\n<p align=\"center\"><font face=\"Arial, Helvetica, sans-serif\"><strong>Puedes<br \/>\n        contactar con Ecologistas en Acci\u00f3n de Almer\u00eda<\/strong><\/font><\/p>\n<p align=\"center\"><font face=\"Arial, Helvetica, sans-serif\"><strong>Correo:<br \/>\n        <\/strong><a href=\"mailto:almeria@ecologistasenaccion.org\">almeria@ecologistasenaccion.org<\/a><br \/>\n        <\/font><\/p>\n<p align=\"center\"><font face=\"Arial, Helvetica, sans-serif\"><strong>Web:<\/strong><br \/>\n        <a href=\"http:\/\/www.ecologistasenaccion.org\/andalucia\" target=\"_blank\">http:\/\/www.ecologistasenaccion.org\/andalucia<\/a><\/font><br \/>Tel\u00e9fono y fax: 950 40 33 86\n<\/p>\n<\/p>\n<p><font color=\"#006600\"><strong><font size=\"2\">*EL PLAZO PARA LA PRESENTACI\u00d3N<br \/>\n        DE ALEGACIONES ES HASTA EL 30 DE ENERO DE 2006 (debes enviarlas con tiempo<br \/>\n        para que lleguen antes de este d\u00eda).<\/font><\/strong><\/font><\/p>\n<p><font color=\"#006600\"><strong><font size=\"2\"><br \/>\n        <\/font><\/strong><\/font><strong><font size=\"2\"> <\/font><\/strong> <\/p>\n<p> <\/td>\n<\/tr>\n<\/table>","protected":false},"excerpt":{"rendered":"<p>AMPLICIACI\u00d3N PLAZO DE ENTREGA DE ALEGACIONES HASTA EL 20 DE FEBRERO<br \/>\nOs informamos que ya est\u00e1 a exposici\u00f3n p\u00fablica el nuevo PORN (Plan de Ordenaci\u00f3n de los Recursos Naturales) que regir\u00e1 como norma superior el espacio protegido del Parque Natural. Como<\/p>","protected":false},"author":3,"featured_media":0,"comment_status":"closed","ping_status":"closed","sticky":false,"template":"","format":"standard","meta":{"footnotes":""},"categories":[2],"tags":[],"class_list":["post-208","post","type-post","status-publish","format-standard","hentry","category-noticias"],"_links":{"self":[{"href":"https:\/\/www.parquenatural.com\/en\/wp-json\/wp\/v2\/posts\/208"}],"collection":[{"href":"https:\/\/www.parquenatural.com\/en\/wp-json\/wp\/v2\/posts"}],"about":[{"href":"https:\/\/www.parquenatural.com\/en\/wp-json\/wp\/v2\/types\/post"}],"author":[{"embeddable":true,"href":"https:\/\/www.parquenatural.com\/en\/wp-json\/wp\/v2\/users\/3"}],"replies":[{"embeddable":true,"href":"https:\/\/www.parquenatural.com\/en\/wp-json\/wp\/v2\/comments?post=208"}],"version-history":[{"count":0,"href":"https:\/\/www.parquenatural.com\/en\/wp-json\/wp\/v2\/posts\/208\/revisions"}],"wp:attachment":[{"href":"https:\/\/www.parquenatural.com\/en\/wp-json\/wp\/v2\/media?parent=208"}],"wp:term":[{"taxonomy":"category","embeddable":true,"href":"https:\/\/www.parquenatural.com\/en\/wp-json\/wp\/v2\/categories?post=208"},{"taxonomy":"post_tag","embeddable":true,"href":"https:\/\/www.parquenatural.com\/en\/wp-json\/wp\/v2\/tags?post=208"}],"curies":[{"name":"wp","href":"https:\/\/api.w.org\/{rel}","templated":true}]}}