{"id":224,"date":"2021-04-16T00:29:14","date_gmt":"2021-04-15T22:29:14","guid":{"rendered":"https:\/\/www.parquenatural.com\/blog\/ruta-san-jose-cala-de-los-toros\/"},"modified":"2021-04-26T10:07:26","modified_gmt":"2021-04-26T08:07:26","slug":"ruta-san-jose-cala-de-los-toros","status":"publish","type":"post","link":"https:\/\/www.parquenatural.com\/en\/ruta-san-jose-cala-de-los-toros\/","title":{"rendered":"Ruta San Jose- Cala de los Toros"},"content":{"rendered":"<p><span style=\"font-family: verdana,geneva;\"><span style=\"font-size: small;\"><span style=\"color: #993366;\"><strong>RUTA SAN JOS\u00c9 &#8211; CALA DE LOS TOROS: <\/strong><\/span><\/span><\/span><\/p>\n<p><span style=\"font-family: verdana,geneva;\"><span style=\"font-size: x-small;\"><strong>Por Calahiguera, Los Escullos y la Isleta del Moro<\/strong><\/span><\/span><\/p>\n<p><span style=\"font-family: verdana,geneva;\"><span style=\"font-size: x-small;\">Distancia:\u00a0<strong> 14 Km. Lineales. <\/strong><br \/>\nDificultad: <strong>Media.<\/strong><br \/>\nEpoca recomendada: <strong>Todo el a\u00f1o<\/strong>.<\/span><\/span><\/p>\n<p><span style=\"font-family: verdana,geneva;\">\u00a0<\/span><\/p>\n<p><span style=\"font-family: verdana,geneva;\"><span style=\"font-size: small;\"><strong><span style=\"color: #217aa0;\">Partimos de San Jos\u00e9 direcci\u00f3n a la cala de la Higuera por el desvio de camping Tau. <\/span><\/strong><\/span><\/span><\/p>\n<p><span style=\"font-family: verdana,geneva;\"><span style=\"font-size: small;\"><strong><span style=\"color: #217aa0;\">En el cruce de caminos, a 1 Km. aproximadamente del pueblo, tomamos la vereda de la izquierda con un cartel indicativo, que discurre a los pies del cerro del Fraile, (punto mas alto del Parque Natural con sus 494 metros, y al cual no debemos acceder por ser enclave de alto grado de protecci\u00f3n). <\/span><\/strong><\/span><\/span><\/p>\n<p><span style=\"font-family: verdana,geneva;\"><span style=\"font-size: small;\"><strong><span style=\"color: #217aa0;\">Al fondo veremos que el camino asciende casi en vertical, pero al coronar la cima disfrutaremos de unas incre\u00edbles vistas de Cala Higuera, las bah\u00edas de San Jos\u00e9 y Genoveses y la costa escarpada hacia el sur. <\/span><\/strong><\/span><\/span><\/p>\n<p><span style=\"font-family: verdana,geneva;\"><span style=\"font-size: small;\"><strong><span style=\"color: #217aa0;\">A partir de ahora es pr\u00e1cticamente todo descenso hasta los Escullos. <\/span><\/strong><\/span><\/span><\/p>\n<p><span style=\"font-family: verdana,geneva;\"><span style=\"font-size: small;\"><strong><span style=\"color: #217aa0;\">Contemplaremos los acantilados del Cerro de los Frailes, \u00fanicos en el mundo porque debido a la erosi\u00f3n marina corresponden al interior de la caldera volc\u00e1nica de los Frailes, as\u00ed como columnas de basalto y antiguas canteras al pie de las mismas, de donde se extra\u00edan los adoquines para las calles de las ciudades. <\/span><\/strong><\/span><\/span><\/p>\n<p><span style=\"font-family: verdana,geneva;\"><span style=\"font-size: small;\"><strong><span style=\"color: #217aa0;\">Ya casi al finalizar nuestro descenso, veremos tambi\u00e9n una cantera de bentonita, arcilla blanca volc\u00e1nica que es utilizada para numerosos fines. <\/span><\/strong><\/span><\/span><\/p>\n<p><span style=\"font-family: verdana,geneva;\"><span style=\"font-size: small;\"><strong><span style=\"color: #217aa0;\">Todo este recorrido destaca por la gran cantidad de espartos, albaidas, palmitos y retamas. <\/span><\/strong><\/span><\/span><\/p>\n<p><span style=\"font-family: verdana,geneva;\"><span style=\"font-size: small;\"><strong><span style=\"color: #217aa0;\">Llegaremos al Embarcadero de los Escullos, desde el cual podemos subir a la punta del Esparto para poder observar desde un lugar privilegiado la Bater\u00eda de San Felipe, Los Escullos, La Isleta del Moro y toda la costa hasta la fortaleza, situada sobre una duna f\u00f3sil erosionada, construida en s. XVIII para defender la costa del reino de Granada de enemigos y piratas. <\/span><\/strong><\/span><\/span><\/p>\n<p><span style=\"font-family: verdana,geneva;\"><span style=\"font-size: small;\"><strong><span style=\"color: #217aa0;\">Siguiendo por la costa (cartel inicio sendero) llegaremos a la Isleta del Moro; pueblo de pescadores que a\u00fan mantiene su pesca artesanal, sus varaderos y fondeaderos de anta\u00f1o. <\/span><\/strong><\/span><\/span><\/p>\n<p><span style=\"font-family: verdana,geneva;\"><span style=\"font-size: small;\"><strong><span style=\"color: #217aa0;\">Desde aqu\u00ed y siguiendo por la playa del Pe\u00f1\u00f3n Blanco, tomamos una vereda hasta la cala de los Toros o Barranco Negro, de origen volc\u00e1nico que destaca por su manto negruzco y por sus fondos de posidonias, as\u00ed como por el peque\u00f1o bosque de origen antr\u00f3pico de pinos y palmeras. <\/span><\/strong><\/span><\/span><\/p>\n<p><span style=\"font-size: small;\"><strong><span style=\"color: #217aa0;\"><span style=\"font-family: verdana,geneva;\"> Esperamos que disfrut\u00e9is de esta maravillosa ruta.<\/span><br \/>\n<\/span><\/strong><\/span><\/p>","protected":false},"excerpt":{"rendered":"<p>RUTA SAN JOS\u00c9 &#8211; CALA DE LOS TOROS: Por Calahiguera, Los Escullos y la Isleta del Moro Distancia:\u00a0 14 Km. Lineales. Dificultad: Media. Epoca recomendada:<\/p>","protected":false},"author":3,"featured_media":6641,"comment_status":"closed","ping_status":"closed","sticky":false,"template":"elementor_theme","format":"standard","meta":{"footnotes":""},"categories":[4],"tags":[],"class_list":["post-224","post","type-post","status-publish","format-standard","has-post-thumbnail","hentry","category-rutas"],"_links":{"self":[{"href":"https:\/\/www.parquenatural.com\/en\/wp-json\/wp\/v2\/posts\/224"}],"collection":[{"href":"https:\/\/www.parquenatural.com\/en\/wp-json\/wp\/v2\/posts"}],"about":[{"href":"https:\/\/www.parquenatural.com\/en\/wp-json\/wp\/v2\/types\/post"}],"author":[{"embeddable":true,"href":"https:\/\/www.parquenatural.com\/en\/wp-json\/wp\/v2\/users\/3"}],"replies":[{"embeddable":true,"href":"https:\/\/www.parquenatural.com\/en\/wp-json\/wp\/v2\/comments?post=224"}],"version-history":[{"count":0,"href":"https:\/\/www.parquenatural.com\/en\/wp-json\/wp\/v2\/posts\/224\/revisions"}],"wp:featuredmedia":[{"embeddable":true,"href":"https:\/\/www.parquenatural.com\/en\/wp-json\/wp\/v2\/media\/6641"}],"wp:attachment":[{"href":"https:\/\/www.parquenatural.com\/en\/wp-json\/wp\/v2\/media?parent=224"}],"wp:term":[{"taxonomy":"category","embeddable":true,"href":"https:\/\/www.parquenatural.com\/en\/wp-json\/wp\/v2\/categories?post=224"},{"taxonomy":"post_tag","embeddable":true,"href":"https:\/\/www.parquenatural.com\/en\/wp-json\/wp\/v2\/tags?post=224"}],"curies":[{"name":"wp","href":"https:\/\/api.w.org\/{rel}","templated":true}]}}