{"id":229,"date":"2002-03-25T00:00:00","date_gmt":"2002-03-24T23:00:00","guid":{"rendered":"https:\/\/www.parquenatural.com\/blog\/entorno-minero\/"},"modified":"2002-03-25T00:00:00","modified_gmt":"2002-03-24T23:00:00","slug":"entorno-minero","status":"publish","type":"post","link":"https:\/\/www.parquenatural.com\/en\/entorno-minero\/","title":{"rendered":"ENTORNO MINERO"},"content":{"rendered":"<p>Ruta ENTORNO MINERO Rodalquilar &#8211; Cortijo del Fraile &#8211; Albaricoques.<\/p>\n<p>\u00a0<\/p>\n<p>Ruta ENTORNO MINERO Rodalquilar &#8211; Cortijo del Fraile &#8211; Albaricoques.<br \/>\nDistancia: 12<br \/>\nKm. Lineales.<br \/>\nDificultad : Media<br \/>\n\u00c9poca Recomendada: Finales de Invierno y Primavera<\/p>\n<p><font color=\"#006699\" face=\"Arial, Helvetica, sans-serif\"><b>Comenzaremos nuestro<br \/>\n  camino en uno de los lugares con mayor bonanza econ\u00f3mica en esta zona<br \/>\n  hace mas de 50 a\u00f1os, debido a la explotaci\u00f3n de las minas de<br \/>\n  oro que aqu\u00ed se encuentran y que fueron explotadas hasta 1966.<br \/>\n  Debemos ir en direcci\u00f3n a las ruinas de la explotaci\u00f3n minera,<br \/>\n  hoy en proceso de rehabilitaci\u00f3n por la Conserjer\u00eda de Medio Ambiente,<br \/>\n  y pasar por un camino que las bordea hasta llegar a la zona de la misma, en<br \/>\n  donde dejaremos la poblaci\u00f3n para adentrarnos de pleno en una zona \u00e1rida<br \/>\n  con colores muy diversos- debido a la riqueza de algunos m minerales- y con<br \/>\n  muchas cavidades en las cuales no debemos adentrarnos, porque existen bastantes<br \/>\n  bocas de minas por las cuales nos podemos caer. Seguiremos este camino hasta<br \/>\n   donde nos encontraremos un cruce de dos caminos: el primero<br \/>\n  lo tomaremos hacia izquierda, o el segundo hacia la derecha, desde donde se<br \/>\n  podr\u00e1 observar, rodeado por inmensas huertas, el Cortijo del Fraile. Ya en el<br \/>\n  Cortijo observaremos perfectamente el estilo de vida de principios de siglo<br \/>\n  XX.<br \/>\n  Podremos ver una peque\u00f1a ermita, un gran aljibe con sus abrevaderos,<br \/>\n  un corral para el ganado y numerosas dependencias para los jornaleros y sus<br \/>\n  familias que trabajaban los campos.<br \/>\n  Para conocer la importancia real que tiene el Cortijo del Fraile, nos remitiremos<br \/>\n  al conocido drama &#8221; Bodas de Sangre&#8221; de Federico Garc\u00eda Lorca,<br \/>\n  que realmente tuvo lugar en este entorno, \u00f3 a &#8220;Un pu\u00f1ado de claveles&#8221;, de Carmen de Burgos, nacida en Rodalquilar y conocedora directa de la zona, que tambi\u00e9n recrea en esta novela el famoso crimen de Nijar y, sobre todo, los usos y costumbres de esta comarca. Quien des\u00e9e ampliar informaci\u00f3n<br \/>\n  sobre estos sucesos acaecidos en 1928, le recomendamos la lectura del libro<br \/>\n  &#8221; El crimen de Nijar&#8221;, que puede encontrarse en diversos establecimientos<br \/>\n  de Parque Natural.<br \/>\n  Continuamos por la pista hacia el este y cruzaremos por una de las zonas m\u00e1s<br \/>\n  v\u00edrgenes del interior del parque, que corresponde a la estepa interior.<br \/>\n  hasta<\/b><\/font>\n<\/p>\n<p>\n<a href=\"\/en\/rutas\/rutas-1.jpg\/\" target=\"_blank\"><img src=\"rutas\/rutas-1p.jpg\"><\/a><\/p>","protected":false},"excerpt":{"rendered":"<p>Ruta ENTORNO MINERO Rodalquilar &#8211; Cortijo del Fraile &#8211; Albaricoques.<\/p>","protected":false},"author":3,"featured_media":0,"comment_status":"closed","ping_status":"closed","sticky":false,"template":"","format":"standard","meta":{"footnotes":""},"categories":[2],"tags":[],"class_list":["post-229","post","type-post","status-publish","format-standard","hentry","category-noticias"],"_links":{"self":[{"href":"https:\/\/www.parquenatural.com\/en\/wp-json\/wp\/v2\/posts\/229"}],"collection":[{"href":"https:\/\/www.parquenatural.com\/en\/wp-json\/wp\/v2\/posts"}],"about":[{"href":"https:\/\/www.parquenatural.com\/en\/wp-json\/wp\/v2\/types\/post"}],"author":[{"embeddable":true,"href":"https:\/\/www.parquenatural.com\/en\/wp-json\/wp\/v2\/users\/3"}],"replies":[{"embeddable":true,"href":"https:\/\/www.parquenatural.com\/en\/wp-json\/wp\/v2\/comments?post=229"}],"version-history":[{"count":0,"href":"https:\/\/www.parquenatural.com\/en\/wp-json\/wp\/v2\/posts\/229\/revisions"}],"wp:attachment":[{"href":"https:\/\/www.parquenatural.com\/en\/wp-json\/wp\/v2\/media?parent=229"}],"wp:term":[{"taxonomy":"category","embeddable":true,"href":"https:\/\/www.parquenatural.com\/en\/wp-json\/wp\/v2\/categories?post=229"},{"taxonomy":"post_tag","embeddable":true,"href":"https:\/\/www.parquenatural.com\/en\/wp-json\/wp\/v2\/tags?post=229"}],"curies":[{"name":"wp","href":"https:\/\/api.w.org\/{rel}","templated":true}]}}