{"id":517,"date":"2010-12-10T00:00:00","date_gmt":"2010-12-09T23:00:00","guid":{"rendered":"https:\/\/www.parquenatural.com\/blog\/bienvenidos-al-parque\/"},"modified":"2010-12-10T00:00:00","modified_gmt":"2010-12-09T23:00:00","slug":"bienvenidos-al-parque","status":"publish","type":"post","link":"https:\/\/www.parquenatural.com\/en\/bienvenidos-al-parque\/","title":{"rendered":"Bienvenidos al Parque"},"content":{"rendered":"<p>Damos la bienvenida a nuestros nuesvos vecinos de &#8220;comeverde&#8221;<\/p>\n<p>\u00a0<\/p>\n<p>El Parque Natural de Cabo de Gata-N\u00edjar, poco a poco se habita y los pocos moradores encuentran aqu\u00ed una forma sostenible de vida. Esto es un paso hacia la hu\u00edda de esos pueblos fantasmas que tan bien retrataba Manuel Vicent en su &#8220;Son de Mar&#8221;, una novela con edificios fanstasmas a orillas del Mediterr\u00e1neo y con turistas fantasmas que no volver\u00e1n hasta el pr\u00f3ximo Agosto. Por eso, cada vez que alguien se instala en el Parque para ser vecino del Parque, con una forma de vida respetuosa con su entorno, lo celebramos. \u00a1Bienvenidos Vecinos!<\/p>\n<p><img fetchpriority=\"high\" decoding=\"async\" title=\"Cesta de N\u00edjar en el Parque Natural\" src=\"https:\/\/www.parquenatural.com\/static\/fotos\/contenido\/cestanijar.jpg\" alt=\"Cesta de Nijar\" width=\"420\" height=\"375\" \/><\/p>","protected":false},"excerpt":{"rendered":"<p>Damos la bienvenida a nuestros nuesvos vecinos de &#8220;comeverde&#8221; \u00a0 El Parque Natural de Cabo de Gata-N\u00edjar, poco a poco se habita y los pocos<\/p>","protected":false},"author":3,"featured_media":0,"comment_status":"closed","ping_status":"closed","sticky":false,"template":"","format":"standard","meta":{"footnotes":""},"categories":[2],"tags":[],"class_list":["post-517","post","type-post","status-publish","format-standard","hentry","category-noticias"],"_links":{"self":[{"href":"https:\/\/www.parquenatural.com\/en\/wp-json\/wp\/v2\/posts\/517"}],"collection":[{"href":"https:\/\/www.parquenatural.com\/en\/wp-json\/wp\/v2\/posts"}],"about":[{"href":"https:\/\/www.parquenatural.com\/en\/wp-json\/wp\/v2\/types\/post"}],"author":[{"embeddable":true,"href":"https:\/\/www.parquenatural.com\/en\/wp-json\/wp\/v2\/users\/3"}],"replies":[{"embeddable":true,"href":"https:\/\/www.parquenatural.com\/en\/wp-json\/wp\/v2\/comments?post=517"}],"version-history":[{"count":0,"href":"https:\/\/www.parquenatural.com\/en\/wp-json\/wp\/v2\/posts\/517\/revisions"}],"wp:attachment":[{"href":"https:\/\/www.parquenatural.com\/en\/wp-json\/wp\/v2\/media?parent=517"}],"wp:term":[{"taxonomy":"category","embeddable":true,"href":"https:\/\/www.parquenatural.com\/en\/wp-json\/wp\/v2\/categories?post=517"},{"taxonomy":"post_tag","embeddable":true,"href":"https:\/\/www.parquenatural.com\/en\/wp-json\/wp\/v2\/tags?post=517"}],"curies":[{"name":"wp","href":"https:\/\/api.w.org\/{rel}","templated":true}]}}