{"id":574,"date":"2011-10-13T00:00:00","date_gmt":"2011-10-12T22:00:00","guid":{"rendered":"https:\/\/www.parquenatural.com\/blog\/ruta-de-amigos-del-parque\/"},"modified":"2011-10-13T00:00:00","modified_gmt":"2011-10-12T22:00:00","slug":"ruta-de-amigos-del-parque","status":"publish","type":"post","link":"https:\/\/www.parquenatural.com\/en\/ruta-de-amigos-del-parque\/","title":{"rendered":"Ruta de &#8220;Amigos del Parque&#8221;"},"content":{"rendered":"<p>Una magn\u00edfica excursi\u00f3n, el domingo 16,\u00a0 para empezar la temporada de Rutas de &#8220;Amigos del Parque&#8221;.<\/p>\n<p>\u00a0<\/p>\n<p><span style=\"font-size: small;\">La Asociaci\u00f3n <strong><a title=\"Amigos del parque Cabo de gata\" href=\"http:\/\/www.cabodegata.net\/\" target=\"_blank\">Amigos del Parque Natural de Cabo de Gata-N\u00edjar<\/a><\/strong> comienza su temporada de rutas, abierta a todos los &#8220;amigos y enamorados del Parque Natural&#8221;. <\/span><span style=\"font-size: small;\"><br \/>&#8230;&#8221;Este domingo, d\u00eda 16 de octubre nos vemos a las 11 de la ma\u00f1ana en Agua Amarga&#8221;&#8230;pero o<\/span><span style=\"font-size: small;\">s dejo con Juli\u00e1n, nadie mejor para presentar la Ruta que \u00e9l: <\/span><\/p>\n<p><span style=\"font-size: small;\"><em><span style=\"font-size: medium;\">&#8230;&#8221;la ruta nos servir\u00e1 para pasar un d\u00eda muy agradable;  en el que\u00a0tendremos un d\u00eda soleado, por lo que <strong>no debe faltar  bstante\u00a0agua y algo para comer al medio d\u00eda. Como ya sabeis: calzado  c\u00f3modo y protecci\u00f3n solar.<\/strong> Sobre todo\u00a0para los que tengais la piel  blanquita. Aunque en esta \u00e9poca del a\u00f1o no quema el sol tanto como en  primavera o especialmente verano. Como os\u00a0he comentado el nivel ser\u00e1  bajo pero dependiendo de la gente que asista le podemos dar un poco de  alegr\u00eda al asunto meti\u00e9ndole una variante. Con lo cual se elevar\u00eda el  nivel un poco. Aunque en ning\u00fan momento ser\u00eda\u00a0complicado realizar la  ruta, tan\u00a0solo que ser\u00eda mas larga de lo que inicialmente est\u00e1  programada.\u00a0En cuanto al itinerario:\u00a0<strong>Haremos la antig\u00fca\u00a0v\u00eda verde de  Lucainena\u00a0\u00a0a Agua Amarga, pero en sentido contrario a como la hace todo  el mundo.\u00a0Pasaremos por\u00a0parte del camino por  donde el ferrocarril transportaba mineral de hierro, que se extra\u00eda de  la mina de Lucainea de las Torres, hasta el embarcadero de Agua\u00a0 Amarga<\/strong>.  \u00c9sto era algo com\u00fan desde finales del siglo XIX hasta el a\u00f1o 1942.  Antes llegar a este camino podremos admirar en la rambla de Los Viruegas  un olivo centenario que quita el hipo cuando lo ves. Fijaros en su  tronco: impresionante. Despu\u00e9s de ver desde arriba\u00a0los resto del  embarcadero de mineral nos dirigiremos hasta la Cala de los Muertos en  la que comeremos y descansaremos un rato. Luego regresaremos hasta\u00a0Agua  Amarga.\u00a0A la vuelta, y si no se hace muy tarde nos desviaremos para  ver\u00a0alguna cala escondida, por ejemplo\u00a0&#8220;Cala Sorbas&#8221;.\u00a0\u00a0<\/span><\/em> <\/span><\/p>\n<div><span style=\"font-size: small;\"><em><span style=\"font-size: medium;\">Como dije al principio: por fin ha llegado el d\u00eda.  Con esta ruta damos el pistoletazo de salida a la nueva temporada de  rutas que seguro os va a gustar. <\/span><\/em><\/span><\/div>\n<p><span style=\"font-size: small;\"><em> <\/em><\/span><\/p>\n<div><span style=\"font-size: small;\"><em><span style=\"font-size: medium;\">Hasta el domingo.Vuestro amigo rutero: JULI\u00c1N.&#8221;<\/span><\/em><\/span><\/div>\n<div><\/div>\n<div><span style=\"font-size: small;\"><em><span style=\"font-size: medium;\"><img fetchpriority=\"high\" decoding=\"async\" title=\"olivo milenario aguamarga parque natural cabo de gata\" src=\"https:\/\/www.parquenatural.com\/static\/fotos\/contenido\/olivomilenario.jpg\" alt=\"olivo milenario aguamarga parque natural cabo de gata\" width=\"500\" height=\"375\" \/><\/span><\/em><\/span><\/div>\n<div><span style=\"font-size: small;\"><span style=\"font-size: x-small;\">Fotograf\u00eda: http:\/\/en.wikiloc.com\/wikiloc\/imgServer.do?id=435764<\/span><em><span style=\"font-size: medium;\"><br \/><\/span><\/em><\/span><\/div>\n<p>\u00a0<\/p>\n<p>\u00a0<\/p>","protected":false},"excerpt":{"rendered":"<p>Una magn\u00edfica excursi\u00f3n, el domingo 16,\u00a0 para empezar la temporada de Rutas de &#8220;Amigos del Parque&#8221;.<\/p>","protected":false},"author":3,"featured_media":0,"comment_status":"closed","ping_status":"closed","sticky":false,"template":"","format":"standard","meta":{"footnotes":""},"categories":[2],"tags":[],"class_list":["post-574","post","type-post","status-publish","format-standard","hentry","category-noticias"],"_links":{"self":[{"href":"https:\/\/www.parquenatural.com\/en\/wp-json\/wp\/v2\/posts\/574"}],"collection":[{"href":"https:\/\/www.parquenatural.com\/en\/wp-json\/wp\/v2\/posts"}],"about":[{"href":"https:\/\/www.parquenatural.com\/en\/wp-json\/wp\/v2\/types\/post"}],"author":[{"embeddable":true,"href":"https:\/\/www.parquenatural.com\/en\/wp-json\/wp\/v2\/users\/3"}],"replies":[{"embeddable":true,"href":"https:\/\/www.parquenatural.com\/en\/wp-json\/wp\/v2\/comments?post=574"}],"version-history":[{"count":0,"href":"https:\/\/www.parquenatural.com\/en\/wp-json\/wp\/v2\/posts\/574\/revisions"}],"wp:attachment":[{"href":"https:\/\/www.parquenatural.com\/en\/wp-json\/wp\/v2\/media?parent=574"}],"wp:term":[{"taxonomy":"category","embeddable":true,"href":"https:\/\/www.parquenatural.com\/en\/wp-json\/wp\/v2\/categories?post=574"},{"taxonomy":"post_tag","embeddable":true,"href":"https:\/\/www.parquenatural.com\/en\/wp-json\/wp\/v2\/tags?post=574"}],"curies":[{"name":"wp","href":"https:\/\/api.w.org\/{rel}","templated":true}]}}