{"id":609,"date":"2012-06-26T00:00:00","date_gmt":"2012-06-25T22:00:00","guid":{"rendered":"https:\/\/www.parquenatural.com\/blog\/el-premio-y-el-premiado-en-el-parque-natural-de-cabo-de-gata-nijar\/"},"modified":"2012-06-26T00:00:00","modified_gmt":"2012-06-25T22:00:00","slug":"el-premio-y-el-premiado-en-el-parque-natural-de-cabo-de-gata-nijar","status":"publish","type":"post","link":"https:\/\/www.parquenatural.com\/en\/el-premio-y-el-premiado-en-el-parque-natural-de-cabo-de-gata-nijar\/","title":{"rendered":"EL PREMIO Y \u00a1EL PREMIADO! EN EL PARQUE NATURAL DE CABO DE GATA N\u00cdJAR"},"content":{"rendered":"<p>\u00a0<\/p>\n<pre><span style=\"font-family: Arial,sans-serif;\">Ha sido para todos nosotros un placer conocer a Jos\u00e9 Berenguer<\/span><\/pre>\n<p>\u00a0<\/p>\n<p style=\"margin-bottom: 0in;\"><span style=\"font-size: medium;\"><span style=\"font-family: arial,helvetica,sans-serif;\">II CERTAMEN LETRAS PARA EL PARQUE<\/span><\/span><\/p>\n<p style=\"margin-bottom: 0in;\"><span style=\"font-size: medium;\"><span style=\"font-family: arial,helvetica,sans-serif;\">Por segundo a\u00f1o consecutivo el portal tem\u00e1tico www.parquenatural.com convoc\u00f3 el Premio &#8220;Palabras para el Parque&#8221;. <br \/>Despu\u00e9s de recibir los textos y de acuerdo con las bases publicadas, el 10 de Junio a pesar de ser domingo, un Jurado muy trabajador fall\u00f3 el premio y por la tarde nos enviaba el texto ganador de Jos\u00e9 Berenguer, un joven almeriense enamorado del Parque Natural de Cabo de Gata N\u00edjar .<\/span><\/span><\/p>\n<p style=\"margin-bottom: 0in;\"><span style=\"font-size: medium;\"><span style=\"font-family: arial,helvetica,sans-serif;\"><img fetchpriority=\"high\" decoding=\"async\" title=\"premiado palabras para el parque cabo de gata en rodalquilar\" src=\"https:\/\/www.parquenatural.com\/static\/fotos\/contenido\/FOTO DE GRUPO.jpg\" alt=\"premio palabras para el parque cabo de gata en rodalquilar\" width=\"501\" height=\"334\" \/><\/span><\/span><\/p>\n<p style=\"margin-bottom: 0in;\"><span style=\"font-size: medium;\"><span style=\"font-family: arial,helvetica,sans-serif;\"><em><span style=\"font-size: small;\">(En la fotograf\u00eda el premiado Jos\u00e9 Berenguer, a la derecha y su acompa\u00f1ante, rodean a\u00a0 Catalina, Directora del <a title=\"Hotel en Rodalquilar Cabo de Gata\" href=\"https:\/\/www.parquenatural.com\/en\/enlazando\/hotelrodalquilar\/\" target=\"_blank\">Hotel Rodalquilar;<\/a> <br \/>a la izda. David Monge, de Geogata y ala derecha Carmen Fernandez, organizadora de Cert\u00e1men. Recibiendo al ganador del Certamen)<\/span><\/em><br \/><\/span><\/span><\/p>\n<p style=\"margin-bottom: 0in;\"><span style=\"font-size: medium;\"><span style=\"font-family: arial,helvetica,sans-serif;\">El premio de esta edici\u00f3n, que agradecemos a sus patrocinadores, ha sido: un fin de semana para 2 personas en el paradis\u00edaco Hotel Naturaleza de Rodalquilar; una ruta geo-tur\u00edstica  para descubrir los lugares m\u00e1s incre\u00edbles de este Geoparque de la mano de geoGata, una comida en la que degustar los pescados y los platos t\u00edpicos de la zona en el restaurante El Emigrante,  un gran regalo con interesantes publicaciones de la Oficina del Parque Natural de Cabo de Gata-N\u00edjar (Consejer\u00eda de Medio Ambiente) y un  paseo por el  litoral del Parque Natural Mar\u00edtimo de Cabo de Gata N\u00edjar,  a bordo de la Goleta Else, buque insignia del Proyecto Life Posidonia Andaluc\u00eda.<\/span><\/span><\/p>\n<p style=\"margin-bottom: 0in;\"><span style=\"font-size: medium;\"><span style=\"font-family: arial,helvetica,sans-serif;\"><img decoding=\"async\" title=\"regalo oficina parque natural cabo de gata para certamen palabras para el parque\" src=\"https:\/\/www.parquenatural.com\/static\/fotos\/contenido\/regalooficinaparque_1.jpg\" alt=\"regalo oficina parque natural cabo de gata para certamen palabras para el parque\" width=\"502\" height=\"269\" \/><\/span><\/span><\/p>\n<p style=\"margin-bottom: 0in;\"><span style=\"font-size: medium;\"><span style=\"font-family: arial,helvetica,sans-serif;\"><em><span style=\"font-size: small;\">(<a title=\"oficina administrativa del parque cabo gata nijar\" href=\"https:\/\/www.parquenatural.com\/en\/enlazando\/oficinaparquenaturalcabodegatanijar\/\" target=\"_blank\">La Oficina del Parque Natural Cabo de Gata-N\u00edjar <\/a>prepar\u00f3 un regalo con interesantes publicaciones,\u00a0 mapas y gu\u00edas, <br \/>que entregamos a Jos\u00e9 berenguer a su llegada)<\/span><\/em><\/span><\/span><\/p>\n<p style=\"margin-bottom: 0in;\"><span style=\"font-size: medium;\"><span style=\"font-family: arial,helvetica,sans-serif;\"><em><span style=\"font-size: small;\"><img decoding=\"async\" title=\"Restaurante San Jos\u00e9 Cabo de Gata\" src=\"https:\/\/www.parquenatural.com\/static\/fotos\/contenido\/jose-berenguel-ramon-restaurante-el-emigrante-parquenatural.jpg\" alt=\"Restaurante San Jos\u00e9 Cabo de Gata\" width=\"502\" height=\"334\" \/><\/span><\/em><\/span><\/span><\/p>\n<p style=\"margin-bottom: 0in;\"><em><span style=\"font-size: small;\"><span style=\"font-family: arial,helvetica,sans-serif;\">(En <a title=\"restaurante el emigrante san jose cabo de gata\" href=\"https:\/\/www.parquenatural.com\/en\/enlazando\/restauranteelemigrante\/\" target=\"_blank\">El Emigrante<\/a>, Ram\u00f3n, excelente anfitri\u00f3n, dio la bienvenida y ofreci\u00f3 al ganador Jos\u00e9 Berenguer y a su acompa\u00f1ante una excelente parrillada de pescado de la zona)<\/span><\/span><\/em><\/p>\n<p style=\"margin-bottom: 0in;\"><span style=\"font-size: medium;\"><span style=\"font-family: arial,helvetica,sans-serif;\"><em><span style=\"font-size: small;\"><br \/><\/span><\/em><\/span><\/span><\/p>\n<p style=\"margin-bottom: 0in;\"><span style=\"font-size: medium;\"><span style=\"font-family: arial,helvetica,sans-serif;\">Agradecemos tambi\u00e9n  al Jurado la paciencia y el trabajo que se han tomado para seleccionar los textos, personas que viven y aman este incre\u00edble espacio natural relacionadas de una u otra manera con las letras: <a title=\"Fernando Martinez Lopez escritor san jose\" href=\"http:\/\/www.fernandomartinezlopez.es\/\" target=\"_blank\">Fernando Martinez L\u00f3pez<\/a> (Escritor), Manuel Jos\u00e9 Villegas Lirola (Coordinador <a title=\"Bibliotecas san jose cabo de gata nijar\" href=\"http:\/\/www.bibliotecaspublicas.es\/nijar\/index.jsp\" target=\"_blank\">Bibliotecas Municipales de N\u00edjar<\/a>), Rosa P\u00e9rez M\u00e9ndez (<a title=\"bibliotecas  nijar san jose y las negras\" href=\"http:\/\/www.bibliotecaspublicas.es\/nijar\/imagenes\/contenido_20723.wmv\" target=\"_blank\">Bibliotecas P\u00fablicas de Las Negras y San Jos\u00e9<\/a>), M\u00aaPilar Gonz\u00e1lez Carranza (Casa Rural <a title=\"Casa Rural Pozo de los Frailes Cabo de gata\" href=\"https:\/\/www.parquenatural.com\/en\/enlazando\/casaagave\/\" target=\"_blank\">&#8220;Casa \u00c1gave&#8221;<\/a>) y <a title=\"escritor cabo de gata las salinas\" href=\"http:\/\/www.elalmeria.es\/article\/ocio\/918439\/vicente\/gomez\/presenta\/su\/volumen\/relatos\/la\/huella\/los\/libros.html\" target=\"_blank\">Vicente G\u00f3mez<\/a> (Escritor). Adem\u00e1s el Jurado eligi\u00f3 tres textos finalistas.\u00a0 (<a title=\"PALABRAS PARA EL PARQUE NATURAL CABO DE GATA NIJAR 2012\" href=\"https:\/\/www.parquenatural.com\/en\/blog\/ver\/000730\/\" target=\"_blank\"><em>Ver textos seleccionados<\/em><\/a>)<\/span><\/span><\/p>\n<p style=\"margin-bottom: 0in;\"><span style=\"font-size: medium;\"><span style=\"font-family: arial,helvetica,sans-serif;\"><img loading=\"lazy\" decoding=\"async\" title=\"ruta rodalquilar cabo de gata\" src=\"https:\/\/www.parquenatural.com\/static\/fotos\/contenido\/RutaGeoturistica.jpg\" alt=\"premio ruta rodalquilar cabo de gata certamen palabras para el parque\" width=\"502\" height=\"454\" \/><\/span><\/span><\/p>\n<p style=\"margin-bottom: 0in;\"><span style=\"font-size: medium;\"><span style=\"font-family: arial,helvetica,sans-serif;\"><em><span style=\"font-size: small;\">(en la foto Jos\u00e9 Berenguer con el ge\u00f3logo David Monge, en Rodalquilar de Ruta con <a title=\"rutas geologia parque natural cabo d egata nijar\" href=\"https:\/\/www.parquenatural.com\/en\/enlazando\/geogata\/\" target=\"_blank\">geoGata<\/a>, una actividad que <br \/>sorprendi\u00f3 y encant\u00f3 al ganador y que le ayudo a conocer un poco m\u00e1s este magn\u00edfico Geoparque)<\/span><\/em><br \/><\/span><\/span><\/p>\n<p style=\"margin-bottom: 0in;\"><span style=\"font-size: medium;\"><span style=\"font-family: arial,helvetica,sans-serif;\">Como an\u00e9cdota destacar que el autor de uno de ellos fue el ganador del anterior Certamen: Gabi Vidal.<\/span><\/span><\/p>\n<p style=\"margin-bottom: 0in;\"><span style=\"font-size: medium;\"><span style=\"font-family: arial,helvetica,sans-serif;\">En total cuarenta textos cumpl\u00edan las bases y fueron entregados al jurado, que no conoci\u00f3 la autor\u00eda de los mismos hasta despu\u00e9s de elegir el texto ganador y los tres finalistas. <\/span><\/span><\/p>\n<p style=\"margin-bottom: 0in;\"><span style=\"font-size: medium;\"><span style=\"font-family: arial,helvetica,sans-serif;\">Los finalistas fueron, por este orden,  Antonio Cobos. Felisa Mar\u00eda S\u00e1nchez Callej\u00f3n y Gabriel Vidal Calatayud.<\/span><\/span><\/p>\n<p style=\"margin-bottom: 0in;\"><span style=\"font-size: medium;\"><span style=\"font-family: arial,helvetica,sans-serif;\">Ha sido para todos nosotros un placer conocer a Jos\u00e9 Berenguer , una persona amable, cordial y cercana, que ha disfrutado de su premio con la pasi\u00f3n de un enamorado del Parque Natural de Cabo de Gata-N\u00edjar, un para\u00edso cercano que nunca deja de sorprendernos y que tiene tanto por conocer.<\/span><\/span><\/p>\n<p style=\"margin-bottom: 0in;\"><span style=\"font-size: medium;\"><span style=\"font-family: arial,helvetica,sans-serif;\"><img loading=\"lazy\" decoding=\"async\" title=\"paseo en barco san jose cabo de gata life posidonia\" src=\"https:\/\/www.parquenatural.com\/static\/fotos\/contenido\/LifePosidonia.jpg\" alt=\"paseo en barco san jose cabo de gata life posidonia\" width=\"502\" height=\"334\" \/><br \/><\/span><\/span><\/p>\n<p style=\"margin-bottom: 0in;\"><span style=\"font-size: medium;\"><span style=\"font-family: arial,helvetica,sans-serif;\"><span style=\"font-size: small;\"><em>(Nuestro ganador, a la derecha,\u00a0 sali\u00f3 en la Goleta Else, embarcaci\u00f3n emblem\u00e1tica del proyecto <a title=\"LIFE POSIDONIA ANDALUCIA PARQUE NATURAL CABO DE GATA NIJAR\" href=\"http:\/\/www.lifeposidoniandalucia.es\" target=\"_blank\">LIFE POSIDONIA ANDALUCIA<\/a>, invitado por David (a la izda.) experto de <a title=\"(Conservaci\u00f3n, Informaci\u00f3n y Estudio sobre Cet\u00e1ceos Parque Natural Cabo de Gata\" href=\"http:\/\/www.facebook.com\/Circe.org\" target=\"_blank\">CIRCE<\/a>)<\/em><\/span><br \/><\/span><\/span><\/p>\n<p style=\"margin-bottom: 0in;\"><span style=\"font-size: medium;\"><span style=\"font-family: arial,helvetica,sans-serif;\">Nunca mejor dicho el  trabajo de los patrocinadores y el jurado ha sido sencillamente &#8220;por amor al arte&#8221;.<\/span><\/span><\/p>\n<p style=\"margin-bottom: 0in;\"><span style=\"font-size: medium;\"><span style=\"font-family: arial,helvetica,sans-serif;\">El equipo de www.parquenatural.com nos sentimos orgullosos de haber organizado esta segunda edici\u00f3n y en Marzo de  2.013 convocaremos la tercera edici\u00f3n y publicaremos las bases en nuestro portal de El Parque.<\/span><\/span><\/p>\n<p style=\"margin-bottom: 0in;\"><span style=\"font-family: arial,helvetica,sans-serif;\"><span style=\"font-size: medium;\">Las &#8220;Palabras Para el Parque&#8221; os dar\u00e1n una idea de los sentimientos que despierta esta tierra en donde el mar, la tierra y la luz, son omnipresentes en una naturaleza \u00fanica, a\u00fan en estado puro en el Mediterr\u00e1neo: el Parque Natural Mar\u00edtimo Terrestre de Cabo de Gata-N\u00edj<\/span><span style=\"font-size: medium;\">ar. <\/span><\/span><\/p>\n<p style=\"margin-bottom: 0in;\"><em><span style=\"font-size: medium;\"><span style=\"font-family: arial,helvetica,sans-serif;\">NOTAS DE PRENSA: <\/span><\/span><\/em><\/p>\n<p style=\"margin-bottom: 0in;\"><a title=\"Certamen Palabras Para el Parque Cabo de Gata Almeria\" href=\"http:\/\/www.ideal.es\/almeria\/v\/20120709\/provincia\/heridas-ayeres-memoria-final-20120709.html\" target=\"_blank\"><em><span style=\"font-size: medium;\"><span style=\"font-family: arial,helvetica,sans-serif;\">EL IDEAL, EDICI\u00d3N ALMERIA<\/span><\/span><\/em><\/a><\/p>\n<p style=\"margin-bottom: 0in;\"><em><span style=\"font-size: medium;\"><span style=\"font-family: arial,helvetica,sans-serif;\"><a title=\"El Eco del Parque Certamen Palabras Para el Parque\" href=\"http:\/\/www.cabodegata.net\/eseco57v.html\" target=\"_blank\">EL ECO DEL PARQUE<\/a><br \/><\/span><\/span><\/em><\/p>\n<p style=\"margin-bottom: 0in;\">\u00a0<\/p>\n<p style=\"margin-bottom: 0in;\"><em><span style=\"font-family: arial,helvetica,sans-serif;\"><span style=\"font-size: medium;\">ENLACES RELACIONADOS:\u00a0<\/span><\/span><\/em><\/p>\n<p style=\"margin-bottom: 0in;\"><em><span style=\"font-family: arial,helvetica,sans-serif;\"><span style=\"font-size: medium;\"> <a title=\"Parque Natural de Cabo de Gata Certamen Literario\" href=\"https:\/\/www.parquenatural.com\/en\/blog\/ver\/000730\/\" target=\"_blank\">II CERTAMEN<\/a>, fallo de Jurado, patrocinadores, textos ganadores<\/span><\/span><\/em><\/p>\n<p style=\"margin-bottom: 0in;\"><em><span style=\"font-family: arial,helvetica,sans-serif;\"><span style=\"font-size: medium;\"><a title=\"Certamen palabras para el parque natural de cabo de gata\" href=\"https:\/\/www.parquenatural.com\/en\/blog\/ver\/000714\/\" target=\"_blank\">II CERTAMEN<\/a> , Convocatoria, bases, condiciones<br \/><\/span><\/span><\/em><\/p>\n<p style=\"margin-bottom: 0in;\"><span style=\"font-family: arial,helvetica,sans-serif;\"><span style=\"font-size: medium;\"><em><a title=\"I certamen palabras para el parrque natural de cabo de gata nijar\" href=\"https:\/\/www.parquenatural.com\/en\/blog\/ver\/000690\/\" target=\"_blank\">I CERTAMEN<\/a>, resumen, ganador, patrocinadores, jurado, premio y\u00a0 notas de prensa<\/em><br \/><\/span><\/span><\/p>\n<p style=\"margin-bottom: 0in;\">\u00a0<\/p>\n<p style=\"margin-bottom: 0in;\"><span style=\"font-family: arial,helvetica,sans-serif;\"><span style=\"font-size: medium;\"><em><strong>Las fotograf\u00edas<\/strong> se las agradecemos a Santiago (webmaster del portal), David de &#8220;geoGata&#8221; y David de CIRCE.<br \/>Trabajamos bajo Licencia Creative Commos, por lo que cualquier contenido puede ser utilizado citando la fuente www.parquenatural.com<br \/><strong>El Equip<\/strong>o que hacemos www.parquenatural.com desde hace doce a\u00f1os, tenemos nuestra oficina en San Jos\u00e9 y ofrecemos servicios inform\u00e1ticos a trav\u00e9s de nuestra empresa <a title=\"servicios tecnicos informaticos san jose nijar cabo de gata\" href=\"http:\/\/www.indaloweb.es\/portafolio\" target=\"_blank\">Indaloweb SL<\/a> en toda Espa\u00f1a,\u00a0 prestando especial atenci\u00f3n al entorno en el que vivimos<\/em><\/span><\/span><\/p>\n<p style=\"margin-bottom: 0in;\"><span style=\"font-family: arial,helvetica,sans-serif;\"><span style=\"font-size: medium;\"> <\/span><\/span><span class=\"tl\"> <\/span><\/p>\n<p>\u00a0<\/p>","protected":false},"excerpt":{"rendered":"<p>\u00a0<br \/>\nHa sido para todos nosotros un placer conocer a Jos\u00e9 Berenguer<\/p>","protected":false},"author":3,"featured_media":0,"comment_status":"closed","ping_status":"closed","sticky":false,"template":"","format":"standard","meta":{"footnotes":""},"categories":[2],"tags":[],"class_list":["post-609","post","type-post","status-publish","format-standard","hentry","category-noticias"],"_links":{"self":[{"href":"https:\/\/www.parquenatural.com\/en\/wp-json\/wp\/v2\/posts\/609"}],"collection":[{"href":"https:\/\/www.parquenatural.com\/en\/wp-json\/wp\/v2\/posts"}],"about":[{"href":"https:\/\/www.parquenatural.com\/en\/wp-json\/wp\/v2\/types\/post"}],"author":[{"embeddable":true,"href":"https:\/\/www.parquenatural.com\/en\/wp-json\/wp\/v2\/users\/3"}],"replies":[{"embeddable":true,"href":"https:\/\/www.parquenatural.com\/en\/wp-json\/wp\/v2\/comments?post=609"}],"version-history":[{"count":0,"href":"https:\/\/www.parquenatural.com\/en\/wp-json\/wp\/v2\/posts\/609\/revisions"}],"wp:attachment":[{"href":"https:\/\/www.parquenatural.com\/en\/wp-json\/wp\/v2\/media?parent=609"}],"wp:term":[{"taxonomy":"category","embeddable":true,"href":"https:\/\/www.parquenatural.com\/en\/wp-json\/wp\/v2\/categories?post=609"},{"taxonomy":"post_tag","embeddable":true,"href":"https:\/\/www.parquenatural.com\/en\/wp-json\/wp\/v2\/tags?post=609"}],"curies":[{"name":"wp","href":"https:\/\/api.w.org\/{rel}","templated":true}]}}