{"id":621,"date":"2012-09-27T00:00:00","date_gmt":"2012-09-26T22:00:00","guid":{"rendered":"https:\/\/www.parquenatural.com\/blog\/cabo-de-gata-y-la-migracion-de-las-aves\/"},"modified":"2012-09-27T00:00:00","modified_gmt":"2012-09-26T22:00:00","slug":"cabo-de-gata-y-la-migracion-de-las-aves","status":"publish","type":"post","link":"https:\/\/www.parquenatural.com\/en\/cabo-de-gata-y-la-migracion-de-las-aves\/","title":{"rendered":"CABO DE GATA Y LA MIGRACI\u00d3N DE LAS AVES"},"content":{"rendered":"<p style=\"margin-bottom: 0in;\" align=\"JUSTIFY\"><span style=\"font-size: medium;\">&#8220;Hay especies cuyo punto final de la migraci\u00f3n es Cabo de Gata en s\u00ed&#8221;<\/span><\/p>\n<p>\u00a0<\/p>\n<p><span style=\"font-family: arial,helvetica,sans-serif;\"><span style=\"font-size: medium;\"><strong>Cabo de Gata y la migraci\u00f3n de las aves<\/strong><\/span><\/span><\/p>\n<p style=\"margin-bottom: 0in;\" align=\"JUSTIFY\"><span style=\"font-family: arial,helvetica,sans-serif;\"><span style=\"font-size: medium;\">Hablar de un \u00fanico lugar geogr\u00e1fico como punto de inter\u00e9s en la migraci\u00f3n de las aves puede resultar insuficiente, pero si unimos este punto al resto de lugares colindantes, entonces ya s\u00ed estaremos hablando de una red l\u00f3gica de espacios protegidos que doten de significado a cualquier acci\u00f3n que emprendamos.<\/span><\/span><\/p>\n<p style=\"margin-bottom: 0in;\" align=\"JUSTIFY\"><span style=\"font-family: arial,helvetica,sans-serif;\"><span style=\"font-size: medium;\">Desde este punto de vista hemos de considerar que Cabo de Gata, sus humedales y sus estepas no son un punto geogr\u00e1fico aislado, sino un eslab\u00f3n m\u00e1s de la cadena de humedales y estepas que existen en la costa de Almer\u00eda y provincias adyacentes; hablando de los puntos m\u00e1s cercanos, hablar\u00edamos de los humedales del poniente almeriense (Ca\u00f1ada de las Norias, Salinas de Cerrillos, Punta Entinas o Albuferas de Adra) y de los del levante, cada vez m\u00e1s asediados por el desarrollismo urban\u00edstico.<\/span><\/span><\/p>\n<p style=\"margin-bottom: 0in;\" align=\"JUSTIFY\"><span style=\"font-family: arial,helvetica,sans-serif;\"><span style=\"font-size: medium;\">\u00bfPorqu\u00e9 son importantes estas zonas h\u00famedas y estas zonas desantropizadas, en que la presencia del hombre no es a\u00fan destacada?. El motivo es que las aves se mueven de sur a norte y de norte a sur, en un fen\u00f3meno que ocurre dos veces al a\u00f1o y que se conoce como MIGRACI\u00d3N. Esta migraci\u00f3n se basa en la b\u00fasqueda de alimento y buenas condiciones meteorol\u00f3gicas para poder emprender la actividad reproductiva en el primer caso (migraci\u00f3n prenupcial) y para buscar terrenos c\u00e1lidos donde pasar el invierno en el segundo (migraci\u00f3n postnupcial).<\/p>\n<p><img fetchpriority=\"high\" decoding=\"async\" title=\"Flamencos Salinas Cabo de Gata\" src=\"https:\/\/www.parquenatural.com\/static\/fotos\/contenido\/FLAMENCOSINDALO.jpg\" alt=\"flamencos salinas cabo de gata\" width=\"702\" height=\"500\" \/><br \/><\/span><\/span><\/p>\n<p style=\"margin-bottom: 0in;\" align=\"JUSTIFY\"><span style=\"font-family: arial,helvetica,sans-serif;\"><span style=\"font-size: medium;\">Una vez conocido este hecho real y que est\u00e1 en fase de continuo estudio cient\u00edfico, hemos de entender que las aves, durante su migraci\u00f3n, recorren distancias inimaginables.. que pueden cubrir periplos que parten del sur de \u00c1frica y terminan en el norte de Europa, o al rev\u00e9s. As\u00ed pues las aves han de tener la posibilidad, como siempre la han tenido desde que el mundo es mundo, de poder disfrutar de puntos en los que poder alimentarse, beber, asearse y descansar durante sus largos viajes. Y es aqu\u00ed donde los humedales (charcas, lagos, lagunas, marismas, salinas\u2026) y las estepas juegan un papel crucial, pues tras el cansancio del viaje, cuando los animales toman tierra se encuentran normalmente agotados, por lo que buscan terrenos seguros y alejados de la actividad humana as\u00ed como puntos abundantes en alimento\u2026 que bien podr\u00e1 ser una orilla de una charca, una playa o un campo de cultivo, por citar algunos y en funci\u00f3n de cu\u00e1l sea la fuente nutricia de la especie en cuesti\u00f3n.<\/span><\/span><\/p>\n<p style=\"margin-bottom: 0in;\" align=\"JUSTIFY\"><span style=\"font-family: arial,helvetica,sans-serif;\"><span style=\"font-size: medium;\">Dicho esto es cuando comenzamos a entender el porqu\u00e9 de la importancia de las charcas principales en Cabo de Gata para la migraci\u00f3n de las aves, como puntos de descanso y alimentaci\u00f3n. En el Parque Natural hay dos humedales principales que se conocen como \u201cLas Salinas de Cabo de Gata\u201d y \u201cEl Charc\u00f3n de Rambla Morales\u201d, pero no obstante cada charco formado por las lluvias, cada arroyo o peque\u00f1a corriente de agua, cada playa o roquedo o cada balsa de riego suponen puntos estrat\u00e9gicos para la alimentaci\u00f3n y el descanso en \u00e9poca migratoria.<\/span><\/span><\/p>\n<p style=\"margin-bottom: 0in;\" align=\"JUSTIFY\"><span style=\"font-family: arial,helvetica,sans-serif;\"><span style=\"font-size: medium;\"><img decoding=\"async\" title=\"Ruta Ornitologica Cabo de Gata Oz Nature\" src=\"https:\/\/www.parquenatural.com\/static\/fotos\/contenido\/EUROPEANROLLERINDALO.jpg\" alt=\"Observacion Aves Cabo de Gata\" width=\"702\" height=\"507\" \/><br \/><\/span><\/span><\/p>\n<p style=\"margin-bottom: 0in;\" align=\"JUSTIFY\"><span style=\"font-family: arial,helvetica,sans-serif;\"><span style=\"font-size: medium;\">Cuando hablamos de estepas lo hacemos desde el punto de vista de zonas abiertas sin presencia humana, donde cualquier predador o amenaza similar pueden ser detectados con tiempo suficiente para emprender la huida. Estas estepas y campos son a su vez una fuente de alimento casi infinita, por la abundancia que contienen de gaster\u00f3podos (caracoles) y peque\u00f1os insectos, que son los que constituyen la dieta de muchas de las especies; tambi\u00e9n estas estepas juegan un papel importante respecto a las grandes rapaces como las \u00e1guilas o las de menor porte como los aguiluchos, que encuentran en estos campos el alimento que igualmente necesitan para su supervivencia, siendo en este caso una dieta compuesta principalmente de reptiles (culebras y lagartos), aves y peque\u00f1os mam\u00edferos como el conejo o la liebre.<\/span><\/span><\/p>\n<p style=\"margin-bottom: 0in;\" align=\"JUSTIFY\"><span style=\"font-family: arial,helvetica,sans-serif;\"><span style=\"font-size: medium;\">Pero para entender la migraci\u00f3n no solo podemos entender humedales y estepas como lugares de descanso y alimento para aves de paso a trav\u00e9s de la red de espacios protegidos, que debe coincidir con sus rutas migratorias, de las cuales a\u00fan hoy se desconoce casi todo; digo esto porque hay especies cuyo punto final de la migraci\u00f3n es Cabo de Gata en s\u00ed o sus terrenos colindantes, tanto para pasar el invierno como para criar en primavera. En este caso, nuestras especies necesitan igualmente de lugares tranquilos y limpios, que no est\u00e9n masificados y con aguas sin contaminar. <\/span><\/span><\/p>\n<p style=\"margin-bottom: 0in;\" align=\"JUSTIFY\"><span style=\"font-family: arial,helvetica,sans-serif;\"><span style=\"font-size: medium;\"><img decoding=\"async\" title=\"pajaro cabo de gata fotografia ruta oz nature\" src=\"https:\/\/www.parquenatural.com\/static\/fotos\/contenido\/PAJARITOINDALO.jpg\" alt=\"pajaro cabo de gata fotografia ruta oz nature\" width=\"701\" height=\"519\" \/><br \/><\/span><\/span><\/p>\n<p style=\"margin-bottom: 0in;\" align=\"JUSTIFY\"><span style=\"font-family: arial,helvetica,sans-serif;\"><span style=\"font-size: medium;\">Tambi\u00e9n hay especies como el sis\u00f3n, la ganga ortega o la alondra ricot\u00ed, que habitan nuestras estepas durante todo el a\u00f1o\u2026 y en estos casos es donde m\u00e1s f\u00e1cil detectar los problemas que genera la p\u00e9rdida de h\u00e1bitat, debido a la presi\u00f3n que ejerce el ser humano sobre los espacios naturales; esta p\u00e9rdida de h\u00e1bitats influye muy negativamente en las especies de aves que los pueblan, pues las poblaciones no pueden crecer al no tener nuevos territorios por los que extenderse, as\u00ed como pueden entrar en riesgo de consanguinidad (emparentamiento de individuos gen\u00e9ticamente cercanos).<\/span><\/span><\/p>\n<p style=\"margin-bottom: 0in;\" align=\"JUSTIFY\"><span style=\"font-family: arial,helvetica,sans-serif;\"><span style=\"font-size: medium;\">Pero \u00bfqu\u00e9 pasa con las especies que eligen la zona para criar?. Ya no solo necesitan territorio y agua sino que tambi\u00e9n precisan de seguridad en sus nidos donde se desarrollar\u00e1 la nueva generaci\u00f3n de polluelos; si cada vez somos m\u00e1s conscientes respecto a que los huevos y los pollitos en los nidos no deben tocarse ni se r molestados, a\u00fan seguimos siendo ciegos e insensibles acerca de otras perturbaciones como es el uso de pesticidas en las charcas para erradicar los peque\u00f1os insectos como los mosquitos, que no solo acaban con ellos sino con toda la fuente de alimento que vive en el espacio en cuesti\u00f3n; de esta forma no solo el pesticida se acumula en el cuerpo de las nuevas aves sino que adem\u00e1s el alimento se convertir\u00e1 en un bien escaso que permita sacar la prole adelante.<\/span><\/span><\/p>\n<p style=\"margin-bottom: 0in;\" align=\"JUSTIFY\"><span style=\"font-family: arial,helvetica,sans-serif;\"><span style=\"font-size: medium;\"><img loading=\"lazy\" decoding=\"async\" title=\"aves en cabo de gata ruta ornitologica oz nature\" src=\"https:\/\/www.parquenatural.com\/static\/fotos\/contenido\/EMBERIZAINDALO.jpg\" alt=\"aves en cabo de gata ruta ornitologica oz nature\" width=\"700\" height=\"493\" \/><br \/><\/span><\/span><\/p>\n<p style=\"margin-bottom: 0in;\" align=\"JUSTIFY\"><span style=\"font-family: arial,helvetica,sans-serif;\"><span style=\"font-size: medium;\">Otro problema en \u00e9poca de nidificaci\u00f3n es el trasiego de gente por las playas, incluidos los de a pie, en bicicleta o a motor\u2026 tanto da\u00f1o hacen los unos como los otros, destruyendo a veces las puestas en la playa de forma involuntaria o simplemente perturbando el h\u00e1bitat con ruidos que har\u00e1n que las aves se sientan inseguras y abandonen el lugar de puesta, como pas\u00f3 este mismo a\u00f1o con una poblaci\u00f3n de \u201ccanasteras\u201d en las playas de Cabo de Gata. Si a esta falta de conocimiento y de protecci\u00f3n de los h\u00e1bitats se une la puesta en valor del turismo de sol y playas, nos encontramos que en plena fecha nidificatoria, en que algunas especies (principalmente lim\u00edcolas) no hacen sino depositar sus huevos en la arena limpia\u2026 las grandes m\u00e1quinas de limpieza que pasan a diario para preparar la campa\u00f1a de verano, simplemente arrasar\u00e1n la zona, destrozando todas y cada una de las puestas de aves lim\u00edcolas que incautamente utilizaron la arena como lugar de nidificaci\u00f3n.<\/span><\/span><\/p>\n<p style=\"margin-bottom: 0in;\" align=\"JUSTIFY\"><span style=\"font-family: arial,helvetica,sans-serif;\"><span style=\"font-size: medium;\">Desde este punto de vista nos queda mucho por hacer a nivel de protecci\u00f3n de h\u00e1bitats, no solo en Cabo de Gata sino en toda Europa en general, y solo lo conseguiremos a trav\u00e9s del estudio y del conocimiento de las rutas migratorias y su funcionamiento, incluyendo el de las paradas de descanso y alimentaci\u00f3n; pero obviamente una de las claves del \u00e9xito en dicha protecci\u00f3n tendr\u00e1 que pasar tambi\u00e9n por las poblaciones locales. El ser humano no puede verse desplazado ni ver mermada su econom\u00eda \u201cpor culpa de los p\u00e1jaros\u201d pues ni es justo ni deseable, adem\u00e1s de acarrear consecuencias desastrosas en todos los sentidos, desde el estrictamente humano al de la conservaci\u00f3n de especies y h\u00e1bitats. Por ello que cualquier medida de conservaci\u00f3n debemos entenderla siempre con una dimensi\u00f3n a\u00f1adida respecto a que las poblaciones locales se sientan parte de esa misma protecci\u00f3n. La f\u00f3rmula no es f\u00e1cil, pero ya hay proyectos en marcha como el emprendido por la Fundaci\u00f3n brit\u00e1nica <a title=\"Fundacion para las Aguilas Pescadoras\" href=\"http:\/\/www.ospreys.org.uk\/\" target=\"_blank\">Osprey Migration Foundation <\/a>que han conseguido involucrar a poblaciones locales africanas en la conservaci\u00f3n de las especies migratorias, como en este caso es el \u00c1guila pescadora, formando a gu\u00edas ornitol\u00f3gicos de entre la poblaci\u00f3n local par que consigan ingresos extras para sus familias. <\/span><\/span><\/p>\n<p style=\"margin-bottom: 0in;\" align=\"JUSTIFY\"><img loading=\"lazy\" decoding=\"async\" title=\"gaviotas cabo de gata ruta ornitologica indalo de oz\" src=\"https:\/\/www.parquenatural.com\/static\/fotos\/contenido\/GAVIOTASCABODEGATA_1.jpg\" alt=\"gaviotas cabo de gata ruta ornitologica indalo de oz\" width=\"700\" height=\"565\" \/><\/p>\n<p style=\"margin-bottom: 0in;\" align=\"JUSTIFY\"><span style=\"font-family: arial,helvetica,sans-serif;\"><span style=\"font-size: medium;\">Hay muchas f\u00f3rmulas para proteger el medio natural pero todas han de pasar ineludiblemente por la participaci\u00f3n e involucraci\u00f3n de las poblaciones locales y no por la pol\u00edtica simplista tradicional de la prohibici\u00f3n y la sanci\u00f3n que finalmente solo terminan enacciones de revancha irresponsables en que el medio natural es el \u00fanico perjudicado, y por tanto todos nosotros con \u00e9l.<\/span><\/span><\/p>\n<p style=\"margin-bottom: 0in;\" align=\"JUSTIFY\"><span style=\"font-family: arial,helvetica,sans-serif;\"><span style=\"font-size: medium;\">En nuestro pr\u00f3ximo art\u00edculo hablaremos sobre cada uno de los espacios de inter\u00e9s para las aves en Cabo de Gata y de las especies migratorias m\u00e1s interesantes de cuantas visitan anualmente nuestro espacio protegido.<\/span><\/span><\/p>\n<p style=\"margin-bottom: 0in;\" align=\"JUSTIFY\"><span style=\"font-family: arial,helvetica,sans-serif;\"><span style=\"font-size: medium;\">Jesus Contreras<\/span><\/span><\/p>\n<p style=\"margin-bottom: 0in;\" align=\"JUSTIFY\"><span style=\"font-family: arial,helvetica,sans-serif;\"><span style=\"font-size: medium;\">Ornit\u00f3logo y naturalista<\/span><\/span><\/p>\n<p style=\"margin-bottom: 0in;\" align=\"JUSTIFY\"><span style=\"font-family: arial,helvetica,sans-serif;\"><span style=\"font-size: medium;\">Oz Nature Wildlife<\/span><\/span><\/p>\n<p style=\"margin-bottom: 0in; text-align: left;\"><span style=\"font-family: arial,helvetica,sans-serif;\"><span style=\"font-size: medium;\">Almeria<\/span><\/span><\/p>\n<p style=\"margin-bottom: 0in; text-align: left;\">\u00a0<\/p>\n<p><span style=\"font-size: medium;\"><img loading=\"lazy\" decoding=\"async\" style=\"float: left; margin: 5px;\" title=\"Ruta Ornitolgica Parque Natural Cabo de Gata\" src=\"https:\/\/www.parquenatural.com\/static\/fotos\/contenido\/JESUSMOCHUELOINDALO.jpg\" alt=\"Jesus Contreras Ornitolog\u00e7ia Cabo de Gata\" width=\"326\" height=\"379\" \/><span style=\"font-family: arial,helvetica,sans-serif;\"><strong>Jes\u00fas Contreras nos ofrece, entre otras actividades, una interesante\u00a0 Ruta Ornitol\u00f3gica que recorre las areas m\u00e1s exclusivas del Parque Natural de Cabo de Gata; en ella visitaremos ambientes dunares, salinas, estepas, marismas y roquedos, haciendo paradas en todo momento orientadas al disfrute del paisaje, la observaci\u00f3n y el entendimiento del medio y a la observaci\u00f3n de aves, sin dejar atr\u00e1s nuestras lecciones de historia, geograf\u00eda y etnograf\u00eda<\/strong>.<\/p>\n<p>Su empresa <a title=\"rutas y aves cabo de gata\" href=\"https:\/\/www.parquenatural.com\/en\/enlazando\/indalodeoz\/\" target=\"_blank\">OZ NATURE WILDLIFE <\/a>est\u00e1 adscrita a la CARTA EUROPEA DE TURISMO  SOSTENIBLE &#8211; CETS por PN Cabo de Gata. Su trabajo no se limita a un solo espacio, como bien dice &#8221; los p\u00e1jaros no tenemos fronteras&#8221;. <\/p>\n<p>Recientemente y &#8220;por su culpa&#8221; hemos podido disfrutar de uno de los eventos m\u00e1s esperados en el Parque Natural de Cabo de Gata N\u00edjar:<br \/> el <a title=\"Primer Festival Iberico de las Aves Cabo de Gata\" href=\"https:\/\/www.parquenatural.com\/en\/blog\/ver\/000738\/\" target=\"_blank\">Primer Festival de las Aves Ib\u00e9ricas.<\/a><br \/><\/span><\/span><\/p>\n<p><span style=\"font-family: arial,helvetica,sans-serif;\"><span style=\"font-size: medium;\">Un almeriense conocedor y amante de la naturaleza de su tierra, que nos ofrece la oportunidad de conocer las aves que habitan nuestro querido Parque Natural sobre el terreno. <br \/><\/span><\/span><\/p>\n<p><span style=\"font-size: medium;\">(Gracias Jes\u00fas)<br \/><\/span><\/p>\n<p>\u00a0<\/p>\n<p style=\"margin-bottom: 0in;\">\u00a0<\/p>\n<p style=\"margin-bottom: 0in;\">\u00a0<\/p>","protected":false},"excerpt":{"rendered":"<p>&#8220;Hay especies cuyo punto final de la migraci\u00f3n es Cabo de Gata en s\u00ed&#8221;<\/p>","protected":false},"author":3,"featured_media":0,"comment_status":"closed","ping_status":"closed","sticky":false,"template":"","format":"standard","meta":{"footnotes":""},"categories":[2],"tags":[],"class_list":["post-621","post","type-post","status-publish","format-standard","hentry","category-noticias"],"_links":{"self":[{"href":"https:\/\/www.parquenatural.com\/en\/wp-json\/wp\/v2\/posts\/621"}],"collection":[{"href":"https:\/\/www.parquenatural.com\/en\/wp-json\/wp\/v2\/posts"}],"about":[{"href":"https:\/\/www.parquenatural.com\/en\/wp-json\/wp\/v2\/types\/post"}],"author":[{"embeddable":true,"href":"https:\/\/www.parquenatural.com\/en\/wp-json\/wp\/v2\/users\/3"}],"replies":[{"embeddable":true,"href":"https:\/\/www.parquenatural.com\/en\/wp-json\/wp\/v2\/comments?post=621"}],"version-history":[{"count":0,"href":"https:\/\/www.parquenatural.com\/en\/wp-json\/wp\/v2\/posts\/621\/revisions"}],"wp:attachment":[{"href":"https:\/\/www.parquenatural.com\/en\/wp-json\/wp\/v2\/media?parent=621"}],"wp:term":[{"taxonomy":"category","embeddable":true,"href":"https:\/\/www.parquenatural.com\/en\/wp-json\/wp\/v2\/categories?post=621"},{"taxonomy":"post_tag","embeddable":true,"href":"https:\/\/www.parquenatural.com\/en\/wp-json\/wp\/v2\/tags?post=621"}],"curies":[{"name":"wp","href":"https:\/\/api.w.org\/{rel}","templated":true}]}}