{"id":622,"date":"2012-10-10T00:00:00","date_gmt":"2012-10-09T22:00:00","guid":{"rendered":"https:\/\/www.parquenatural.com\/blog\/nos-espera-la-playa\/"},"modified":"2012-10-10T00:00:00","modified_gmt":"2012-10-09T22:00:00","slug":"nos-espera-la-playa","status":"publish","type":"post","link":"https:\/\/www.parquenatural.com\/en\/nos-espera-la-playa\/","title":{"rendered":"NOS ESPERA LA PLAYA"},"content":{"rendered":"<p><span style=\"font-family: Arial,sans-serif;\"><span style=\"font-size: small;\">&#8220;Formar parte de un esfuerzo mundial es extraordinario&#8221;.<\/span><\/span><\/p>\n<p>\u00a0<\/p>\n<p><span style=\"font-size: medium;\">&#8220;Formar parte de un esfuerzo mundial es extraordinario&#8221;.<\/span><\/p>\n<p><span style=\"font-size: medium;\">Las <a title=\"Playas Cabo de Gata\" href=\"https:\/\/www.parquenatural.com\/en\/playas\/\" target=\"_blank\">Playas<\/a> del Parque Natural de Cabo de Gata N\u00edjar son una de las joyas del Parque Natural Mar\u00edtimo Terrestre  de Cabo de Gata &#8211; N\u00edjar. <br \/>En el litoral Mediterr\u00e1neo, sistem\u00e1ticamente destruido y urbanizado,\u00a0 quedan estas playas v\u00edrgenes, singulares, algunas m\u00e1s accesibles otras menos, de arena fina, de piedrecillas, con acantilados de basalto negro o acantilados de claras dunas fosilizadas, con grandes piedras redondas, bolos volc\u00e1nicos, lava f\u00f3sil&#8230;<\/span><\/p>\n<p style=\"margin-bottom: 0in;\" lang=\"es-ES\"><span style=\"font-size: medium;\">Nuestras playas son uno de los  atractivos que ofrece esta tierra con altas temperaturas  y  donde el ba\u00f1o y las <a title=\"actividades y buceo parque natural cabo de gata\" href=\"https:\/\/www.parquenatural.com\/en\/actividades-cabo-de-gata\/\" target=\"_blank\">actividades<\/a> acu\u00e1ticas se practican al menos diez meses al a\u00f1o.<\/span><\/p>\n<p style=\"margin-bottom: 0in;\" lang=\"es-ES\"><span style=\"font-size: medium;\">Por todo ello os damos la bienvenida y os pedimos que os sum\u00e9is a un esfuerzo: <br \/>&#8220;comenzar el cambio para el mar <a title=\"ACCION LIMPIEZA PLAYAS EN CABO DE GATA\" href=\"https:\/\/www.parquenatural.com\/en\/blog\/ver\/000744\/\" target=\"_blank\">recuperando  nuestras playas<\/a>&#8220;<\/span><\/p>\n<p style=\"margin-bottom: 0in;\" lang=\"es-ES\"><span style=\"font-size: medium;\"><img fetchpriority=\"high\" decoding=\"async\" title=\"tortugas cabo de gata parque natural\" src=\"https:\/\/www.parquenatural.com\/static\/fotos\/contenido\/tortugasguapas_1.jpg\" alt=\"tortugas bobas cabo de gata parque natural\" width=\"650\" height=\"398\" \/><\/span><\/p>\n<p style=\"margin-bottom: 0in;\" lang=\"es-ES\"><span style=\"font-size: medium;\"><em><span style=\"font-size: small;\"><a title=\"tortugas cabo de gata parque natural\" href=\"https:\/\/www.parquenatural.com\/en\/blog\/ver\/000743\/\" target=\"_blank\">Tortugas Bobas<\/a> salen por primera al mar en el Parque.<\/span><\/em><br \/><\/span><\/p>\n<p style=\"margin-bottom: 0in;\" lang=\"es-ES\"><span style=\"font-size: medium;\">Nos unimos a la iniciativa de <a title=\"ACCION LIMPIEZA PLAYAS EN CABO DE GATA\" href=\"http:\/\/www.oceanconservancy.org\/\" target=\"_blank\">www.oceancorservancy.org <\/a>en sus campa\u00f1as. <br \/>Todos los meses de Septiembre  cientos de personas de m\u00e1s de 75 pa\u00edses retiran millones de kilos de basura de las aguas fluviales y playas de todo el mundo durante la Limpieza Internacional de Costas.<\/span><\/p>\n<p style=\"margin-bottom: 0in;\" lang=\"es-ES\"><strong><span style=\"font-size: medium;\">No pretendemos que el d\u00eda o d\u00edas  de descanso que puedas disfrutar de estas playas te dediques a limpiarlas,\u00a0 pero s\u00ed que tengas en cuenta que vecinos an\u00f3nimos, empresas de turismo, clubes de buceo, asociaciones,  administraciones y alumnos de los colegios de la zona,  se han esforzado en recoger  todo lo que la gente desinformada y las mareas han dejado en las playas (colillas, latas, bolsas, botellas&#8230;),  sabedores de que todo acaba antes o despu\u00e9s en el mar,\u00a0 amenazando la vida marina y da\u00f1ando nuestros ecosistemas d\u00eda tras d\u00eda.<\/span><\/strong><\/p>\n<p style=\"margin-bottom: 0in;\" lang=\"es-ES\"><span style=\"font-size: medium;\"><img decoding=\"async\" title=\"cabo de gata ni\u00f1os limpiando playa\" src=\"https:\/\/www.parquenatural.com\/static\/fotos\/contenido\/ni\u00f1ostubo.JPG\" alt=\"cabo de gata ni\u00f1os limpiando playa\" width=\"651\" height=\"353\" \/><\/span><\/p>\n<p style=\"margin-bottom: 0in;\" lang=\"es-ES\"><span style=\"font-size: medium;\"><em><span style=\"font-size: small;\">Ni\u00f1os voluntarios sacando tubos de pl\u00e1stico del agua<\/span><\/em><br \/><\/span><\/p>\n<p style=\"margin-bottom: 0in;\" lang=\"es-ES\"><span style=\"font-size: medium;\"><img decoding=\"async\" title=\"cabo de gata parquenatural limpiando playas\" src=\"https:\/\/www.parquenatural.com\/static\/fotos\/contenido\/santilimpiando.JPG\" alt=\"cabo de gata parquenatural limpiando playas\" width=\"650\" height=\"582\" \/><\/span><\/p>\n<p style=\"margin-bottom: 0in;\" lang=\"es-ES\"><span style=\"font-size: small;\"><em>Voluntario retirando restos de poliuretano expandido<\/em><\/span><\/p>\n<p style=\"margin-bottom: 0in;\" lang=\"es-ES\"><span style=\"font-size: medium;\">Este a\u00f1o en particular, el mar ha tra\u00eddo a nuestras costas restos de las riadas que provocaron la reciente gota fr\u00eda en zonas costeras cercanas y se ha hecho un gran esfuerzo para que nuestros visitantes encuentren la costa en las mejores condiciones. <br \/>Gran parte de la poblaci\u00f3n de el Parque vive directa o indirectamente del turismo y ha participado con esmero en las tareas de recogida. <br \/>El mar no entiende de geograf\u00eda y sus corrientes llevan y traen todo lo que tristemente ha terminado en un r\u00edo, en una rambla o en una playa.<\/span><\/p>\n<p style=\"margin-bottom: 0in;\" lang=\"es-ES\"><span style=\"font-size: medium;\"><img loading=\"lazy\" decoding=\"async\" title=\"cabo de gata voluntaraios limpian playa genoveses\" src=\"https:\/\/www.parquenatural.com\/static\/fotos\/contenido\/recogiendogenoveses.jpg\" alt=\"cabo de gata limpieza playa genoveses\" width=\"650\" height=\"433\" \/><\/span><\/p>\n<p style=\"margin-bottom: 0in;\" lang=\"es-ES\"><span style=\"font-size: medium;\"><em><span style=\"font-size: small;\">Voluntarios retirando restos inorg\u00e1nicos en la playa de Los Genoveses<\/span><\/em><br \/><\/span><\/p>\n<p style=\"margin-bottom: 0in;\" lang=\"es-ES\"><span style=\"font-size: medium;\"><br \/>\u00a0<img loading=\"lazy\" decoding=\"async\" title=\"cabo de gata limpiando fondos isleta del moro\" src=\"https:\/\/www.parquenatural.com\/static\/fotos\/contenido\/josemabasura.jpg\" alt=\"cabo de gata limpiando fondos isleta del moro\" width=\"650\" height=\"357\" \/><br \/><\/span><\/p>\n<p style=\"margin-bottom: 0in;\" lang=\"es-ES\"><em><span style=\"font-size: small;\">Voluntarios limpiando fondos en La Isleta<\/span><\/em><\/p>\n<p style=\"margin-bottom: 0in;\" lang=\"es-ES\"><span style=\"font-size: medium;\"><br \/>Hubo un tiempo en que la basura proven\u00eda de productos org\u00e1nicos que se descompon\u00edan con facilidad, hoy muchos de estos productos duran siglos y flotan, desplaz\u00e1ndose durante a\u00f1os en el agua . <br \/><strong>Que el agua y la playa est\u00e9n limpias depende de ti<\/strong>, por todo ello  recordamos:<br \/><\/span><\/p>\n<p style=\"margin-bottom: 0in;\" lang=\"es-ES\"><span style=\"font-size: medium;\"><img loading=\"lazy\" decoding=\"async\" title=\"restos playa cabo de gata \" src=\"https:\/\/www.parquenatural.com\/static\/fotos\/contenido\/bergantinAntes.JPG\" alt=\"restos playa cabo de gata \" width=\"300\" height=\"225\" \/>\u00a0 <\/span><span style=\"font-size: medium;\"><img loading=\"lazy\" decoding=\"async\" title=\"retirados restos playa cabo de gata\" src=\"https:\/\/www.parquenatural.com\/static\/fotos\/contenido\/bergantinDespues.JPG\" alt=\"retirados restos playa cabo de gata\" width=\"300\" height=\"225\" \/><\/span><\/p>\n<p style=\"margin-bottom: 0in;\" lang=\"es-ES\"><span style=\"font-size: medium;\"><span style=\"font-size: small;\"><em>Rinc\u00f3n de Cala Bergant\u00edn antes y despu\u00e9s de la limpieza de voluntarios<\/em><\/span><\/span><\/p>\n<p style=\"margin-bottom: 0in;\" lang=\"es-ES\"><span style=\"font-size: medium;\"><span style=\"font-size: small;\"><em><br \/><\/em><\/span><\/span><\/p>\n<p style=\"margin-bottom: 0in;\" lang=\"es-ES\"><strong><span style=\"font-size: medium;\">EN LA PLAYA: <\/span><\/strong><\/p>\n<p style=\"margin-bottom: 0in;\" lang=\"es-ES\"><strong><span style=\"font-size: medium;\">&#8211; Si fumas no tires colillas o cenizas en la arena, no las entierres, son contaminantes y tardan a\u00f1os en desaparecer, sencillame<\/span><span style=\"font-size: medium;\">nte igual que las has tra\u00eddo \u00a1ll\u00e9vatelas!<\/span><\/strong><\/p>\n<p style=\"margin-bottom: 0in;\" lang=\"es-ES\"><strong><span style=\"font-size: medium;\">&#8211;  Si no encuentras papeleras o contenedores ll\u00e9vate todos tus residuos al n\u00facleo urbano m\u00e1s cercano, donde s\u00ed encontrar\u00e1s contenedores apropiados para ellos.<\/span><\/strong><\/p>\n<p style=\"margin-bottom: 0in;\" lang=\"es-ES\"><strong><span style=\"font-size: medium;\">-Puedes dar un paso m\u00e1s y si encuentras alg\u00fan residuo que puedas trasportar f\u00e1cilmente \u00a1rec\u00f3gelo!.<\/span><\/strong><\/p>\n<p style=\"margin-bottom: 0in;\" lang=\"es-ES\"><strong><span style=\"font-size: medium;\">EN EL MAR:<\/span><\/strong><\/p>\n<p style=\"margin-bottom: 0in;\" lang=\"es-ES\"><strong><span style=\"font-size: medium;\">-Siempre que puedas emplea alternativas al fondeo con ancla que da\u00f1an el fondo marino y nunca fondees en las praderas de posidonia.<\/span><\/strong><\/p>\n<p style=\"margin-bottom: 0in;\" lang=\"es-ES\"><strong><span style=\"font-size: medium;\">&#8211; Ten cuidado de no tocar nada con tus aletas o manos ya que puedes producir da\u00f1os irreversibles en muchas especies<\/span><\/strong><\/p>\n<p style=\"margin-bottom: 0in;\" lang=\"es-ES\"><strong><span style=\"font-size: medium;\">-Cumple con la normativa de navegaci\u00f3n, pesca y se\u00f1ales .<\/span><\/strong><\/p>\n<p style=\"margin-bottom: 0in;\" lang=\"es-ES\"><span style=\"font-size: medium;\"><img loading=\"lazy\" decoding=\"async\" title=\"retirada restos playa cabo de gata\" src=\"https:\/\/www.parquenatural.com\/static\/fotos\/contenido\/cargabarcalasnegras.jpg\" alt=\"retirada restos playa cabo de gata\" width=\"619\" height=\"465\" \/><br \/><\/span><\/p>\n<p style=\"margin-bottom: 0in;\" lang=\"es-ES\"><em><span style=\"font-size: small;\">Los restos recogidos en las calas poco accesibles son retirados por voluntarios en barcos.<\/span><\/em><\/p>\n<p style=\"margin-bottom: 0in;\" lang=\"es-ES\"><strong><span style=\"font-size: medium;\">ADEMAS:<\/span><\/strong><\/p>\n<p style=\"margin-bottom: 0in;\" lang=\"es-ES\"><span style=\"font-size: medium;\"><strong>-En todo el \u00e1mbito del Parque est\u00e1 prohibida la pesca submarina, as\u00ed como la recolecci\u00f3n de cangrejos, lapas u organismos vivos.<br \/>-Estaciona tu veh\u00edculo en la zonas habilitadas para ello y siempre que puedas disfruta de un paseo o de la bici.<br \/>-No alteres con ruidos la calma del medio. La playa es un espacio de convivencia, valora la tranquilidad.<br \/>-Respeta la cultura, propiedad y medios de vida de la poblaci\u00f3n local.<br \/>&#8211;<span style=\"font-size: medium;\"><strong>No dudes en difundir las buenas pr\u00e1cticas ambientales.<br \/><\/strong><\/span><\/strong><\/span><\/p>\n<p style=\"margin-bottom: 0in;\" lang=\"es-ES\"><span style=\"font-size: medium;\"><img loading=\"lazy\" decoding=\"async\" title=\"cabo de gata dunas playa genoveses\" src=\"https:\/\/www.parquenatural.com\/static\/fotos\/contenido\/dunas genoveses.JPG\" alt=\"cabo de gata dunas playa genoveses\" width=\"650\" height=\"351\" \/><\/span><\/p>\n<p style=\"margin-bottom: 0in;\" lang=\"es-ES\"><span style=\"font-size: medium;\">Dos terceras partes de la superficie de la tierra est\u00e1n cubiertas por las aguas del oc\u00e9ano, el motor que impulsa nuestro clima, nos proporciona alimento y ox\u00edgeno y es el hogar del 97% de las formas de vida.<br \/>Todos tenemos la responsabilidad de cuidarlo. <\/span><\/p>\n<p style=\"margin-bottom: 0in;\" lang=\"es-ES\"><span style=\"font-size: medium;\"><img loading=\"lazy\" decoding=\"async\" title=\"recogida restos cabo de gata playa bergantin\" src=\"https:\/\/www.parquenatural.com\/static\/fotos\/contenido\/racogidabergantin.JPG\" alt=\"recogida restos cabo de gata playa bergantin\" width=\"650\" height=\"488\" \/><\/span><\/p>\n<p style=\"margin-bottom: 0in;\" lang=\"es-ES\"><span style=\"font-size: medium;\"><span style=\"font-size: small;\"><em>Restos recogidos por voluntarios en Cala del Bergant\u00edn<\/em><\/span><br \/><\/span><\/p>\n<p style=\"margin-bottom: 0in;\" lang=\"es-ES\"><span style=\"font-size: medium;\"><img loading=\"lazy\" decoding=\"async\" title=\"recogida restos cabo de gata playa genoveses\" src=\"https:\/\/www.parquenatural.com\/static\/fotos\/contenido\/restosgenoveses.jpg\" alt=\"recogida restos cabo de gata playa genoveses\" width=\"650\" height=\"290\" \/><br \/><\/span><\/p>\n<p style=\"margin-bottom: 0in;\" lang=\"es-ES\"><em><span style=\"font-size: small;\">Restos recogidos por voluntarios en la Playa de los Genoveses<\/span><\/em><\/p>\n<p style=\"margin-bottom: 0in;\"><span style=\"font-size: medium;\"><em>Durante los \u00faltimos d\u00edas el <a title=\"Jose Manuel Quero Director Parque Natural de Cabo de Gata Nijar\" href=\"https:\/\/www.parquenatural.com\/en\/blog\/ver\/000742\/\" target=\"_blank\">Director Conservador del Parque<\/a>, junto a muchas otras personas,\u00a0 s\u00f3lo abandonaron\u00a0 las tareas de observaci\u00f3n y coordinaci\u00f3n de limpieza \u00a1para dormir!. <br \/>El temporal de levante trajo todo lo que la riada lanz\u00f3 al mar en Vera. Se han retirado toneladas de basura,\u00a0 cientos de voluntarios hemos recogido durante toda la semana todo\u00a0 lo que hemos podido de las playas adem\u00e1s de\u00a0 toneladas de ca\u00f1as y frutas que se han llevado a la planta de biomasa.\u00a0 <br \/>Si a pesar de todo ello encuentras restos del \u00faltimo temporal informa en la oficina de turismo o punto de informaci\u00f3n del Parque m\u00e1s pr\u00f3ximo. <br \/>Gracias.<\/em><\/span><\/p>\n<p style=\"margin-bottom: 0in;\" lang=\"es-ES\"><span style=\"font-size: medium;\"><img loading=\"lazy\" decoding=\"async\" title=\"escolares limpiando playa de san jose cabo de gata\" src=\"https:\/\/www.parquenatural.com\/static\/fotos\/contenido\/ni\u00f1oslimpianplaya1.JPG\" alt=\"escolares limpiando playa de san jose cabo de gata\" width=\"640\" height=\"478\" \/><br \/><\/span><\/p>\n<p style=\"margin-bottom: 0in;\" lang=\"es-ES\"><span style=\"font-size: medium;\"><span style=\"font-size: small;\"><em>Escolares del Parque limpiando las playas<\/em><\/span><br \/><\/span><\/p>\n<p style=\"margin-bottom: 0in;\" lang=\"es-ES\">\u00a0<\/p>","protected":false},"excerpt":{"rendered":"<p>&#8220;Formar parte de un esfuerzo mundial es extraordinario&#8221;.<\/p>","protected":false},"author":3,"featured_media":0,"comment_status":"closed","ping_status":"closed","sticky":false,"template":"","format":"standard","meta":{"footnotes":""},"categories":[2],"tags":[],"class_list":["post-622","post","type-post","status-publish","format-standard","hentry","category-noticias"],"_links":{"self":[{"href":"https:\/\/www.parquenatural.com\/en\/wp-json\/wp\/v2\/posts\/622"}],"collection":[{"href":"https:\/\/www.parquenatural.com\/en\/wp-json\/wp\/v2\/posts"}],"about":[{"href":"https:\/\/www.parquenatural.com\/en\/wp-json\/wp\/v2\/types\/post"}],"author":[{"embeddable":true,"href":"https:\/\/www.parquenatural.com\/en\/wp-json\/wp\/v2\/users\/3"}],"replies":[{"embeddable":true,"href":"https:\/\/www.parquenatural.com\/en\/wp-json\/wp\/v2\/comments?post=622"}],"version-history":[{"count":0,"href":"https:\/\/www.parquenatural.com\/en\/wp-json\/wp\/v2\/posts\/622\/revisions"}],"wp:attachment":[{"href":"https:\/\/www.parquenatural.com\/en\/wp-json\/wp\/v2\/media?parent=622"}],"wp:term":[{"taxonomy":"category","embeddable":true,"href":"https:\/\/www.parquenatural.com\/en\/wp-json\/wp\/v2\/categories?post=622"},{"taxonomy":"post_tag","embeddable":true,"href":"https:\/\/www.parquenatural.com\/en\/wp-json\/wp\/v2\/tags?post=622"}],"curies":[{"name":"wp","href":"https:\/\/api.w.org\/{rel}","templated":true}]}}