{"id":623,"date":"2012-10-15T00:00:00","date_gmt":"2012-10-14T22:00:00","guid":{"rendered":"https:\/\/www.parquenatural.com\/blog\/cabo-de-gata-1-970\/"},"modified":"2012-10-15T00:00:00","modified_gmt":"2012-10-14T22:00:00","slug":"cabo-de-gata-1-970","status":"publish","type":"post","link":"https:\/\/www.parquenatural.com\/en\/cabo-de-gata-1-970\/","title":{"rendered":"CABO DE GATA 1.970"},"content":{"rendered":"<p>Echo de menos a las risas de las mujeres lavando en las norias&#8221;<\/p>\n<p>\u00a0<\/p>\n<p style=\"margin-bottom: 0in;\"><span style=\"font-size: medium;\">Es posible que los habitantes del Parque Natural de Cabo de Gata &#8211; N\u00edjar nos crucemos a diario con algunos protagonistas de esta pel\u00edcula de Philippe Dupiereux. <br \/>Cuando le cont\u00e9 c\u00f3mo hab\u00eda llegado hasta \u00e9l me contest\u00f3: <br \/>&#8220;el mundo es peque\u00f1o y los &#8220;lazos&#8221; de todo tipo que unen a los humanos son divertidos &#8220;.<\/span><\/p>\n<p style=\"margin-bottom: 0in; text-align: center;\"><iframe src=\"https:\/\/www.youtube.com\/embed\/aOFPyT0nq1A\" width=\"600\" height=\"400\" frameborder=\"0\"><\/iframe><\/p>\n<p style=\"text-align: center;\">Philippe Dupiereux<\/p>\n<p>\u00a0<\/p>\n<p style=\"margin-bottom: 0in;\"><span style=\"font-size: medium;\"><em>-\u00bfEs consciente de la admiraci\u00f3n que est\u00e1 causando su pel\u00edcula?<\/em><br \/><strong>&#8211; En realidad me sorprendi\u00f3 bastante . Supongo que la admiraci\u00f3n viene del hecho que he filmado sin \u00e1nimo de lucro y con cari\u00f1o o tambi\u00e9n porque hay pocas im\u00e1genes gr\u00e1ficas de esa \u00e9poca y menos en 16mm. U otras razones esot\u00e9ricas&#8230;..!<\/strong><\/span><\/p>\n<p style=\"margin-bottom: 0in;\"><span style=\"font-size: medium;\">&#8211;<em> Tanta belleza y tanto respeto no pueden ser casuales <br \/>\u00bfQu\u00e9 fue primero, la pel\u00edcula o el amor por esta tierra?<\/em><br \/><strong>&#8211; El amor por la tierra y m\u00e1s por las personas que la trabajaban porque ten\u00eda que ser muy duro de verdad. <\/strong><\/span><\/p>\n<p style=\"margin-bottom: 0in;\"><span style=\"font-size: medium;\"><em>&#8211; \u00bfQu\u00e9 trato recib\u00eda,  como persona &#8220;moderna&#8221; y &#8220;extranjera&#8221; en aquella \u00e9poca?<\/em><br \/><strong>&#8211; Mi comportamiento fue respetuoso y humilde, porque soy as\u00ed ; y eso de verdad facilit\u00f3 mucho el contacto. Y el hecho de filmar confirmaba mi inter\u00e9s por su vida.<\/strong><\/span><\/p>\n<p style=\"margin-bottom: 0in;\"><span style=\"font-size: medium;\"><em>&#8211; \u00bfQu\u00e9 hac\u00eda un joven belga filmando los Campos de N\u00edjar mientras los espa\u00f1oles emigraban a B\u00e9lgica?<\/em><br \/><strong>&#8211; El joven belga se fue de su pa\u00eds &#8230;\u00bftal vez por &#8220;mai 68&#8221;? <\/strong><\/span><\/p>\n<p style=\"margin-bottom: 0in;\"><span style=\"font-size: medium;\"><em>-\u00bfQu\u00e9 siente cuando viene a los mismos lugares cuarenta a\u00f1os despu\u00e9s?<\/em><\/span><strong> <br \/><\/strong><span style=\"font-size: medium;\"><strong>&#8211; Mucha nostalgia !&#8230;pero es verdad que la vida es mejor para todos ahora y con pocos da\u00f1os colaterales.<\/strong><strong>Echo de menos a las risas de las mujeres lavando en las norias. Y cuando voy a Agua Amarga evito pasar por las fabricas de Carboneras !!<\/strong><\/span><\/p>\n<p style=\"margin-bottom: 0in;\"><span style=\"font-size: medium;\"><em>&#8211; Su pel\u00edcula le delata como artista \u00bfya era pintor en aquella \u00e9poca?<\/em><\/span><br \/><span style=\"font-size: medium;\"><strong>&#8211; S\u00ed, siempre he practicado los dos, pintura y cine. Siempre llevaba mi bolex 16mm conmigo.<\/strong><strong> Mas tarde pas\u00e9 a la foto y ahora he vuelto al cine pero sin abandonar nunca la pintura.<\/strong><\/span><\/p>\n<p style=\"margin-bottom: 0in;\"><span style=\"font-size: medium;\">&#8211; <em>Mezcla lo esencial de la realidad cotidiana con la sencilla belleza del silencio: <br \/>apenas el viento , algunos p\u00e1jaros, el agua&#8230; \u00bfEs ahora, al digitalizar su pel\u00edcula, cuando ha a\u00f1adido el sonido, o ya en aquella \u00e9poca llam\u00f3 su atenci\u00f3n la &#8220;banda sonora&#8221;  de esta tierra?<\/em><br \/><strong>&#8211; En esa \u00e9poca era mucho mas complicado llevar sonido y imagen al mismo tiempo, y m\u00e1s que yo iba solo. El sonido es de ahora porque Cabo de Gata para mi es viento.<\/strong><\/span><\/p>\n<p style=\"margin-bottom: 0in;\"><span style=\"font-size: medium;\"><em>&#8211; Me parece curioso que adem\u00e1s de todo el \u00e1rea que hoy conforma el  Parque Natural salen  im\u00e1genes en La Chanca en Almer\u00eda,  y es el \u00fanico momento en que se oyen voces humanas, el sonido de un tel\u00e9fono&#8230;<\/em><br \/><strong>&#8211; Adem\u00e1s del parque , que en esa \u00e9poca no era parque, me atra\u00eda tambi\u00e9n la ciudad de Almer\u00eda y sobre todo su barrio de la Chanca ; esa poblaci\u00f3n marginada me remov\u00eda el alma; por ejemplo esa ni\u00f1a que pasea una botella arropada dentro de un trapo como lo har\u00eda una madre con su beb\u00e9 ; as\u00ed como los dos gitanos bajando a la ciudad con sombrero y bast\u00f3n ; etc..etc&#8230;<\/strong><\/span><\/p>\n<p style=\"margin-bottom: 0in;\"><span style=\"font-size: medium;\"><em>-Llama la atenci\u00f3n el contraste entre un modo de vida muy antiguo y las primeras minifaldas y pantalones de campana,  \u00bfmantiene relaci\u00f3n con algunas personas de entonces?<\/em><br \/><strong>&#8211; S\u00ed, seguimos teniendo contactos y amistad con una familia de Rodalquilar.<\/strong><\/span><\/p>\n<p style=\"margin-bottom: 0in;\"><span style=\"font-size: medium;\"><em>&#8211; Su pel\u00edcula es una despedida a todo un modo de vida: una excavadora derribando muros,  cortijos abandonados, el cementerio <br \/>\u00bfintenci\u00f3n o simplemente resultado?<\/em><br \/><strong>&#8211; Son los dos a la vez ; primero porque es lo que hab\u00eda ; y segundo porque yo he querido subrayar el fin de esa \u00e9poca. <\/strong><\/span><\/p>\n<p style=\"margin-bottom: 0in;\"><span style=\"font-size: medium;\"><em>&#8211; He visto ya fragmentos en algunos espacios web, \u00bfle molesta que se reproduzca total o parcialmente su pel\u00edcula sin &#8220;citar la fuente&#8221; ?<\/em><\/span><br \/><span style=\"font-size: medium;\"><strong>&#8211; He dado el permiso a tres personas : Almeriacine, La Tenada Verde y a otro que no lo ha utilizado todav\u00eda. Si Usted ha visto algo mas me gustar\u00eda que me los se\u00f1alara. Porque si me lo hubieran pedido, seguramente les<\/strong><strong>habr\u00eda dicho que s\u00ed&#8230;al fin y al cabo es su tierra.<\/strong><\/span><\/p>\n<p style=\"margin-bottom: 0in;\"><span style=\"font-size: medium;\"><em>&#8211; Acaba de inaugurar una exposici\u00f3n en Alicante, viendo la trayectoria de su obra parece haberse quedado con una parte de lo humano: las expresiones , \u00bfun largo recorrido para llegar a lo m\u00e1s b\u00e1sico?<\/em><br \/><strong>&#8211; Eso es un juego con migo mismo para ver de que manera mis emociones son afectadas por las miradas furtivas de las personas que cruzan mi vida. (miradas&#8230;reflejo del alma)\u00a0\u00a0 <br \/><\/strong><\/span><strong><em><span style=\"font-size: medium;\">Philippe Dupiereux. 14 de Octubre de 2012.<\/span><\/em><\/strong><\/p>\n<p style=\"margin-bottom: 0in;\">\u00a0<\/p>\n<p style=\"margin-bottom: 0in;\"><span style=\"font-size: medium;\"><img fetchpriority=\"high\" decoding=\"async\" src=\"https:\/\/www.parquenatural.com\/static\/fotos\/contenido\/Philippe.JPG\" alt=\"Philippe Dupiereux\" width=\"650\" height=\"488\" \/><br \/><\/span><\/p>\n<p style=\"margin-bottom: 0in;\"><em><span style=\"font-size: medium;\">A la derecha <a title=\"Philippe Dupiereux\" href=\"http:\/\/almeriapedia.wikanda.es\/wiki\/Philippe_Dupiereux\" target=\"_blank\">Philippe Duperieux<\/a>. <\/span><span style=\"font-size: medium;\">El 4 de octubre se ha inaugurado una muestra de la obra de Philippe  Dupiereux, en la sala de exposiciones de Finestrat (Alicante) que permanecer\u00e1 en dicha  sala hasta el d\u00eda 29 de este mes.<\/span><\/em><\/p>\n<p style=\"margin-bottom: 0in;\"><span style=\"font-size: medium;\">&#8220;En 1971 Philippe lleg\u00f3 con su mujer hasta <a title=\"rodalquilar cabo de gata\" href=\"https:\/\/www.parquenatural.com\/en\/pueblo\/rodalquilar\/\" target=\"_blank\">Rodalquilar<\/a> con su c\u00e1mara de 16mm.,\u00a0 montados en su 2 caballos, por los  polvorientos  caminos. Desde ese momento, el pintor qued\u00f3 enamorado del  valle y de sus  gentes, de las historias que la tradici\u00f3n oral le  transmiti\u00f3 a trav\u00e9s  de los escasos 80 habitantes que permanecieron en  el valle viviendo a  duras penas de la agricultura y la ganader\u00eda.&#8221;<\/span><\/p>\n<p style=\"margin-bottom: 0in;\"><span style=\"font-size: medium;\"><br \/><\/span><\/p>\n<p style=\"margin-bottom: 0in;\" dir=\"ltr\"><span style=\"font-size: medium;\"><img decoding=\"async\" style=\"float: left; margin: 5px;\" title=\"Exposicion Duperieux en Rodalquilar Cabo de Gata 2007\" src=\"https:\/\/www.parquenatural.com\/static\/fotos\/contenido\/DupeireuxenRodalquilar_1.jpg\" alt=\"Exposici\u00f3n en Rodalquilar Cabo de Gata Duperieux sala Carmen de Burgos\" width=\"275\" height=\"206\" \/><em><\/em><\/span><\/p>\n<p style=\"margin-bottom: 0in;\" dir=\"ltr\"><span style=\"font-size: medium;\"><em><br \/>Algunos pudimos disfrutar de su obra en 2007 en Rodalquilar.<\/p>\n<p>Ahora esperamos poderle mostrar nuestro agradecimiento en persona y a la mayor brevedad .<\/em><\/span><\/p>\n<p style=\"margin-bottom: 0in;\" dir=\"ltr\"><span style=\"font-size: medium;\"><em>Desde aqu\u00ed, desde esta tierra y desde este portal, nuestro agradecimiento a este se\u00f1or, amable y generoso, por dejar a su paso tanta belleza.<\/em><\/span><\/p>\n<p style=\"margin-bottom: 0in;\" dir=\"ltr\"><span style=\"font-size: medium;\"><span style=\"font-size: small;\">Philippe Duperieux en Rodalquilar<\/span><br \/><\/span><\/p>","protected":false},"excerpt":{"rendered":"<p>Echo de menos a las risas de las mujeres lavando en las norias&#8221;<\/p>","protected":false},"author":3,"featured_media":0,"comment_status":"closed","ping_status":"closed","sticky":false,"template":"","format":"standard","meta":{"footnotes":""},"categories":[2],"tags":[],"class_list":["post-623","post","type-post","status-publish","format-standard","hentry","category-noticias"],"_links":{"self":[{"href":"https:\/\/www.parquenatural.com\/en\/wp-json\/wp\/v2\/posts\/623"}],"collection":[{"href":"https:\/\/www.parquenatural.com\/en\/wp-json\/wp\/v2\/posts"}],"about":[{"href":"https:\/\/www.parquenatural.com\/en\/wp-json\/wp\/v2\/types\/post"}],"author":[{"embeddable":true,"href":"https:\/\/www.parquenatural.com\/en\/wp-json\/wp\/v2\/users\/3"}],"replies":[{"embeddable":true,"href":"https:\/\/www.parquenatural.com\/en\/wp-json\/wp\/v2\/comments?post=623"}],"version-history":[{"count":0,"href":"https:\/\/www.parquenatural.com\/en\/wp-json\/wp\/v2\/posts\/623\/revisions"}],"wp:attachment":[{"href":"https:\/\/www.parquenatural.com\/en\/wp-json\/wp\/v2\/media?parent=623"}],"wp:term":[{"taxonomy":"category","embeddable":true,"href":"https:\/\/www.parquenatural.com\/en\/wp-json\/wp\/v2\/categories?post=623"},{"taxonomy":"post_tag","embeddable":true,"href":"https:\/\/www.parquenatural.com\/en\/wp-json\/wp\/v2\/tags?post=623"}],"curies":[{"name":"wp","href":"https:\/\/api.w.org\/{rel}","templated":true}]}}