{"id":624,"date":"2012-12-12T00:00:00","date_gmt":"2012-12-11T23:00:00","guid":{"rendered":"https:\/\/www.parquenatural.com\/blog\/carta-europea-de-turismo-sostenible\/"},"modified":"2012-12-12T00:00:00","modified_gmt":"2012-12-11T23:00:00","slug":"carta-europea-de-turismo-sostenible","status":"publish","type":"post","link":"https:\/\/www.parquenatural.com\/en\/carta-europea-de-turismo-sostenible\/","title":{"rendered":"CARTA EUROPEA DE TURISMO SOSTENIBLE"},"content":{"rendered":"<p>Renovaci\u00f3n de la Carta Europea  de Turismo Sostenible Parque Natural de Cabo de Gata N\u00edjar.<\/p>\n<p>\u00a0<\/p>\n<p style=\"margin-bottom: 0cm; font-style: normal;\" align=\"LEFT\"><span style=\"font-size: medium;\"><strong>El 4 de Diciembre tuvo lugar una importante reuni\u00f3n del Foro de Turismo Sostenible para validar el dossier de renovaci\u00f3n de la Carta Europea  de Turismo Sostenible (<a href=\"http:\/\/www.redeuroparc.org\/cartaeuropeaturismosostenible.jsp\" target=\"_blank\">CETS<\/a>) en el Parque Natural de Cabo de Gata N\u00edjar.<\/strong><\/span><\/p>\n<p><span style=\"font-size: medium;\"> <\/span><\/p>\n<p style=\"margin-bottom: 0cm; font-style: normal;\" align=\"LEFT\"><span style=\"font-size: medium;\"><strong>Se ha iniciado el proceso de renovaci\u00f3n de la Carta Europea por considerarse una  buena herramienta para avanzar en el desarrollo tur\u00edstico del parque natural y de su \u00e1rea de influencia <span lang=\"es-ES\">socio econ\u00f3mica.<\/span> Una  muestra de los buenos resultados obtenidos, es el hecho de el 77% de las actuaciones propuestas desde la <span lang=\"es-ES\">adhesi\u00f3n<\/span> a la CETS han finalizado con todos sus objetivos cumplidos. <\/strong><\/span><\/p>\n<p><span style=\"font-size: medium;\"> <\/span><\/p>\n<p style=\"margin-bottom: 0cm;\" align=\"LEFT\"><span style=\"font-size: medium;\"><img fetchpriority=\"high\" decoding=\"async\" title=\"de escullos a calahiguera en kayak parque natural cabo de gata nijar\" src=\"https:\/\/www.parquenatural.com\/static\/fotos\/contenido\/entrevistaHappy2.jpg\" alt=\"excursion en kayak por el parque natural de cabo de gata nijar\" width=\"701\" height=\"526\" \/><br \/><\/span><\/p>\n<p><span style=\"font-size: medium;\"> <\/span><\/p>\n<p style=\"margin-bottom: 0cm;\" align=\"LEFT\"><span style=\"font-size: medium;\"><em><span style=\"font-size: small;\">Excursi\u00f3n en kayak de Los Escullos a Calahiguera P.N.Cabo de Gata N\u00edjar<\/span><\/em><br \/><\/span><\/p>\n<p><span style=\"font-size: medium;\"> <\/span><\/p>\n<p style=\"margin-bottom: 0cm;\" align=\"LEFT\">\u00a0<\/p>\n<p style=\"margin-bottom: 0cm;\" align=\"LEFT\"><span style=\"font-size: medium;\">El foro de la Carta Europea de Turismo Sostenible en el Parque Natural Cabo de Gata-N\u00edjar se cre\u00f3 el 10 de octubre de 2007,  en el seno de la Junta Rectora del Parque como Comisi\u00f3n de <span lang=\"es-ES\">Socio econom\u00eda<\/span> y Turismo,  consiguiendo  que tuviera personalidad jur\u00eddica y convirti\u00e9ndose en un refuerzo m\u00e1s para avanzar en la cooperaci\u00f3n de todas las partes relacionadas con el turismo en el espacio protegido y \u00e1reas circundantes para su desarrollo y gesti\u00f3n, estableci\u00e9ndose como un mecanismo de participaci\u00f3n <span style=\"font-style: normal;\"><strong>de los actores implicados en la ejecuci\u00f3n de la CETS. <\/strong><\/span><\/span><\/p>\n<p><span style=\"font-size: medium;\"> <\/span><\/p>\n<p style=\"margin-bottom: 0cm;\" align=\"LEFT\"><span style=\"font-size: medium;\"><br \/><\/span><\/p>\n<p><span style=\"font-size: medium;\"> <\/span><\/p>\n<p style=\"margin-bottom: 0cm;\" align=\"LEFT\"><span style=\"font-size: medium;\"><span style=\"font-style: normal;\"><span style=\"font-weight: normal;\">Ahora se ha llevado a cabo la <\/span><\/span><span style=\"font-style: normal;\">Revisi\u00f3n y validaci\u00f3n de los documentos de renovaci\u00f3n para cumplir con los requisitos de <\/span><em>Europarc<\/em><span style=\"font-style: normal;\"> y obtener el respaldo de las entidades presentes en el territorio. Estos son b\u00e1sicamente los principios del <br \/><\/span><span style=\"font-style: normal;\"><strong>Plan de acci\u00f3n <\/strong><\/span><span style=\"font-style: normal;\"><strong>2013-2017 : <\/strong><\/span><\/span><\/p>\n<p><span style=\"font-size: medium;\"> <\/span><\/p>\n<p style=\"margin-bottom: 0cm;\" align=\"LEFT\"><span style=\"font-size: medium;\"><br \/><\/span><\/p>\n<p><span style=\"font-size: medium;\"> <\/span><\/p>\n<p style=\"margin-bottom: 0cm;\"><span style=\"font-size: medium;\"><strong>1- Coordinaci\u00f3n : <\/strong><span style=\"font-weight: normal;\">Implicar a<\/span><strong> <\/strong>todas las partes relacionadas con el turismo en el espacio<br \/>natural protegido y su entorno en la gesti\u00f3n y el desarrollo tur\u00edstico del territorio.<\/span><\/p>\n<p><span style=\"font-size: medium;\"> <\/span><\/p>\n<p style=\"margin-bottom: 0cm;\" align=\"LEFT\"><span style=\"font-size: medium;\"><br \/><\/span><\/p>\n<p><span style=\"font-size: medium;\"> <\/span><\/p>\n<p style=\"margin-bottom: 0cm;\" align=\"LEFT\"><span style=\"font-size: medium;\"><strong>2- Documentaci\u00f3n :<\/strong>Elaborar y aplicar una Estrategia de Turismo Sostenible y un Plan de<\/span><\/p>\n<p><span style=\"font-size: medium;\"> <\/span><\/p>\n<p style=\"margin-bottom: 0cm;\" align=\"LEFT\"><span style=\"font-size: medium;\">Acci\u00f3n<\/span><\/p>\n<p><span style=\"font-size: medium;\"> <\/span><\/p>\n<p style=\"margin-bottom: 0cm;\" align=\"LEFT\"><span style=\"font-size: medium;\"><br \/><\/span><\/p>\n<p><span style=\"font-size: medium;\"> <\/span><\/p>\n<p style=\"margin-bottom: 0cm;\" align=\"LEFT\"><span style=\"font-size: medium;\"><strong>3- Puesta valor: <\/strong>Proteger y promocionar el patrimonio natural y cultural del territorio para el turismo y con el turismo, evitando un desarrollo tur\u00edstico excesivo que ponga en peligro su conservaci\u00f3n<\/span><\/p>\n<p><span style=\"font-size: medium;\"> <\/span><\/p>\n<p style=\"margin-bottom: 0cm;\" align=\"LEFT\"><span style=\"font-size: medium;\"><img decoding=\"async\" title=\"caldera volvanica la majada redonda parque natural cabo de gata nijar\" src=\"https:\/\/www.parquenatural.com\/static\/fotos\/contenido\/majdaredonda.jpg\" alt=\"la majada redonda en las presillas del parque natural de cabo de gata nijar\" width=\"701\" height=\"468\" \/><\/span><\/p>\n<p><span style=\"font-size: medium;\"> <\/span><\/p>\n<p style=\"margin-bottom: 0cm;\" align=\"LEFT\"><em><span style=\"font-size: small;\">Caldera Volc\u00e1nica La Majada Redonda en Las Presillas,\u00a0 PN Cabo de Gata N\u00edjar<br \/>(Fotograf\u00eda Santiago Domenech Rold\u00e1n)<br \/><\/span><\/em><\/p>\n<p style=\"margin-bottom: 0cm;\" align=\"LEFT\">\u00a0<\/p>\n<p style=\"margin-bottom: 0cm;\" align=\"LEFT\"><span style=\"font-size: medium;\"><strong>4- Calidad tur\u00edstica. <\/strong>Ofrecer a los visitantes un experiencia de alta calidad en todos los<\/span><\/p>\n<p><span style=\"font-size: medium;\"> <\/span><\/p>\n<p style=\"margin-bottom: 0cm;\" align=\"LEFT\"><span style=\"font-size: medium;\">aspectos<\/span><\/p>\n<p><span style=\"font-size: medium;\"> <\/span><\/p>\n<p style=\"margin-bottom: 0cm;\" align=\"LEFT\"><span style=\"font-size: medium;\"><br \/><\/span><\/p>\n<p><span style=\"font-size: medium;\"> <\/span><\/p>\n<p style=\"margin-bottom: 0cm;\" align=\"LEFT\"><span style=\"font-size: medium;\"><strong>5- Informaci\u00f3n tur\u00edstica: <\/strong>Proporcionar informaci\u00f3n adecuada a los visitantes sobre los valores especiales y singulares del territorio<\/span><\/p>\n<p><span style=\"font-size: medium;\"> <\/span><\/p>\n<p style=\"margin-bottom: 0cm;\"><span style=\"font-size: medium;\"><br \/><\/span><\/p>\n<p><span style=\"font-size: medium;\"> <\/span><\/p>\n<p style=\"margin-bottom: 0cm;\"><span style=\"font-size: medium;\"><strong>6- Productos tur\u00edsticos: <\/strong>Desarrollar y promocionar productos tur\u00edsticos genuinos que permitan a los visitantes descubrir, comprender y establecer una relaci\u00f3n con el territorio<\/span><\/p>\n<p><span style=\"font-size: medium;\"> <\/span><\/p>\n<p style=\"margin-bottom: 0cm;\" align=\"LEFT\"><span style=\"font-size: medium;\"><br \/><\/span><\/p>\n<p><span style=\"font-size: medium;\"> <\/span><\/p>\n<p style=\"margin-bottom: 0cm;\" align=\"LEFT\"><span style=\"font-size: medium;\"><strong>7- Formaci\u00f3n, Educaci\u00f3n, Sensibilizaci\u00f3n: <\/strong>Ampliar los conocimientos sobre el espacio natural protegido y los temas de la sostenibilidad entre los actores relacionados con el turismo<\/span><\/p>\n<p><span style=\"font-size: medium;\"> <\/span><\/p>\n<p style=\"margin-bottom: 0cm;\" align=\"LEFT\"><span style=\"font-size: medium;\"><br \/><\/span><\/p>\n<p><span style=\"font-size: medium;\"> <\/span><\/p>\n<p style=\"margin-bottom: 0cm;\" align=\"LEFT\"><span style=\"font-size: medium;\"><strong>8- Calidad vida local: <\/strong>Garantizar la mejora de la actividad tur\u00edstica sin que por ello se reduzca la calidad de vida de la poblaci\u00f3n local <\/span><\/p>\n<p><span style=\"font-size: medium;\"> <\/span><\/p>\n<p style=\"margin-bottom: 0cm;\" align=\"LEFT\"><span style=\"font-size: medium;\"><br \/><\/span><\/p>\n<p><span style=\"font-size: medium;\"> <\/span><\/p>\n<p style=\"margin-bottom: 0cm;\" align=\"LEFT\"><span style=\"font-size: medium;\"><strong>9- Aumento beneficios: <\/strong>Aumentar los beneficios del turismo para la econom\u00eda local<\/span><\/p>\n<p><span style=\"font-size: medium;\"> <\/span><\/p>\n<p style=\"margin-bottom: 0cm;\" align=\"LEFT\"><span style=\"font-size: medium;\"><br \/><\/span><\/p>\n<p><span style=\"font-size: medium;\"> <\/span><\/p>\n<p style=\"margin-bottom: 0cm;\" align=\"LEFT\"><span style=\"font-size: medium;\"><strong>10- Gesti\u00f3n de visitantes: <\/strong>Controlar e influir sobre los flujos de visitantes para reducir los impactos <span style=\"font-style: normal;\"><span style=\"font-weight: normal;\">negativos que pudieran generar<\/span><\/span><\/span><\/p>\n<p><span style=\"font-size: medium;\"> <\/span><\/p>\n<p style=\"margin-bottom: 0cm;\" align=\"LEFT\"><span style=\"font-size: medium;\"><br \/><\/span><\/p>\n<p><span style=\"font-size: medium;\"> <\/span><\/p>\n<p style=\"margin-bottom: 0cm;\" align=\"LEFT\"><span style=\"font-size: medium;\"><img decoding=\"async\" title=\"los ni\u00f1os se fotografian con pastor del parque natural de cabo de gata nijar\" src=\"https:\/\/www.parquenatural.com\/static\/fotos\/contenido\/blog\/pastor.jpg\" alt=\"Encuentro de ni\u00f1os de paseo con el pastor del parque natural de cabo de gata nijar\" width=\"704\" height=\"397\" \/><br \/><\/span><\/p>\n<p><span style=\"font-size: small;\"><em>Ni\u00f1os de paseo se fotograf\u00edan con un Pastor en el PN de Cabo de Gata N\u00edjar<br \/><\/em><\/span><em><span style=\"font-size: small;\">(Fotograf\u00eda Santiago Domenech Rold\u00e1n)<\/span><\/em><\/p>\n<p><span style=\"font-size: medium;\"><strong>&#8220;Los espacios naturales protegidos son los territorios con la naturaleza mejor conservada de un pa\u00eds o regi\u00f3n. Adem\u00e1s de la conservaci\u00f3n de sus recursos, tienen como objetivo el bienestar social de la poblaci\u00f3n local y el disfrute de sus valores paisaj\u00edsticos, naturales, est\u00e9ticos y culturales por parte de la ciudadan\u00eda. Son adem\u00e1s laboratorios para el desarrollo sostenible.&#8221; <br \/><span style=\"font-size: small;\"><em><\/em><\/span><\/strong><\/span><\/p>\n<p><span style=\"font-size: medium;\"><strong><span style=\"font-size: small;\"><em>(de <a title=\"guia adhesion a carta europea de turismo sostenibles\" href=\"http:\/\/www.redeuroparc.org\/publicaciones\/guiacets.pdf\" target=\"_blank\">Gu\u00eda<\/a> para la adhesi\u00f3n de las empresas tur\u00edsiticas a la CATS)<\/em><\/span><\/strong><\/span><\/p>\n<p>\u00a0<\/p>\n<p><span style=\"font-size: small;\"><strong>Algunas empresas en el Parque Natural de Cabo de Gata N\u00edjar adheridas a la Carta Europea de Turismo Sostenible: <\/strong><\/span><\/p>\n<p><a title=\"Los Malenos Aguamarga\" href=\"https:\/\/www.parquenatural.com\/en\/enlazando\/cortijolosmalenos\/\" target=\"_blank\"><span style=\"font-size: medium;\"><strong><span style=\"font-size: small;\">Cortijo Los Malenos<\/span><\/strong><\/span><\/a><\/p>\n<p><a title=\"ecoturismo parque natural cabo de gata nijar\" href=\"https:\/\/www.parquenatural.com\/en\/enlazando\/indalodeoz\/\" target=\"_blank\"><span style=\"font-size: medium;\"><strong><span style=\"font-size: small;\">Oz Nature Tours<\/span><\/strong><\/span><\/a><\/p>\n<p><a title=\"Casa biosostenible parque natural cabo de gata nijar \" href=\"https:\/\/www.parquenatural.com\/en\/enlazando\/elcampillo\/\" target=\"_blank\"><span style=\"font-size: medium;\"><strong><span style=\"font-size: small;\">Cortijo El Campillo<\/span><\/strong><\/span><\/a><\/p>\n<p><a title=\"Hotel Naturaleza Rodalquilar Parque natural cabo de gata nijar\" href=\"https:\/\/www.parquenatural.com\/en\/enlazando\/hotelrodalquilar\/\" target=\"_blank\"><span style=\"font-size: medium;\"><strong><span style=\"font-size: small;\">Hotel de Naturaleza Rodalquilar<\/span><\/strong><\/span><\/a><\/p>\n<p><a title=\"hotel El Sotillo san jose parque natural cabo de gata nijar\" href=\"https:\/\/www.parquenatural.com\/en\/enlazando\/hotelpakyta\/\" target=\"_blank\"><span style=\"font-size: medium;\"><strong><span style=\"font-size: small;\">Hotel Cortijo El Sotillo<\/span><\/strong><\/span><\/a><\/p>\n<p><a title=\"camping los escullos parque natural cabo de gata nijar\" href=\"https:\/\/www.parquenatural.com\/en\/enlazando\/losescullossanjose\/\" target=\"_blank\"><span style=\"font-size: medium;\"><strong><span style=\"font-size: small;\">Complejo tur\u00edstico Los Escullos-San Jos\u00e9<\/span><\/strong><\/span><\/a><\/p>\n<p><span style=\"font-size: medium;\"><strong><span style=\"font-size: small;\"><br \/><\/span><\/strong><\/span><\/p>\n<p><span style=\"font-size: medium;\"><strong> <\/strong><\/span><\/p>\n<p><span style=\"font-size: medium;\"><strong> <\/strong><\/span><\/p>\n<p><span style=\"font-size: medium;\"><strong> <\/strong><\/span><\/p>\n<p style=\"margin-bottom: 0cm;\">\u00a0<\/p>","protected":false},"excerpt":{"rendered":"<p>Renovaci\u00f3n de la Carta Europea  de Turismo Sostenible Parque Natural de Cabo de Gata N\u00edjar.<\/p>","protected":false},"author":3,"featured_media":0,"comment_status":"closed","ping_status":"closed","sticky":false,"template":"","format":"standard","meta":{"footnotes":""},"categories":[2],"tags":[],"class_list":["post-624","post","type-post","status-publish","format-standard","hentry","category-noticias"],"_links":{"self":[{"href":"https:\/\/www.parquenatural.com\/en\/wp-json\/wp\/v2\/posts\/624"}],"collection":[{"href":"https:\/\/www.parquenatural.com\/en\/wp-json\/wp\/v2\/posts"}],"about":[{"href":"https:\/\/www.parquenatural.com\/en\/wp-json\/wp\/v2\/types\/post"}],"author":[{"embeddable":true,"href":"https:\/\/www.parquenatural.com\/en\/wp-json\/wp\/v2\/users\/3"}],"replies":[{"embeddable":true,"href":"https:\/\/www.parquenatural.com\/en\/wp-json\/wp\/v2\/comments?post=624"}],"version-history":[{"count":0,"href":"https:\/\/www.parquenatural.com\/en\/wp-json\/wp\/v2\/posts\/624\/revisions"}],"wp:attachment":[{"href":"https:\/\/www.parquenatural.com\/en\/wp-json\/wp\/v2\/media?parent=624"}],"wp:term":[{"taxonomy":"category","embeddable":true,"href":"https:\/\/www.parquenatural.com\/en\/wp-json\/wp\/v2\/categories?post=624"},{"taxonomy":"post_tag","embeddable":true,"href":"https:\/\/www.parquenatural.com\/en\/wp-json\/wp\/v2\/tags?post=624"}],"curies":[{"name":"wp","href":"https:\/\/api.w.org\/{rel}","templated":true}]}}