{"id":684,"date":"2014-10-23T00:00:00","date_gmt":"2014-10-22T22:00:00","guid":{"rendered":"https:\/\/www.parquenatural.com\/blog\/los-cabos-del-cabo\/"},"modified":"2021-04-16T18:38:02","modified_gmt":"2021-04-16T16:38:02","slug":"los-cabos-del-cabo","status":"publish","type":"post","link":"https:\/\/www.parquenatural.com\/en\/los-cabos-del-cabo\/","title":{"rendered":"Los Cabos del Cabo"},"content":{"rendered":"<p>Cr\u00f3nica de Mois\u00e9s palmero, ganador del <em>IV Certamen Palabras para el Parque,\u00a0<\/em> sobre su estancia en el Parque Natural de Cabo de Gata N\u00edjar.<\/p>\n<p>\u00a0<\/p>\n<p><span style=\"font-family: arial,helvetica,sans-serif;\"><span style=\"font-size: medium;\">El premio para el texto ganador de la cuarta edici\u00f3n del Certamen\u00a0 &#8220;70 Palabras para el Parque&#8221; es una estancia muy especial para dos personas en el Parque Natural de Cabo de Gata N\u00edjar. El autor del texto elegido, tras varias eliminatorias y el arduo trabajo del Jurado,\u00a0 que este a\u00f1o vio superadas todas las expectativas por la cantidad de textos recibidos, fue desvelado tras su eleccci\u00f3n:\u00a0 Mois\u00e9s Palmero, un profesional conocido en la provincia por la Asociaci\u00f3n de Educaci\u00f3n Medio Ambiental <a title=\"El Arbol de las Piruletas\" href=\"http:\/\/aeaelarboldelaspiruletas.blogspot.com.es\/\" target=\"_blank\" rel=\"noopener\">&#8220;El \u00c1rbol de las Piruletas&#8221;<\/a>. <br \/><\/span><\/span><\/p>\n<p><span style=\"font-family: arial,helvetica,sans-serif;\"><span style=\"font-size: medium;\"><strong>Agradecemos a Mois\u00e9s su generosidad por ser \u00e9l mismo quien nos ofrece una cr\u00f3nica de su estancia en el Parque Natural Cabo de Gata N\u00edjar. Su mirada sobre este\u00a0 incre\u00edble espacio natural protegido es un premio enorme para quienes hemos organizado y patrocinado su visita<\/strong>:<\/span><\/span><\/p>\n<p><span style=\"font-family: arial,helvetica,sans-serif;\"> <\/span><\/p>\n<p><span style=\"font-family: arial,helvetica,sans-serif;\"> <\/span><\/p>\n<p style=\"text-indent: 1.25cm; margin-bottom: 0cm;\" align=\"JUSTIFY\"><em><span style=\"font-family: arial,helvetica,sans-serif;\"><span style=\"font-size: medium;\">&#8220;Nunca el mundo se presenta igual a los mismos ojos. M\u00e1xima que se hace palpable cada vez que uno visita el Cabo de Gata. En esta, m\u00ed por ahora, \u00faltima visita, percib\u00ed sus encantos a trav\u00e9s de la ilusionada, e incansable, mirada de <a href=\"https:\/\/www.parquenatural.com\/en\/\">www.parquenatural.com<\/a> y cuando pase el tiempo se confundir\u00e1 con el paisaje, se mezclar\u00e1 con las pitas, las calderas volc\u00e1nicas, los viejos molinos y todos los recordar\u00e1n como baluartes defensivos contra los piratas del olvido por su incansable lucha de recuperar, defender y poner en valor los elementos culturales,  ambientales y ecol\u00f3gicos de la tierra en la que eligieron vivir.<\/span><\/span><\/em><\/p>\n<p><em> <\/em><\/p>\n<p><em><span style=\"font-family: arial,helvetica,sans-serif;\"> <\/span><\/em><\/p>\n<p><em> <\/em><\/p>\n<p><em><span style=\"font-family: arial,helvetica,sans-serif;\"><span style=\"font-size: medium;\"> <\/span><\/span><\/em><\/p>\n<p><em> <\/em><\/p>\n<p><em><span style=\"font-family: arial,helvetica,sans-serif;\"> <\/span><\/em><\/p>\n<p><em> <\/em><\/p>\n<p style=\"text-indent: 1.25cm; margin-bottom: 0cm;\" align=\"JUSTIFY\"><em><span style=\"font-family: arial,helvetica,sans-serif;\"><span style=\"font-size: medium;\">Entre las muchas actividades que organizan para acercarnos a todos a su tierra est\u00e1 el <a title=\"IV Certamen Palabras para el Parque Cabo de Gata N\u00edjar - 2014\" href=\"https:\/\/www.parquenatural.com\/en\/blog\/convocatoria-iv-certamen-palabras-para-el-parque\/\" target=\"_blank\" rel=\"noopener\">Certamen 70 palabras para el Parque<\/a>. Una tarea dif\u00edcil cuando cada uno de los elementos del Espacio Protegido dar\u00eda para escribir cientos de publicaciones. Reducirlo a solo 70 palabras es un ejercicio de s\u00edntesis que te lleva a reflexionar sobre la verdadera esencia de este rinc\u00f3n. Tuve la suerte que las musas, la inspiraci\u00f3n, me ayudasen a ganarlo, a reducir las primeras ideas que vinieron a mi cabeza en un caligrama que pretend\u00eda representar el tiempo transcurrido, la Historia para el hombre y la evoluci\u00f3n para el medio ambiente. En el Cabo de Gata se mezclan de forma tan sutil que parecen el mismo y se confunden varados en la arena de cualquiera de sus calas.<\/span><\/span><\/em><\/p>\n<p style=\"text-indent: 1.25cm; margin-bottom: 0cm;\" align=\"JUSTIFY\"><em><span style=\"font-family: arial,helvetica,sans-serif;\"><span style=\"font-size: medium;\">Y si ya el reto de escribir un texto para presentarlo es interesante, aun lo es m\u00e1s la recompensa que ofrecen,  un fin de semana dej\u00e1ndote guiar por el Cabo de Gata. Cambiaron el premio en met\u00e1lico por una ingente cantidad de conocimiento, de informaci\u00f3n, de sensaciones. Te regalan su tiempo, haci\u00e9ndote sentir protagonista, para que te lleves la naturaleza y la historia en tus recuerdos, tatuadas en tu piel, corriendo por tus venas, atrapada en tu retina. Ha sido maravilloso.<\/span><\/span><\/em><\/p>\n<p style=\"text-indent: 1.25cm; margin-bottom: 0cm; text-align: center;\" align=\"JUSTIFY\"><em><span style=\"font-family: arial,helvetica,sans-serif;\"><span style=\"font-size: medium;\"><img fetchpriority=\"high\" decoding=\"async\" title=\"Mois\u00e9s Palmero y su acompa\u00f1ante disfrutan del Premio del Certamen Palabras para el Parque en el Cortijo El Sotillo\" src=\"https:\/\/www.parquenatural.com\/static\/fotos\/contenido\/BLOGparejaMoisesCarmen.jpg\" alt=\"Mois\u00e9s Palmero y su acompa\u00f1ante disfrutan del Premio del Certamen Palabras para el Parque Natural Cabo de Gata Nijar en el Cortijo El Sotillo\" width=\"750\" height=\"464\" \/><br \/><\/span><\/span><\/em><\/p>\n<p style=\"text-indent: 1.25cm; margin-bottom: 0cm;\" align=\"JUSTIFY\">\u00a0<\/p>\n<p style=\"text-indent: 1.25cm; margin-bottom: 0cm;\" align=\"JUSTIFY\"><em><span style=\"font-family: arial,helvetica,sans-serif;\"><span style=\"font-size: medium;\"><strong>\u00a0\u00a0\u00a0\u00a0\u00a0\u00a0 Nos alojaron en el<a title=\"Cortijo El Sotillo\" href=\"http:\/\/www.cortijoelsotillo.es\/cortijoelsotillo\/inicio\" target=\"_blank\" rel=\"noopener\"> Cortijo del Sotillo<\/a>, a la entrada de San Jos\u00e9. Unas instalaciones que se mimetizan con el paisaje, que solo llaman la atenci\u00f3n por los caballos que ves desde su carretera, pero que cuando te detienes a conocerlas descubres toda la historia que esconden<\/strong>. La antigua finca ganadera de Jos\u00e9 Gonz\u00e1lez Montoya fue recuperada manteniendo la misma estructura de los cortijos, casas bajas con techos planos, fresquitos en verano y calentitos en invierno. Paseando entre las habitaciones vas haciendo un recorrido por el Parque siguiendo los nombres de los cortijos por los que ten\u00eda repartido su ganado. A nosotros nos toc\u00f3 dormir en el Cortijo del Pinar reconfortados por todas las comodidades que quiz\u00e1s en otro tiempo no tuvieron pero que ahora son esenciales para su nueva funci\u00f3n. Y si las instalaciones nos parecieron incre\u00edbles el trato recibido desde nuestra llegada, el servicio que nos brindaron, nos hicieron sentir como en casa. Podr\u00edamos habernos quedado all\u00ed todo el tiempo pero ten\u00edan muchas cosas que ense\u00f1arnos.<\/span><\/span><\/em><\/p>\n<p><span style=\"font-family: arial,helvetica,sans-serif;\"> <\/span><\/p>\n<p><span style=\"font-family: arial,helvetica,sans-serif;\"><span style=\"font-size: medium;\"> <\/span><\/span><\/p>\n<p><span style=\"font-family: arial,helvetica,sans-serif;\"> <\/span><\/p>\n<p style=\"text-indent: 1.25cm; margin-bottom: 0cm;\" align=\"JUSTIFY\"><em><span style=\"font-family: arial,helvetica,sans-serif;\"><span style=\"font-size: medium;\"><strong>Recibidos por Pilar y guiados por Juli\u00e1n, de la <a title=\"Amigos del Parque\" href=\"http:\/\/www.cabodegata.net\/\" target=\"_blank\" rel=\"noopener\">Asociaci\u00f3n Amigos del Parque<\/a>,  formamos parte de la Ruta de los Piratas. Una actividad que realizan de forma altruista para dar a conocer a quien quiera acercarse el Cabo de Gata<\/strong>. Casi 120 personas recorrimos el sendero que une los Escullos con Cala Higuera, a la entrada de San Jos\u00e9. Un sendero sencillo, sin ninguna complicaci\u00f3n pero cargado de significado y de historia. Juli\u00e1n nos relat\u00f3 las leyendas de los viejos y temidos piratas que se acercaban a la costa en busca de agua, alimento y cortijos que robar y saquear. Nos habl\u00f3 de las fortificaciones que a lo largo de la costa del Cabo de Gata se levantaron para defenderse de estos ataques. Pero durante el recorrido tambi\u00e9n aprovech\u00f3 para hablarnos de los valores naturales que se esconden en el sendero,  Posidonia oce\u00e1nica, los delfines mulares, las canteras de bentonita, el origen geol\u00f3gico de los Frailes, las reservas marinas. Una ruta preciosa en la que aprendimos y disfrutamos de lo lindo.<br \/><\/span><\/span><\/em><\/p>\n<p><em> <\/em><\/p>\n<p style=\"text-indent: 1.25cm; margin-bottom: 0cm; text-align: left;\">\u00a0<\/p>\n<p style=\"text-align: center;\"><img decoding=\"async\" title=\" Ruta de los Piratas Amigos del Parque\" src=\"https:\/\/www.parquenatural.com\/static\/fotos\/contenido\/BLOGconPilarAmigos.JPG\" alt=\"Moises Palmero Con Pilar G.Carranza en Ruta Piratas Amigos del Parque\" width=\"750\" height=\"562\" \/><\/p>\n<p style=\"text-indent: 1.25cm; margin-bottom: 0cm; text-align: left;\"><span style=\"font-family: arial,helvetica,sans-serif;\"><span style=\"font-size: medium;\"><span style=\"font-size: small;\">\u00a0\u00a0\u00a0\u00a0\u00a0\u00a0\u00a0\u00a0\u00a0\u00a0\u00a0\u00a0\u00a0\u00a0\u00a0\u00a0\u00a0\u00a0\u00a0\u00a0\u00a0\u00a0\u00a0\u00a0\u00a0 <\/span><br \/><em>Cuando pens\u00e1bamos que m\u00e1s no se pod\u00eda pedir para terminar ese primer d\u00eda nos llevaron a cenar a <strong><a title=\"Casa Miguel Tierra de Cine San Jos\u00e9\" href=\"http:\/\/casamiguelentierradecine.es\/\" target=\"_blank\" rel=\"noopener\">Casa Miguel Tierra de Cine<\/a><\/strong>, uno de esos restaurantes que con solo entrar a tomar un caf\u00e9 ya merece la pena. Sus paredes recogen la historia del cine que se ha rodado en el Cabo de Gata a trav\u00e9s de fotos, carteles, y numerosos objetos como rifles y cascos de la Segunda Guerra Mundial. <strong>Comes rodeado de trocitos de historia que han conformado grandes \u00e9xitos del cine en las \u00faltimas d\u00e9cadas. Pero todos esos objetos pasan a un segundo plano cuando ves su carta y te pones a comer.<\/strong> No dir\u00e9 lo que cenamos porque podr\u00eda parecer que mi deseo es daros envidia pero fue una magnifica cena en un ambiente y trato magnifico bajo la atenta mirada de Clint Eastwood.<\/em><\/span><\/span><\/p>\n<p><span style=\"font-family: arial,helvetica,sans-serif;\"> <\/span><\/p>\n<p><span style=\"font-family: arial,helvetica,sans-serif;\"><span style=\"font-size: medium;\"> <\/span><\/span><\/p>\n<p><span style=\"font-family: arial,helvetica,sans-serif;\"> <\/span><\/p>\n<p style=\"text-indent: 1.25cm; margin-bottom: 0cm;\" align=\"JUSTIFY\"><em><span style=\"font-family: arial,helvetica,sans-serif;\"><span style=\"font-size: medium;\">A la ma\u00f1ana siguiente lleg\u00f3 uno de esos momentos, por inesperado, que te sientes afortunado. Nos llevaron a las <a title=\"Oficinas Parque Natural Cabo de Gata Nijar\" href=\"https:\/\/www.parquenatural.com\/en\/enlazando\/oficinaparquenaturalcabodegatanijar\/\" target=\"_blank\" rel=\"noopener\">oficinas del Parque Natural en Rodalquilar. Instalaciones<\/a> que hemos visitado alguna que otra vez y en las que pudimos saludar a viejos conocidos. Pero lo mejor de todo es que los Amigos del Parque hab\u00edan programado una visita para nosotros solos con <a title=\"Pablo Rivas T\u00e9cnico Ge\u00f3logo PN Cabo de Gata N\u00edjar\" href=\"https:\/\/www.parquenatural.com\/en\/blog\/pablo-rivas-el-geologo-del-parque\/\" target=\"_blank\" rel=\"noopener\">Pablo Rivas<\/a>, T\u00e9cnico ge\u00f3logo del Parque  y experto en Geoparques. Quiz\u00e1s para muchos no signifique nada pero <strong>recorrer el poblado minero, el valle de Rodalquilar y bajar hasta  el Playazo con Pablo es como ir al Museo del Prado y que el historiador m\u00e1s reputado te acompa\u00f1e en tu visita<\/strong>. Fueron muchos los temas de los que hablamos, el oro, las minas, los alumbres, los embarcaderos del playazo, los diferentes colores del paisaje, de arrecifes coralinos\u2026 Una ma\u00f1ana en la que aprend\u00ed que el cabo esta compuesto de muchos cabos seg\u00fan donde centres tu mirada y que la conjunci\u00f3n de todos ellos conforman el verdadero Cabo de Gata. Antes de marcharnos <a title=\"Emilio Roldan Director Conservador PN Cabo de Gata Nijar\" href=\"https:\/\/www.parquenatural.com\/en\/blog\/entrevista-al-director\/\" target=\"_blank\" rel=\"noopener\">Emilio Roldan<\/a>, Director conservador del Parque Natural, sali\u00f3 a saludarnos y entregarnos diversos materiales con la informaci\u00f3n de la zona. Todo un privilegio.<\/span><\/span><\/em><\/p>\n<p style=\"text-indent: 1.25cm; margin-bottom: 0cm;\" align=\"JUSTIFY\">\u00a0<\/p>\n<p style=\"text-align: center;\"><img decoding=\"async\" title=\"Ante el Patrimonio Industrial Minas de oro Rodalquilar Moises Palmero y Pablo Rivas PN Cabo de Gata N\u00edjar \" src=\"https:\/\/www.parquenatural.com\/static\/fotos\/contenido\/BLOGMoisesyPablo.jpg\" alt=\"Ante el Patrimonio Industrial Minas de oro Rodalquilar Moises Palmero y Pablo RivasPN Cabo d eGata N\u00edjar \" width=\"750\" height=\"681\" \/><\/p>\n<p style=\"text-indent: 1.25cm; margin-bottom: 0cm;\" align=\"JUSTIFY\">\u00a0\u00a0\u00a0\u00a0\u00a0\u00a0\u00a0\u00a0\u00a0\u00a0\u00a0\u00a0\u00a0\u00a0\u00a0\u00a0\u00a0\u00a0\u00a0\u00a0\u00a0\u00a0\u00a0\u00a0\u00a0\u00a0\u00a0\u00a0\u00a0\u00a0\u00a0\u00a0\u00a0\u00a0\u00a0\u00a0\u00a0\u00a0\u00a0\u00a0\u00a0\u00a0\u00a0\u00a0\u00a0\u00a0 <br \/><em>\u00a0\u00a0\u00a0\u00a0\u00a0\u00a0\u00a0\u00a0\u00a0\u00a0 <span style=\"font-family: arial,helvetica,sans-serif;\"><span style=\"font-size: medium;\">La tarde la pasamos en la <a title=\"Playa del Barronal PN Cabo de GAta N\u00edjar\" href=\"https:\/\/www.parquenatural.com\/en\/playa\/barronal\/\" target=\"_blank\" rel=\"noopener\">Cala del Barronal<\/a>.  A pesar del viento que nos acompa\u00f1aba pudimos ba\u00f1arnos y tomar un poco de este sol que es santo y se\u00f1a de nuestra provincia. <strong>En ese momento no \u00e9ramos conscientes que  al llegar la noche tendr\u00edamos la suerte de conocer a otro de esos personajes que conforman la historia reciente de San Jos\u00e9. Ram\u00f3n, del <a title=\"Restaurante El Emigrante San jos\u00e9\" href=\"http:\/\/solbahiasanjose.es\/restaurante\/\" target=\"_blank\" rel=\"noopener\">Restaurante<\/a><\/strong><a title=\"Restaurante El Emigrante San jos\u00e9\" href=\"http:\/\/solbahiasanjose.es\/restaurante\/\" target=\"_blank\" rel=\"noopener\"> <\/a><strong><a title=\"Restaurante El Emigrante San jos\u00e9\" href=\"http:\/\/solbahiasanjose.es\/restaurante\/\" target=\"_blank\" rel=\"noopener\">El Emigrante<\/a> nos recibi\u00f3 cordialmente para ofrecernos otra de esas cenas con sabor a mar que son una de sus especialidades. Su trato, su cercan\u00eda, su amabilidad nos hicieron pasar una noche inolvidable<\/strong>.<\/span><\/span><\/em><\/p>\n<p><em> <\/em><\/p>\n<p><em><span style=\"font-family: arial,helvetica,sans-serif;\"> <\/span><\/em><\/p>\n<p><em> <\/em><\/p>\n<p><em><span style=\"font-family: arial,helvetica,sans-serif;\"><span style=\"font-size: medium;\"> <\/span><\/span><\/em><\/p>\n<p><em> <\/em><\/p>\n<p><em><span style=\"font-family: arial,helvetica,sans-serif;\"> <\/span><\/em><\/p>\n<p><em> <\/em><\/p>\n<p style=\"text-indent: 1.25cm; margin-bottom: 0cm;\" align=\"JUSTIFY\"><span style=\"font-family: arial,helvetica,sans-serif;\"><span style=\"font-size: medium;\"><em>Con esa velada todo parec\u00eda tocar a su fin pero  Carmen Fern\u00e1ndez, de www.parquenatural.com y organizadora del certamen, vino a despedirnos, a darnos las gracias por nada, porque somos nosotros los que estaremos siempre agradecidos a la convocatoria de este certamen, a sus atenciones que nos hicieron sentir como aut\u00e9nticos protagonistas y a todo el equipo por el trabajo que hacen por su tierra.<\/em><\/p>\n<p>\u00a0\u00a0\u00a0\u00a0\u00a0\u00a0<em>\u00a0\u00a0 No puedo despedirme sin aconsejaros que particip\u00e9is en la V edici\u00f3n de 70 palabras para el Parque porque el Cabo esta repleto de otros muchos cabos dependiendo de la \u00e9poca del a\u00f1o que lo visites, de la ruta que elijas, de las personas que te acompa\u00f1en, de la perspectiva de la que mires. Nunca dejar\u00e1 de sorprenderte.<\/em><\/span><\/span><\/p>\n<p><em> <\/em><\/p>\n<p><em><span style=\"font-family: arial,helvetica,sans-serif;\"> <\/span><\/em><\/p>\n<p><em> <\/em><\/p>\n<p><em><span style=\"font-family: arial,helvetica,sans-serif;\"><span style=\"font-size: medium;\"> <\/span><\/span><\/em><\/p>\n<p><em> <\/em><\/p>\n<p><em><span style=\"font-family: arial,helvetica,sans-serif;\"> <\/span><\/em><\/p>\n<p><em> <\/em><\/p>\n<p><em><span style=\"font-family: arial,helvetica,sans-serif;\"><span style=\"font-size: medium;\">Agradecido por siempre, Mois\u00e9s S. Palmero Aranda.&#8221;<\/span><\/span><\/em><\/p>\n<p>\u00a0<\/p>\n<p style=\"text-align: left;\"><span style=\"font-family: arial,helvetica,sans-serif;\"><span style=\"font-size: medium;\">Agradecidos estamos a ti Mois\u00e9s, por tu cercan\u00eda, tu entusiasmo y por tu texto ganador del certamen, el caligrama que ha entusiasmado a nuestro Jurado. Tambi\u00e9n dar las gracias al Jurado por su trabajo y a los patrocinadores del premio de este a\u00f1o, as\u00ed como a todos los que hacen posible este portal. <\/span><\/span><\/p>\n<p style=\"text-align: center;\"><img loading=\"lazy\" decoding=\"async\" title=\"Caligrama Ganador IV Certamen \" src=\"https:\/\/www.parquenatural.com\/static\/fotos\/contenido\/CALIGRAMA MOISES SPALMERO.jpg\" alt=\"Caligrama ganador IV Certamen Palabras para el Parque Natural Cabo de Gata Nijar\" width=\"750\" height=\"812\" \/><\/p>\n<p style=\"text-align: center;\">Trabajo ganador del IV Cert\u00e1men Palabras para el Parque<br \/>Caligrama de Mois\u00e9s Palmero<\/p>\n<p style=\"text-align: center;\"><img loading=\"lazy\" decoding=\"async\" title=\"Texto del Caligrama Ganador IV Certamen Palabras para el Parque\" src=\"https:\/\/www.parquenatural.com\/static\/fotos\/contenido\/CALIGRAMA MOISES SPALMERO TEXTO.jpg\" alt=\"Texto del Caligrama Ganador IV Certamen Palabras para el Parque\" width=\"750\" height=\"227\" \/><\/p>","protected":false},"excerpt":{"rendered":"<p>Cr\u00f3nica de Mois\u00e9s palmero, ganador del IV Certamen Palabras para el Parque,\u00a0 sobre su estancia en el Parque Natural de Cabo de Gata N\u00edjar.<\/p>","protected":false},"author":3,"featured_media":0,"comment_status":"closed","ping_status":"closed","sticky":false,"template":"","format":"standard","meta":{"footnotes":""},"categories":[2],"tags":[],"class_list":["post-684","post","type-post","status-publish","format-standard","hentry","category-noticias"],"_links":{"self":[{"href":"https:\/\/www.parquenatural.com\/en\/wp-json\/wp\/v2\/posts\/684"}],"collection":[{"href":"https:\/\/www.parquenatural.com\/en\/wp-json\/wp\/v2\/posts"}],"about":[{"href":"https:\/\/www.parquenatural.com\/en\/wp-json\/wp\/v2\/types\/post"}],"author":[{"embeddable":true,"href":"https:\/\/www.parquenatural.com\/en\/wp-json\/wp\/v2\/users\/3"}],"replies":[{"embeddable":true,"href":"https:\/\/www.parquenatural.com\/en\/wp-json\/wp\/v2\/comments?post=684"}],"version-history":[{"count":0,"href":"https:\/\/www.parquenatural.com\/en\/wp-json\/wp\/v2\/posts\/684\/revisions"}],"wp:attachment":[{"href":"https:\/\/www.parquenatural.com\/en\/wp-json\/wp\/v2\/media?parent=684"}],"wp:term":[{"taxonomy":"category","embeddable":true,"href":"https:\/\/www.parquenatural.com\/en\/wp-json\/wp\/v2\/categories?post=684"},{"taxonomy":"post_tag","embeddable":true,"href":"https:\/\/www.parquenatural.com\/en\/wp-json\/wp\/v2\/tags?post=684"}],"curies":[{"name":"wp","href":"https:\/\/api.w.org\/{rel}","templated":true}]}}