{"id":685,"date":"2014-10-02T00:00:00","date_gmt":"2014-10-01T22:00:00","guid":{"rendered":"https:\/\/www.parquenatural.com\/blog\/asi-era-la-vida\/"},"modified":"2021-04-16T18:38:02","modified_gmt":"2021-04-16T16:38:02","slug":"asi-era-la-vida","status":"publish","type":"post","link":"https:\/\/www.parquenatural.com\/en\/asi-era-la-vida\/","title":{"rendered":"As\u00ed era la vida"},"content":{"rendered":"<p><span style=\"font-size: medium;\">&#8220;As\u00ed era la vida&#8221;, proyecto en marcha para la \u201crecuperaci\u00f3n de la memoria\u201d de los habitantes del Parque Natural de Cabo de Gata N\u00edjar, presentado en la VIII Semana de los Geoparques Europeos.<\/span><\/p>\n<p>\u00a0<\/p>\n<p>\u00a0<\/p>\n<p><span style=\"font-family: arial,helvetica,sans-serif;\"><span style=\"font-size: medium;\">Este &#8220;proyecto en marcha para la recuperaci\u00f3n de la memoria de los habitantes del Parque Natural de Cabo de Gata N\u00edjar&#8221; fue presentado en la VIII Semana de los Geoparques Europeos y cont\u00f3 con una c\u00e1lida acogida de vecinas y vecinos del Parque Natural.<br \/><\/span><\/span><\/p>\n<p><span style=\"font-family: arial,helvetica,sans-serif;\"> <\/span><\/p>\n<p><span style=\"font-family: arial,helvetica,sans-serif;\"><span style=\"font-size: medium;\"><strong>As\u00ed era la vida<\/strong> es un proyecto que nace de la necesidad de reconstruir un pasado\u00a0<\/span><span style=\"font-size: medium;\">disperso y diverso\u00a0 a partir de relatos orales de nuestros mayores, sus familias y sus hijos, as\u00ed como la recuperaci\u00f3n de fotograf\u00edas antiguas,  repartidas y enmarcadas entre las paredes y los estantes, o guardadas en cajas, antiguas latas de membrillo, \u00a0sobres y algunos \u00e1lbumnes, <\/span><span style=\"font-size: medium;\">de las pocas familias que habitaban el Geoparque Natural de Cabo de Gata N\u00edjar.<\/span><\/span><\/p>\n<p><span style=\"font-family: arial,helvetica,sans-serif;\"> <\/span><\/p>\n<p><span style=\"font-family: arial,helvetica,sans-serif;\"><span style=\"font-size: medium;\">Es un proyecto vivo, que comenz\u00f3 en Mayo de 2014  y que pretende consolidar un archivo fotogr\u00e1fico que nos muestre c\u00f3mo era la vida laboral, social y familiar que ha transformado el medio natural y ha estado enteramente ligada a \u00e9l hasta los a\u00f1os ochenta.<\/span><\/span><\/p>\n<p><span style=\"font-family: arial,helvetica,sans-serif;\"> <\/span><\/p>\n<p><span style=\"font-family: arial,helvetica,sans-serif;\"><span style=\"font-size: medium;\">La dificultad radica en la escasez de im\u00e1genes de un mundo, \u00a0en algunos casos, \u00a0poco o nada fotografiado hasta los setenta y un medio rural en que pocas familias tienen retratos o fotograf\u00edas, \u00a0en un territorio muy despoblado y aislado geogr\u00e1ficamente.<\/span><\/span><\/p>\n<p><span style=\"font-family: arial,helvetica,sans-serif;\"> <\/span><\/p>\n<p><span style=\"font-family: arial,helvetica,sans-serif;\"><span style=\"font-size: medium;\">Cuando digo \u201cnuestros mayores\u201d me refiero a aquellas mujeres y a aquellos hombres que vivieron en circunstancias muy diversas y adversas pero ten\u00edan algo en com\u00fan: una vida dura y dedicada enteramente al trabajo en la que sin embargo no falt\u00f3 la alegr\u00eda.<\/span><\/span><\/p>\n<p><span style=\"font-family: arial,helvetica,sans-serif;\"> <\/span><\/p>\n<p><span style=\"font-family: arial,helvetica,sans-serif;\"><span style=\"font-size: medium;\">A menudo idealizamos el pasado sin embargo, si atendemos los relatos que acompa\u00f1an las fotograf\u00edas, el pasado cercano e inmediato era dif\u00edcil.<\/span><\/span><\/p>\n<p><span style=\"font-family: arial,helvetica,sans-serif;\"> <\/span><\/p>\n<p><span style=\"font-family: arial,helvetica,sans-serif;\"><span style=\"font-size: medium;\">Uno de los fines de este proyecto es poner a disposici\u00f3n de la ciudadan\u00eda estas fotograf\u00edas, comentadas y documentadas en diversos soportes\u00a0 e ir creando a su vez un fondo digital de fotograf\u00edas, que conforme y deje constancia de la historia popular de esta tierra, un bien intangible que hay que mimar para no perder.<\/span><\/span><\/p>\n<p><span style=\"font-size: medium;\"><img fetchpriority=\"high\" decoding=\"async\" title=\"Vecinas del Parque Natural Cabo de Gata N\u00edjar Presentaci\u00f3n Proyecto \" src=\"https:\/\/www.parquenatural.com\/static\/fotos\/contenido\/BLOG ASI ERA LA VIDA1.jpg\" alt=\"vecinas parque natural cabo de gata nijar proyecto asi era la vida\" width=\"750\" height=\"444\" \/><br \/><\/span><\/p>\n<p style=\"text-align: center;\"><span style=\"font-size: small;\"><em>En la imagen vecinas del Parque Natural Cabo de Gata N\u00edjar,\u00a0 colaboradoras del proyecto As\u00ed era la Vida<\/em><\/span><\/p>\n<p><span style=\"font-family: arial,helvetica,sans-serif;\"><span style=\"font-size: medium;\"><br \/>La metodolog\u00eda del proyecto es realizar entrevistas con los propietarios de las fotograf\u00edas, que \u00a0informan del contexto y el tiempo en que las mismas se realizaron, \u00a0as\u00ed como de qui\u00e9nes son las personas que ellas aparecen etc. , para la posterior elaboraci\u00f3n de textos relacionados.<\/span><\/span><\/p>\n<p><span style=\"font-family: arial,helvetica,sans-serif;\"> <\/span><\/p>\n<p><span style=\"font-family: arial,helvetica,sans-serif;\"><span style=\"font-size: medium;\">La difusi\u00f3n del trabajo se llevar\u00e1 a cabo mediante exposiciones de fotograf\u00edas con sus correspondientes leyendas, la posterior edici\u00f3n de un libro con selecci\u00f3n de fotograf\u00edas y textos ampliados y la creaci\u00f3n de un archivo digital \u2013 exposici\u00f3n web, de \u00e1mbito p\u00fablico.<\/span><\/span><\/p>\n<p><span style=\"font-family: arial,helvetica,sans-serif;\"> <\/span><\/p>\n<p><span style=\"font-family: arial,helvetica,sans-serif;\"><span style=\"font-size: medium;\">\u201cLa cercan\u00eda y confianza de muchas familias en el \u00e1mbito del Geoparque, el conocimiento de esta tierra y sus habitantes desde 1.983, mi formaci\u00f3n como escritora y mi experiencia en diversos trabajos de comunicaci\u00f3n y eventos culturales,  hacen que me sienta capacitada para enfrentar con ilusi\u00f3n y seguridad este proyecto,  que ha contado con el apoyo de la <a title=\"Oficina PN Cabo de Gata N\u00edjar\" href=\"https:\/\/www.parquenatural.com\/en\/enlazando\/oficinaparquenaturalcabodegatanijar\/\" target=\"_blank\" rel=\"noopener\">Oficina del Parque Cabo de Gata N\u00edjar<\/a> y de la Empresa Local <a title=\"Empresa Inform\u00e1tica PN Cabo de Gata Nijar\" href=\"http:\/\/www.indaloweb.es\/\" target=\"_blank\" rel=\"noopener\">Indaloweb<\/a> , responsable del portal tem\u00e1tico <a href=\"https:\/\/www.parquenatural.com\/en\/\">www.parquenatural.com<\/a>&#8220;<\/span><\/span><\/p>\n<p><span style=\"font-family: arial,helvetica,sans-serif;\"><span style=\"font-size: medium;\">&#8220;Agradezco\u00a0 encarecidamente la ayuda que he recibido para la presentaci\u00f3n de este proyecto de Antonio Ferre y su hija Emilia &#8220;por recibirme y prestarme sus fotograf\u00edas&#8221;,\u00a0 de Josefina Hern\u00e1ndez Nieto y sus padres, \u201cLa hija de la Molinera\u201d y \u201cManuel de los Genoveses\u201d , de <a title=\"Primer taxi PN Cabo de Gata N\u00edjar\" href=\"https:\/\/www.parquenatural.com\/en\/blog\/aquel-taxi-de-pepe\/\" target=\"_blank\" rel=\"noopener\">Jos\u00e9 Villegas<\/a> que condujo aquel taxi con el que Autocares Bernardo llevaba a la gente hasta su autob\u00fas, familias entra\u00f1ables y generosas, la de Rodolfo Caparr\u00f3s &#8220;que va engarzando una memoria del poblado de Rodalquilar&#8221; con una pasado marcadamente diferente en su pueblo minero, la de Mat\u00edas que me prest\u00f3 unas fotograf\u00edas de San Jos\u00e9, la de Paqui de La Torta que me cont\u00f3 qu\u00e9 llevaba su abuela en las alforjas de aquel borrico, la de Juani de San Jos\u00e9&#8230;y la de todos los que est\u00e1n ahora mismo buscando fotograf\u00edas por sus casas, as\u00ed como el apoyo y el \u00e1nimo para arrancar este proyecto de <a title=\"Entrevista a Pablo Rivas\" href=\"https:\/\/www.parquenatural.com\/en\/blog\/pablo-rivas-el-geologo-del-parque\/\" target=\"_blank\" rel=\"noopener\">Pablo Rivas<\/a> y <a title=\"Jose Manuel Quero PN Cabo de Gata n\u00edjar\" href=\"https:\/\/www.parquenatural.com\/en\/blog\/entrevista-al-director-del-parque-natural-de-cabo-de-gata-nijar\/\" target=\"_blank\" rel=\"noopener\">Jos\u00e9 Manuel Quero<\/a>&#8220;<\/span><\/span><\/p>\n<p style=\"text-align: center;\"><span style=\"font-size: medium;\"><img decoding=\"async\" title=\"Presentaci\u00f3n Proyecto As\u00ed era la Vida en la  Semana Geoparque Cabo de Gata N\u00edjar\" src=\"https:\/\/www.parquenatural.com\/static\/fotos\/contenido\/BLOG ASI ERA LA VIDA2.jpg\" alt=\"Presentaci\u00f3n Proyecto As\u00ed era la Vida en la  Semana Geoparque Cabo de Gata N\u00edjar\" width=\"750\" height=\"478\" \/><br \/><\/span><\/p>\n<p><span style=\"font-size: medium;\"><em><span style=\"font-size: small;\">Presentaci\u00f3n de &#8220;As\u00ed era la Vida&#8221; en la\u00a0 Semana Geoparque Cabo de Gata N\u00edjar<\/span><\/em><\/span><\/p>\n<p><span style=\"font-family: arial,helvetica,sans-serif;\"><span style=\"font-size: medium;\">&#8220;Me pongo a disposici\u00f3n de quienes quieran colaborar en la construcci\u00f3n de este pasado reciente, recuperando esas fotos que acaban perdi\u00e9ndose en mudanzas y obras,  almacenadas en trasteros y viejas latas de membrillo o destruidas por quienes no  d\u00e1ndoles ning\u00fan valor necesitaban hacer sitio para el futuro.\u00a0<\/span><\/span><\/p>\n<p><span style=\"font-family: arial,helvetica,sans-serif;\"> <\/span><\/p>\n<p><span style=\"font-family: arial,helvetica,sans-serif;\"><span style=\"font-size: medium;\">Estoy convencida de que \u201cun futuro con pasado\u201d es m\u00e1s rico, m\u00e1s f\u00e1cil, m\u00e1s comprensivo y tal vez capaz de heredar esa alegr\u00eda de vivir  pese a las dificultades y frente  a la adversidad alegr\u00eda,  al fin y al cabo\u201d<\/span><\/span><\/p>\n<p><span style=\"font-family: arial,helvetica,sans-serif;\"> <\/span><\/p>\n<p><span style=\"font-family: arial,helvetica,sans-serif;\"><span style=\"font-size: medium;\">Pr\u00f3ximamente se llevar\u00e1 a cabo la presentaci\u00f3n de este proyecto en San Jos\u00e9:<br \/><a era la href=\"https:\/\/www.facebook.com\/events\/1564371840463274\/\" target=\"_blank\" rel=\"noopener\">PR\u00d3XIMA PRESENTACI\u00d3N AS\u00cd ERA LA VIDA<\/a><\/span><\/span><\/p>\n<p><span style=\"font-family: arial,helvetica,sans-serif;\"> <\/span><\/p>\n<p><span style=\"font-family: arial,helvetica,sans-serif;\"><span style=\"font-size: medium;\"><br \/>Carmen F.Pe\u00f1a<br \/>AS\u00cd ERA LA VIDA: Recuperando la memoria, proyecto en marcha.<br \/><a href=\"mailto:asieralavida@parquenatural.com\">asieralavida@parquenatural.com<\/a><\/span><\/span><\/p>\n<p><span style=\"font-family: arial,helvetica,sans-serif;\"> <\/span><\/p>\n<p><span style=\"font-family: arial,helvetica,sans-serif;\"><br \/><\/span><\/p>\n<p><span style=\"font-family: arial,helvetica,sans-serif;\"> <\/span><\/p>\n<p>\u00a0<\/p>\n<p>\u00a0<\/p>\n<p>\u00a0<\/p>","protected":false},"excerpt":{"rendered":"<p>&#8220;As\u00ed era la vida&#8221;, proyecto en marcha para la \u201crecuperaci\u00f3n de la memoria\u201d de los habitantes del Parque Natural de Cabo de Gata N\u00edjar, presentado en la VIII Semana de los Geoparques Europeos.<br \/>\n\u00a0<\/p>","protected":false},"author":3,"featured_media":0,"comment_status":"closed","ping_status":"closed","sticky":false,"template":"","format":"standard","meta":{"footnotes":""},"categories":[2],"tags":[],"class_list":["post-685","post","type-post","status-publish","format-standard","hentry","category-noticias"],"_links":{"self":[{"href":"https:\/\/www.parquenatural.com\/en\/wp-json\/wp\/v2\/posts\/685"}],"collection":[{"href":"https:\/\/www.parquenatural.com\/en\/wp-json\/wp\/v2\/posts"}],"about":[{"href":"https:\/\/www.parquenatural.com\/en\/wp-json\/wp\/v2\/types\/post"}],"author":[{"embeddable":true,"href":"https:\/\/www.parquenatural.com\/en\/wp-json\/wp\/v2\/users\/3"}],"replies":[{"embeddable":true,"href":"https:\/\/www.parquenatural.com\/en\/wp-json\/wp\/v2\/comments?post=685"}],"version-history":[{"count":0,"href":"https:\/\/www.parquenatural.com\/en\/wp-json\/wp\/v2\/posts\/685\/revisions"}],"wp:attachment":[{"href":"https:\/\/www.parquenatural.com\/en\/wp-json\/wp\/v2\/media?parent=685"}],"wp:term":[{"taxonomy":"category","embeddable":true,"href":"https:\/\/www.parquenatural.com\/en\/wp-json\/wp\/v2\/categories?post=685"},{"taxonomy":"post_tag","embeddable":true,"href":"https:\/\/www.parquenatural.com\/en\/wp-json\/wp\/v2\/tags?post=685"}],"curies":[{"name":"wp","href":"https:\/\/api.w.org\/{rel}","templated":true}]}}