{"id":687,"date":"2014-11-13T00:00:00","date_gmt":"2014-11-12T23:00:00","guid":{"rendered":"https:\/\/www.parquenatural.com\/blog\/tu-destino-parque-natural-cabo-de-gata-nijar\/"},"modified":"2021-04-16T18:38:02","modified_gmt":"2021-04-16T16:38:02","slug":"tu-destino-parque-natural-cabo-de-gata-nijar","status":"publish","type":"post","link":"https:\/\/www.parquenatural.com\/en\/tu-destino-parque-natural-cabo-de-gata-nijar\/","title":{"rendered":"Parque Natural Cabo de Gata N\u00edjar: Tu destino"},"content":{"rendered":"<p><span>&#8220;Se denomina\u00a0<\/span><strong>destino tur\u00edstico<\/strong><span>\u00a0a una zona o \u00e1rea geogr\u00e1fica ubicada en un lugar lejano y que es visitada por el turista&#8221;. \u00bfHas encontrado tu destino?<\/span><\/p>\n<p>\u00a0<\/p>\n<p><span style=\"font-size: medium;\"><span style=\"font-family: arial, helvetica, sans-serif;\">\u201cSe denomina destino tur\u00edstico a una zona o \u00e1rea geogr\u00e1fica ubicada en un lugar lejano y que es visitada por el turista, cuenta con l\u00edmites de naturaleza f\u00edsica, de contexto pol\u00edtico y de percepci\u00f3n por parte del mercado\u201d. Pero si adem\u00e1s queremos ser un \u201cdestino tur\u00edstico sostenible\u201d la cosa cambia. <\/span><\/span><\/p>\n<p><span style=\"font-size: medium;\"><span style=\"font-family: arial, helvetica, sans-serif;\">La <a title=\"Sostenibilidad PN Cabo de Gata N\u00edjar\" href=\"https:\/\/www.parquenatural.com\/en\/blog\/sostenibilidad-es-negocio\/\" target=\"_blank\" rel=\"noopener\">sostenibilidad<\/a> es imprescindible en el \u00a0desarrollo tur\u00edstico del Parque Natural de Cabo de Gata N\u00edjar para\u00a0 que no se convierta en un destino m\u00e1s y conserve sus atractivos. En la actualidad hay mucho trabajo por delante para que \u00a0sea real y no depender s\u00f3lo del turismo nacional de sol y playa, estacionalizado \u00a0y concentrado en dos meses de verano y en cuatro d\u00edas de Semana Santa.\u00a0<\/span><\/span><\/p>\n<p><span style=\"font-size: medium;\"><span style=\"font-family: arial, helvetica, sans-serif;\">Se trata de que haya <a title=\"Diferentes servicios en el Parque Natural Cabo de Gata N\u00edjar\" href=\"https:\/\/www.parquenatural.com\/en\/disfrutar-cabo-de-gata\/\" target=\"_blank\" rel=\"noopener\">servicios<\/a> durante todo el a\u00f1o -poder tomar un caf\u00e9 si te apetece, \u00a0comprar algo si lo necesitas- y\u00a0 de evitar s <a title=\"Plan de Movilidad Parque Natural Cabo de Gata N\u00edjar\" href=\"https:\/\/www.parquenatural.com\/en\/blog\/plan-de-movilidad-sostenible-parque-natural-cabo-de-gata-nijar\/\" target=\"_blank\" rel=\"noopener\">aglomeraciones<\/a> en los picos \u00a0de m\u00e1xima ocupaci\u00f3n, pero hoy quer\u00edamos hablar de \u201cnuestro destino\u201d, peculiar y maravilloso, especial y atractivo, con horas de sol garantizadas trescientos d\u00edas al a\u00f1o, con ya las <a title=\"Dormir en PN Cabo de Gata N\u00edjar\" href=\"https:\/\/www.parquenatural.com\/en\/dormir-en-cabo-de-gata\/\">infraestructuras<\/a> necesarias para poder disfrutar de este incre\u00edble lugar durante todo el a\u00f1o.<\/span><\/span><\/p>\n<p><span style=\"font-size: medium;\"><span style=\"font-family: arial, helvetica, sans-serif;\"><span style=\"font-family: arial, helvetica, sans-serif;\">Cabo de Gata &#8211; N\u00edjar\u00a0 es una Reserva de la Biosfera,\u00a0 un <a title=\"reserva marina cabo de gata nijar\" href=\"https:\/\/www.parquenatural.com\/en\/informacion\/57\/\" target=\"_blank\" rel=\"noopener\">Parque Natural Mar\u00edtimo<\/a> Terrestre; un <a title=\"Qu\u00e9 y c\u00f3mo Geoparque Cabo de Gata N\u00edjar\" href=\"https:\/\/www.parquenatural.com\/en\/blog\/pablo-rivas-el-geologo-del-parque\/\" target=\"_blank\" rel=\"noopener\">Geoparque<\/a> integrado en la Red Espa\u00f1ola, Europea y Mundial de Geoparques. \u00a0Nos hemos convertido en un magn\u00edfico destino para el <a title=\"Bucear en el Parque Natural  Cabo de Gata N\u00edjar\" href=\"https:\/\/www.parquenatural.com\/en\/disfrutar-cabo-de-gata\/\" target=\"_blank\" rel=\"noopener\">Buceo<\/a><\/span><\/span><\/span><\/p>\n<p style=\"text-align: center;\"><span style=\"font-size: medium;\"><span style=\"font-family: arial, helvetica, sans-serif;\"><span style=\"font-family: arial, helvetica, sans-serif;\"><img fetchpriority=\"high\" decoding=\"async\" title=\"Hermelindo Castro y vecinos en Genoveses 1986\" src=\"https:\/\/www.parquenatural.com\/static\/fotos\/contenido\/Hermelindo1986.jpg\" alt=\"Hermelindo Castro y vecinos en Genoveses 1986\" width=\"750\" height=\"504\" \/><br \/><\/span><\/span><\/span><\/p>\n<p style=\"text-align: center;\"><span style=\"font-size: small;\">Hermelindo Castro Nogueira con vecinos en Los Genoveses ante la declaraci\u00f3n de Parque Natural Cabo de Gata N\u00edjar<br \/>(Fotograf\u00eda Carmen Fdez.Pe\u00f1a) <\/span><\/p>\n<p>\u00a0<\/p>\n<p><span style=\"font-size: medium;\"><span style=\"font-family: arial, helvetica, sans-serif;\"><span style=\"font-family: arial, helvetica, sans-serif;\">Estamos en &#8220;tierra de cine&#8221;, no s\u00f3lo porque anden siempre rodando por aqu\u00ed \u00a0-cuando acaban de marcharse los de \u00c9xodus, Vivir es f\u00e1cil con los ojos cerrados o El ni\u00f1o ya est\u00e1n rodando Clavius&#8230;- sin contar tantas inolvidables pel\u00edculas en nuestras playas, desde Lawrence de Arabia hasta Las Aventuras del Bar\u00f3n Mathausen pasando por Indiana Jones&#8230; si no tambi\u00e9n \u00a0 porque hace a\u00f1os cambi\u00f3 la vida de nuestros habitantes un desconocido Clint Eastwood, saltando a la fama de la mano de Sergio Leone al hacer aqu\u00ed sus m\u00e1s famosos Spaghetti Western -Un Pu\u00f1ado de D\u00f3lares, La Muerte Ten\u00eda un Precio, El Bueno, el feo y el malo-&#8230;&#8221; habiendo dejado su huella para siempre y convirtiendo \u201cla era de Los Albaricoques\u201d en \u201cla era del duelo a muerte\u201d, muy cerca del <\/span>Cortijo del Fraile, donde se desarrollaron los acontecimientos que dieron lugar a \u201cPu\u00f1al de Claveles&#8221; de Carmen de Burgos y &#8220;Bodas de Sangre&#8221;, de Federico Garc\u00eda Lorca.\u00a0 La literatura siempre estuvo aqu\u00ed, desde Campos de N\u00edjar hasta las novelas que en su momento &#8220;rompieron con la pana&#8221; como &#8220;Belver Jin&#8221; de Jes\u00fas Ferrero&#8230;y la Poes\u00eda, los poemas de Javier Egea en La isleta, la poes\u00eda &#8220;instalada&#8221; en El Parque, con Jos\u00e9 Angel Valente al frente. Tambi\u00e9n la m\u00fasica: los m\u00fasicos encontraron aqu\u00ed una fuente de inspiraci\u00f3n y un lugar para el descanso \u00a0\u00a1o para la marcha!, desde Joe Strumer, enamorado y visitante asiduo hasta el final de esta tierra, cuyos habitantes \u00a0bailaban a The Clash, hasta Finish Africae, con su Bah\u00eda de los Genoveses, pasando por Rosendo que ha grabado aqu\u00ed muchos de sus temas, uno a la orilla de &#8220;este mar nuestro&#8221; y otros muchos autores.<\/span><\/span><\/p>\n<p>\u00a0<\/p>\n<p style=\"text-align: center;\"><img decoding=\"async\" title=\"Fotograf\u00eda Ruta  Geogata 2014\" src=\"https:\/\/www.parquenatural.com\/static\/fotos\/contenido\/destino3.jpg\" alt=\"Fotograf\u00eda Ruta  Geogata 2014\" width=\"750\" height=\"562\" \/><\/p>\n<p style=\"text-align: center;\"><span style=\"font-size: small;\">Fotograf\u00eda propiedad de David Monge, Ruta con Geogata 2014<\/span><\/p>\n<p>\u00a0<\/p>\n<p><span style=\"font-size: medium;\"><span style=\"font-family: arial, helvetica, sans-serif;\">Vivimos en una tierra llena de &#8220;volcanes dormidos&#8221; y somos uno de los Destinos Ornitol\u00f3gicos m\u00e1s interesantes de Europa, con Las Salinas del Cabo de Gata como parada obligada de los <a title=\"Aves migratorias en PN Cabo de Gata N\u00edjar\" href=\"https:\/\/www.parquenatural.com\/en\/blog\/cabo-de-gata-y-la-migracion-de-las-aves\/\">movimientos migratorios<\/a> entre Europa y Africa y su poblaci\u00f3n estable de flamencos. \u00a0En cuanto a \u00a0Fotograf\u00eda \u00a0los profesionales de todo el mundo aman nuestra luz \u00a0cenital \u00a0y una de las im\u00e1genes m\u00e1s tur\u00edsticas que he visto nunca, son las mujeres de &#8220;los 60&#8221; \u00a0en bikini y llenas de colorines de P\u00e9rez Siquier, que ha compartido momentos en El Cabo con Joan Fontcuberta, Bernard Plossu, Oscar Molina y tantos grandes fot\u00f3grafos que la lista ser\u00eda interminable.<\/span><\/span><\/p>\n<p><span style=\"font-size: medium;\"><span style=\"font-family: arial, helvetica, sans-serif;\">Los Paisajes \u00a0son un deleite para extender la vista sin ning\u00fan obst\u00e1culo. Unos de los mayores atractivos de este lugar fuera de los bulliciosos Julio y Agosto, son los \u201cpaisajes sonoros\u201d, olas, p\u00e1jaros, grillos, silencio aparente. Desde luego y ante todo es un lugar para<strong> <a title=\"Disfrutar en el Parque Natural  Cabo de Gata N\u00edjar\" href=\"https:\/\/www.parquenatural.com\/en\/disfrutar-cabo-de-gata\/\" target=\"_blank\" rel=\"noopener\">disfrutar<\/a>.<\/strong><br \/><\/span><\/span><\/p>\n<p><span style=\"font-size: medium;\"><span style=\"font-family: arial, helvetica, sans-serif;\">El Parque firm\u00f3 hace tiempo su <a title=\"Parque Natural Cabo de Gata Nijar Carta Europea de Turismo Sosotenible\" href=\"https:\/\/www.parquenatural.com\/en\/blog\/carta-europea-de-turismo-sostenible\/\" target=\"_blank\" rel=\"noopener\">Adhesi\u00f3n a la Carta Europea<\/a> de Turismo Sostenible;\u00a0 desarrollar una actividad tur\u00edstica en un Espacio Natural Protegido conlleva tambi\u00e9n una gran responsabilidad y supone un reto.\u00a0<\/span><\/span><\/p>\n<p><span style=\"font-size: medium;\"><span style=\"font-family: arial, helvetica, sans-serif;\">Sumemos que es uno de los lugares con menor contaminaci\u00f3n lum\u00ednica y privilegiado destino para la <a title=\"El cielo astronom\u00eda en el PN Cabo de Gata Nijar\" href=\"https:\/\/www.parquenatural.com\/en\/blog\/disfrutar-del-cielo\/\" target=\"_blank\" rel=\"noopener\">observaci\u00f3n y el estudio del cielo<\/a>, que hace las delicias de los aficionados a la astronom\u00eda.\u00a0<\/span><\/span><\/p>\n<p>\u00a0<\/p>\n<p style=\"text-align: center;\"><span style=\"font-size: medium;\"><span style=\"font-family: arial, helvetica, sans-serif;\"><img decoding=\"async\" title=\"Noche Estrellada y Cortijo del Fraile de Antonio Luis Martinez \" src=\"https:\/\/www.parquenatural.com\/static\/fotos\/contenido\/destino4.jpg\" alt=\"Noche Estrellada y Cortijo del Fraile de Antonio Luis Martinez \" width=\"440\" height=\"660\" \/><br \/><\/span><\/span><\/p>\n<p style=\"text-align: center;\"><span style=\"font-size: small;\">Noche Estrellada y Cortijo del Fraile de Antonio Luis Martinez <br \/><\/span><\/p>\n<p style=\"text-align: center;\">\u00a0<\/p>\n<p><span style=\"font-size: medium;\">No olvidemos que es el \u00fanico desierto de Europa, en donde las flores han aprendido a sobrevivir regal\u00e1ndonos una primavera &#8220;extra&#8221; todos los inviernos. <span style=\"font-family: arial, helvetica, sans-serif;\">Por todo ello &#8220;el parque&#8221; es un gran destino para deportistas y paseantes, amantes del mar y de la tierra, cient\u00edficos y creadores, gentes de toda edad y condici\u00f3n y tal vez tambi\u00e9n sea tu destino.<br \/><\/span><\/span><span style=\"font-family: arial, helvetica, sans-serif; font-size: medium;\">Ahora es un tiempo precioso \u00a0para pasear el parque, para disfrutarlo, para <\/span><a style=\"font-family: arial, helvetica, sans-serif; font-size: medium;\" title=\"Conocer el Parque Natural Cabo de Gata Nijar\" href=\"https:\/\/www.parquenatural.com\/en\/conocer-cabo-de-gata\/\" target=\"_blank\" rel=\"noopener\">conocerlo<\/a><span style=\"font-family: arial, helvetica, sans-serif; font-size: medium;\">. <br \/>Un tiempo precioso para disfrutar y no sentirte un\/una \u00a0turista si no alguien especial en un lugar en el mundo que puede ser \u00a1tu destino!<\/span><\/p>\n<p>\u00a0<\/p>\n<p style=\"text-align: center;\"><span style=\"font-family: arial, helvetica, sans-serif; font-size: medium;\"><img loading=\"lazy\" decoding=\"async\" title=\"Vegetaci\u00f3n Dunas Los Genoveses de Santiago Domenech \" src=\"https:\/\/www.parquenatural.com\/static\/fotos\/contenido\/destino1.jpg\" alt=\"Vegetaci\u00f3n Dunas Los Genoveses de Santiago Domenech \" width=\"750\" height=\"499\" \/><\/span><\/p>\n<p style=\"text-align: center;\"><span style=\"font-family: arial, helvetica, sans-serif; font-size: medium;\"><span style=\"font-size: small;\">Vegetaci\u00f3n Dunas Los Genoveses de Santiago Domenech <\/span><br \/><\/span><\/p>","protected":false},"excerpt":{"rendered":"<p>&#8220;Se denomina\u00a0destino tur\u00edstico\u00a0a una zona o \u00e1rea geogr\u00e1fica ubicada en un lugar lejano y que es visitada por el turista&#8221;. \u00bfHas encontrado tu destino?<\/p>","protected":false},"author":3,"featured_media":0,"comment_status":"closed","ping_status":"closed","sticky":false,"template":"","format":"standard","meta":{"footnotes":""},"categories":[2],"tags":[],"class_list":["post-687","post","type-post","status-publish","format-standard","hentry","category-noticias"],"_links":{"self":[{"href":"https:\/\/www.parquenatural.com\/en\/wp-json\/wp\/v2\/posts\/687"}],"collection":[{"href":"https:\/\/www.parquenatural.com\/en\/wp-json\/wp\/v2\/posts"}],"about":[{"href":"https:\/\/www.parquenatural.com\/en\/wp-json\/wp\/v2\/types\/post"}],"author":[{"embeddable":true,"href":"https:\/\/www.parquenatural.com\/en\/wp-json\/wp\/v2\/users\/3"}],"replies":[{"embeddable":true,"href":"https:\/\/www.parquenatural.com\/en\/wp-json\/wp\/v2\/comments?post=687"}],"version-history":[{"count":0,"href":"https:\/\/www.parquenatural.com\/en\/wp-json\/wp\/v2\/posts\/687\/revisions"}],"wp:attachment":[{"href":"https:\/\/www.parquenatural.com\/en\/wp-json\/wp\/v2\/media?parent=687"}],"wp:term":[{"taxonomy":"category","embeddable":true,"href":"https:\/\/www.parquenatural.com\/en\/wp-json\/wp\/v2\/categories?post=687"},{"taxonomy":"post_tag","embeddable":true,"href":"https:\/\/www.parquenatural.com\/en\/wp-json\/wp\/v2\/tags?post=687"}],"curies":[{"name":"wp","href":"https:\/\/api.w.org\/{rel}","templated":true}]}}