{"id":7,"date":"2002-02-20T00:00:00","date_gmt":"2002-02-19T23:00:00","guid":{"rendered":"https:\/\/www.parquenatural.com\/blog\/8-de-marzo-dia-internacional-de-la-mujer\/"},"modified":"2019-02-14T18:01:14","modified_gmt":"2019-02-14T17:01:14","slug":"8-de-marzo-dia-internacional-de-la-mujer","status":"publish","type":"post","link":"https:\/\/www.parquenatural.com\/en\/8-de-marzo-dia-internacional-de-la-mujer\/","title":{"rendered":"8 de Marzo Dia Internacional de la Mujer"},"content":{"rendered":"<p>El D\u00eda Internacional de la Mujer, celebrado cada a\u00f1o el 8 de marzo, es un momento para que mujeres y hombres en el mundo celebren el papel de la mujer en todas las \u00e1reas del cometido humano que producen cambios positivos, armon\u00eda social y posibilidad de mejoramiento general de las condiciones de vida de nuestra generaci\u00f3n y de generaciones futuras.<br \/>\nOs felicitamos a todas las mujeres del Parque y visitanttes<\/p>\n<p>\u00a0<\/p>\n<p>El D\u00eda Internacional de la Mujer, celebrado cada a\u00f1o el 8 de marzo, es un momento para que mujeres y hombres en el mundo celebren el papel de la mujer en todas las \u00e1reas del cometido humano que producen cambios positivos, armon\u00eda social y posibilidad de mejoramiento general de las condicio<\/p>","protected":false},"excerpt":{"rendered":"<p>El D\u00eda Internacional de la Mujer, celebrado cada a\u00f1o el 8 de marzo, es un momento para que mujeres y hombres en el mundo celebren<\/p>","protected":false},"author":3,"featured_media":0,"comment_status":"closed","ping_status":"closed","sticky":false,"template":"","format":"standard","meta":{"footnotes":""},"categories":[2],"tags":[],"class_list":["post-7","post","type-post","status-publish","format-standard","hentry","category-noticias"],"_links":{"self":[{"href":"https:\/\/www.parquenatural.com\/en\/wp-json\/wp\/v2\/posts\/7"}],"collection":[{"href":"https:\/\/www.parquenatural.com\/en\/wp-json\/wp\/v2\/posts"}],"about":[{"href":"https:\/\/www.parquenatural.com\/en\/wp-json\/wp\/v2\/types\/post"}],"author":[{"embeddable":true,"href":"https:\/\/www.parquenatural.com\/en\/wp-json\/wp\/v2\/users\/3"}],"replies":[{"embeddable":true,"href":"https:\/\/www.parquenatural.com\/en\/wp-json\/wp\/v2\/comments?post=7"}],"version-history":[{"count":0,"href":"https:\/\/www.parquenatural.com\/en\/wp-json\/wp\/v2\/posts\/7\/revisions"}],"wp:attachment":[{"href":"https:\/\/www.parquenatural.com\/en\/wp-json\/wp\/v2\/media?parent=7"}],"wp:term":[{"taxonomy":"category","embeddable":true,"href":"https:\/\/www.parquenatural.com\/en\/wp-json\/wp\/v2\/categories?post=7"},{"taxonomy":"post_tag","embeddable":true,"href":"https:\/\/www.parquenatural.com\/en\/wp-json\/wp\/v2\/tags?post=7"}],"curies":[{"name":"wp","href":"https:\/\/api.w.org\/{rel}","templated":true}]}}