{"id":704,"date":"2015-07-16T00:00:00","date_gmt":"2015-07-15T22:00:00","guid":{"rendered":"https:\/\/www.parquenatural.com\/blog\/talleres-en-las-playas\/"},"modified":"2021-04-16T18:38:01","modified_gmt":"2021-04-16T16:38:01","slug":"talleres-en-las-playas","status":"publish","type":"post","link":"https:\/\/www.parquenatural.com\/en\/talleres-en-las-playas\/","title":{"rendered":"Talleres en las Playas"},"content":{"rendered":"<p><span style=\"font-size: medium;\"><span style=\"font-family: arial, helvetica, sans-serif;\">Este tipo de acciones ayudan a \u00a0los usuarios de las playas y al turismo en general, a extremar el cuidado de este precioso espacio natural protegido.<\/span><\/span><\/p>\n<p><span style=\"font-size: medium;\"><span style=\"font-family: arial, helvetica, sans-serif;\"><br \/><\/span><\/span><\/p>\n<p>\u00a0<\/p>\n<p><span style=\"font-size: medium;\"><span style=\"font-family: arial, helvetica, sans-serif;\">El Ayuntamiento de N\u00edjar celebra diversos talleres en \u00a0playas para todas las edades . El primero de \u00e9stos se llev\u00f3 a cabo con gran \u00e9xito en el Mirador de <a title=\"La Isleta Parque Natural Cabo de Gata N\u00edjar\" href=\"https:\/\/www.parquenatural.com\/en\/pueblo\/isletadelmoro\/\" target=\"_blank\" rel=\"noopener\">La Isleta del Moro<\/a>\u00a0y\u00a0tambi\u00e9n han \u00a0tenido lugar el 16 de Julio en <a title=\"Aguamarga Parque Natural Cabo de Gata N\u00edjar\" href=\"https:\/\/www.parquenatural.com\/en\/pueblo\/aguaamarga\/\" target=\"_blank\" rel=\"noopener\">Aguamarga<\/a>. Pr\u00f3ximamente puedes encontrarlos\u00a0<\/span><\/span><span style=\"font-family: arial, helvetica, sans-serif; font-size: medium;\">el 23 de julio\u00a0<\/span><span style=\"font-family: arial, helvetica, sans-serif; font-size: medium;\">en <\/span><a style=\"font-family: arial, helvetica, sans-serif; font-size: medium;\" title=\"San Jos\u00e9 Parque Natural Cabo de Gata N\u00edjar\" href=\"https:\/\/www.parquenatural.com\/en\/pueblo\/san_jose\/\" target=\"_blank\" rel=\"noopener\">San Jos\u00e9<\/a><span style=\"font-family: arial, helvetica, sans-serif; font-size: medium;\">\u00a0, el 6 de agosto en <\/span><a style=\"font-family: arial, helvetica, sans-serif; font-size: medium;\" title=\"Las Negras Parque Natural Cabo de Gata N\u00edjar\" href=\"https:\/\/www.parquenatural.com\/en\/pueblo\/lasnegras\/\" target=\"_blank\" rel=\"noopener\">Las Negras <\/a><span style=\"font-family: arial, helvetica, sans-serif; font-size: medium;\">y el 20 de agosto en <\/span><a style=\"font-family: arial, helvetica, sans-serif; font-size: medium;\" title=\"Rodalquilar Parque Natural Cabo de Gata N\u00edjar\" href=\"https:\/\/www.parquenatural.com\/en\/pueblo\/rodalquilar\/\" target=\"_blank\" rel=\"noopener\">Rodalquilar<\/a><span style=\"font-family: arial, helvetica, sans-serif; font-size: medium;\">.<\/span><\/p>\n<p><span style=\"font-size: medium;\"><span style=\"font-family: arial, helvetica, sans-serif;\">Con estos talleres se pretende dar a conocer los valores naturales y ecol\u00f3gicos de la zona a todos, suponiendo un paso importante la conciencia ambiental de cada uno de los usuarios y a la vez un mayor disfrute del entorno del Parque Natural Cabo de Gata &#8211; N\u00edjar.\u00a0<\/span><\/span><\/p>\n<p style=\"text-align: center;\"><span style=\"font-size: medium;\"><span style=\"font-family: arial, helvetica, sans-serif;\"><img fetchpriority=\"high\" decoding=\"async\" title=\"Talleres en la Isleta\" src=\"https:\/\/www.parquenatural.com\/static\/fotos\/contenido\/TALLER DE LA ISLETA.JPG\" alt=\"Talleres en la Isleta\" width=\"750\" height=\"1000\" \/><br \/><\/span><\/span><\/p>\n<p><span style=\"font-size: medium;\"><span style=\"font-family: arial, helvetica, sans-serif;\">Entre las actividades que se realizan se dan a conocer a los participantes las praderas de faner\u00f3gamas marinas, sobre todo de p<a title=\"Proyecto Life Posidonia en Parque Natural Cabo de Gata N\u00edjar \" href=\"https:\/\/www.parquenatural.com\/en\/blog\/life-posidonia-andalucia-parque-natural-de-cabo-de-gata-nijar\/\" target=\"_blank\" rel=\"noopener\">osidonia oce\u00e1nica,<\/a> dado que es una especie de alto valor ecol\u00f3gico en el Mediterr\u00e1neo y est\u00e1 protegida a nivel europeo, estatal y regional; se desarrollan talleres y trabajo de campo relacionados con la Reserva de la Biosfera del Parque Natural y \u00a0actividades en las que se conciencia a los participantes acerca de diferentes conceptos relacionados con la Reserva del Parque; se muestran \u00a0los diversos ecosistemas marinos y litorales, proponiendo cambios en las actitudes que desarrollamos en este espacio con el fin de promover un desarrollo sostenible del litoral . Los talleres se adaptan a las edades y caracter\u00edsticas de los participantes \u00a0y son abiertos y gratuitos.<\/span><\/span><\/p>\n<p><span style=\"font-size: medium;\"><span style=\"font-family: arial, helvetica, sans-serif;\">Aunque esta franja litoral es sobradamente conocida, \u00a0tal y como pone de manifiesto el gran n\u00famero de visitantes que acoge durante el verano, \u00a0tambi\u00e9n es cierto que muchos son atra\u00eddos por el turismo de sol y playa dejando de lado, por desconocimiento principalmente, los valores naturales y ecol\u00f3gicos que lo acompa\u00f1an. Dar a conocer estos valores a los visitantes puede suponer un revulsivo para la conciencia ambiental de cada uno de los usuarios, as\u00ed como suponer un mayor disfrute de su estancia.<\/span><\/span><\/p>\n<p style=\"text-align: center;\"><img decoding=\"async\" title=\"Talleres en Aguamarga\" src=\"https:\/\/www.parquenatural.com\/static\/fotos\/contenido\/taller aguamarga.jpg\" alt=\"Talleres en Aguamarga\" width=\"749\" height=\"449\" \/><\/p>\n<p><span style=\"font-family: arial, helvetica, sans-serif; font-size: medium;\">Mediante estos Talleres se proponen cambios de actitud que promuevan un desarrollo sostenible en el entorno y se conciencia \u00a0a la poblaci\u00f3n y a los visitantes de la necesidad de participar de forma activa en el cuidado y conservaci\u00f3n de este precioso y fr\u00e1gil entorno. Tenemos un tesoro, estamos pisando un para\u00edso enormemente rico en biodiversidad y si lo conocemos y lo valoramos en su justa medida, \u00a0seguramente no podremos hacer otra cosa que no sea cuidarlo y defenderlo de cualquier agresi\u00f3n. Por eso adem\u00e1s de mostranos el medio hay talleres de reciclaje y tratamiento de residuos y es m\u00e1s que probable que este tipo de acciones ayuden a que los usuarios de <\/span><a style=\"font-family: arial, helvetica, sans-serif; font-size: medium;\" title=\"Playas Cabo de Gata N\u00edjar\" href=\"https:\/\/www.parquenatural.com\/en\/playas-cabo-de-gata\/\" target=\"_blank\" rel=\"noopener\">las playas<\/a>\u00a0<span style=\"font-family: arial, helvetica, sans-serif; font-size: medium;\">y el turismo en general, \u00a0extremen el cuidado de este precioso espacio natural protegido.<\/span><\/p>\n<p><span style=\"font-size: medium;\"><span style=\"font-family: arial, helvetica, sans-serif;\"><br \/><\/span><\/span><\/p>\n<p><span style=\"font-size: medium;\"><span style=\"font-family: arial, helvetica, sans-serif;\">\u00a0<\/span><\/span><\/p>","protected":false},"excerpt":{"rendered":"<p>Este tipo de acciones ayudan a \u00a0los usuarios de las playas y al turismo en general, a extremar el cuidado de este precioso espacio natural protegido.<\/p>","protected":false},"author":3,"featured_media":0,"comment_status":"closed","ping_status":"closed","sticky":false,"template":"","format":"standard","meta":{"footnotes":""},"categories":[2],"tags":[],"class_list":["post-704","post","type-post","status-publish","format-standard","hentry","category-noticias"],"_links":{"self":[{"href":"https:\/\/www.parquenatural.com\/en\/wp-json\/wp\/v2\/posts\/704"}],"collection":[{"href":"https:\/\/www.parquenatural.com\/en\/wp-json\/wp\/v2\/posts"}],"about":[{"href":"https:\/\/www.parquenatural.com\/en\/wp-json\/wp\/v2\/types\/post"}],"author":[{"embeddable":true,"href":"https:\/\/www.parquenatural.com\/en\/wp-json\/wp\/v2\/users\/3"}],"replies":[{"embeddable":true,"href":"https:\/\/www.parquenatural.com\/en\/wp-json\/wp\/v2\/comments?post=704"}],"version-history":[{"count":0,"href":"https:\/\/www.parquenatural.com\/en\/wp-json\/wp\/v2\/posts\/704\/revisions"}],"wp:attachment":[{"href":"https:\/\/www.parquenatural.com\/en\/wp-json\/wp\/v2\/media?parent=704"}],"wp:term":[{"taxonomy":"category","embeddable":true,"href":"https:\/\/www.parquenatural.com\/en\/wp-json\/wp\/v2\/categories?post=704"},{"taxonomy":"post_tag","embeddable":true,"href":"https:\/\/www.parquenatural.com\/en\/wp-json\/wp\/v2\/tags?post=704"}],"curies":[{"name":"wp","href":"https:\/\/api.w.org\/{rel}","templated":true}]}}