{"id":705,"date":"2015-06-28T00:00:00","date_gmt":"2015-06-27T22:00:00","guid":{"rendered":"https:\/\/www.parquenatural.com\/blog\/la-danza-vuelve-en-septiembre\/"},"modified":"2021-04-16T18:38:01","modified_gmt":"2021-04-16T16:38:01","slug":"la-danza-vuelve-en-septiembre","status":"publish","type":"post","link":"https:\/\/www.parquenatural.com\/en\/la-danza-vuelve-en-septiembre\/","title":{"rendered":"La Danza vuelve en Septiembre"},"content":{"rendered":"<p>La Sexta Edici\u00f3n de Costa Contempor\u00e1nea llega de nuevo al Parque del 2 al 6 de septiembre.<\/p>\n<p>\u00a0<\/p>\n<p><span style=\"font-size: medium;\"><span style=\"font-family: arial, helvetica, sans-serif;\">Nos hacemos eco del regreso de un evento art\u00edstico, cultural y dinamizador de este Parque Natural que lo acoge, una actividad sostenible y esperada como cada septiembre: la danza se mezcla con la naturaleza y convive \u00a0con los habitantes del Parque, llenado espacios de vida, arte y belleza. Nerea Aguilar, alma m\u00e1ter de Costa Contempor\u00e1nea, nos lo cuenta:<\/span><\/span><\/p>\n<p><span style=\"font-size: medium;\"><span style=\"font-family: arial, helvetica, sans-serif;\">&#8220;La Sexta Edici\u00f3n de Costa Contempor\u00e1nea llega de nuevo del 2 al 6 de septiembre de 2015 con la presencia de 23 artistas, 14 compa\u00f1\u00edas, 4 compa\u00f1\u00edas docentes para los talleres de formaci\u00f3n y 4 noches de espect\u00e1culos en distintas localizaciones del Parque Natural Cabo de Gata-N\u00edjar.<\/span><\/span><\/p>\n<p><span style=\"font-size: medium;\"><span style=\"font-family: arial, helvetica, sans-serif;\">El 13 de mayo se lanz\u00f3 la programaci\u00f3n definitiva y la apertura de inscripciones para los talleres de formaci\u00f3n, que estar\u00e1n a cargo este a\u00f1o de Mal Pelo (Mar\u00eda Mu\u00f1oz y Pep Ramis), compa\u00f1\u00eda de Barcelona, C\u00eda. Guillermo Weickert (Sevilla), El\u00edas Aguirre (Madrid) y La Macana (Galicia). Este a\u00f1o, como novedad, dos compa\u00f1\u00edas se encargar\u00e1n de la docencia en sala por las ma\u00f1anas y las otras dos de la docencia en parajes naturales exteriores del Cabo de Gata, por las tardes, con la intenci\u00f3n de que los alumnos aprovechen al m\u00e1ximo los conocimientos y potencial de los profesores y el entorno en el que Costa Contempor\u00e1nea se enmarca.<\/span><\/span><\/p>\n<p><span style=\"font-size: medium;\"><span style=\"font-family: arial, helvetica, sans-serif;\">Cuatro compa\u00f1\u00edas, referentes en la danza contempor\u00e1nea en Espa\u00f1a y el mundo, todas demandadas a nivel internacional, que adaptar\u00e1n sus contenidos de formaci\u00f3n al contexto tan especial que es Costa Contempor\u00e1nea: convivencia de artistas, alumnos y equipo de organizaci\u00f3n del festival, escenarios ins\u00f3litos, que permiten a los alumnos desarrollar nuevas herramientas de investigaci\u00f3n a trav\u00e9s de la naturaleza y el respeto al medio ambiente.\u00a0<\/span><\/span><\/p>\n<p><span style=\"font-size: medium;\"><span style=\"font-family: arial, helvetica, sans-serif;\">Trabajos con mucha fisicalidad, puesta en un orden casi primario e instintivo gracias a los parajes de Cabo<\/span> <span style=\"font-family: arial, helvetica, sans-serif;\">de Gata. Las tardes de experimentaciones en el Cabo de Gata ir\u00e1n a cargo de El\u00edas Aguirre y La Macana.\u00a0<\/span><\/span><\/p>\n<p>\u00a0<\/p>\n<p style=\"text-align: center;\"><img fetchpriority=\"high\" decoding=\"async\" title=\"La Macana - Costa Contempor\u00e1nea 2015 - Parque Natural Cabo de Gata N\u00edjar\" src=\"https:\/\/www.parquenatural.com\/static\/fotos\/contenido\/La Macana.jpg\" alt=\"La Macana - Costa Contempor\u00e1nea 2015 - Parque Natural Cabo de gata n\u00edjar\" width=\"750\" height=\"586\" \/><\/p>\n<p>\u00a0<\/p>\n<p><span style=\"font-size: medium;\"><span style=\"font-family: arial, helvetica, sans-serif;\">Este a\u00f1o hemos querido adjudicar unos profesores espec\u00edficos para ellas, ya que cada a\u00f1o vemos el alto potencial que tienen estos trabajos en la naturaleza. Asimismo, cada a\u00f1o un mayor n\u00famero de curiosos de la zona, turistas que se encuentran en El Playazo, Los Escullos o La Isleta del Moro, descubren performance espont\u00e1neas que invaden de belleza su espacio vacacional. Se acaban convirtiendo en espect\u00e1culos gratuitos, por lo que cada tarde del 2 al 6 de septiembre, ciudadanos y turistas pueden encontrarse algo nuevo y atractivo: la belleza de la danza en la naturaleza.<\/span><\/span><\/p>\n<p><span style=\"font-size: medium;\"><span style=\"font-family: arial, helvetica, sans-serif;\">En cuanto a las noches de espect\u00e1culos, la noche inaugural (2 de septiembre) ser\u00e1 la propia de la entrega de premios del europeo Certamen Coreogr\u00e1fico Mujer Contempor\u00e1nea, cuyas tres finalistas se sabr\u00e1n este 16 de junio (Jurado a distancia: <br \/>Mar\u00eda Gonz\u00e1lez, Mes de Danza, Michelle Man, core\u00f3grafa y bailarina, Chevi Muraday, core\u00f3grafo y bailar\u00edn, Sabela Mendoza, gestora cultural y redactora de danza, y Nerea Aguilar, directora de Costa Contempor\u00e1nea). A dicha gala acudir\u00e1 el Jurado presencial: Ascensi\u00f3n Rodr\u00edguez, gestora cultural y dramaturga, Mercedes L. Caballero, redactora jefe de SusyQ y Guillermo Weickert, que repartir\u00e1 los premios. Asimismo, el p\u00fablico podr\u00e1 elegir en directo la obra que m\u00e1s le guste entre las tres seleccionadas que se representar\u00e1n en el Centro de Artes Esc\u00e9nicas.<\/span><\/span><\/p>\n<p><span style=\"font-size: medium;\"><span style=\"font-family: arial, helvetica, sans-serif;\">Las otras tres noches se comprometen este a\u00f1o en mayor medida con la danza contempor\u00e1nea, aunque sigue habiendo cabida para espect\u00e1culos de otras artes esc\u00e9nicas como el teatro, el audiovisual o el circo. Adem\u00e1s, hemos querido trasladar las tres noches de espect\u00e1culos (salvo la del certamen que ser\u00e1 en el CAE) a espacios exteriores. Creemos que el atractivo de este festival es precisamente el lugar en el que se enmarca. As\u00ed, el Anfiteatro de Rodalquilar y la Iglesia de Rodalquilar servir\u00e1n como escenarios alternativos y m\u00e1gicos en los que poder instalar todos los medios t\u00e9cnicos posibles para lucir la calidad de las representaciones. Creemos adem\u00e1s que estas localizaciones exteriores permiten el di\u00e1logo y la comunicaci\u00f3n entre artistas y p\u00fablico, algo realmente interesante y productivo en estos tiempos.<\/span><\/span><\/p>\n<p><span style=\"font-size: medium;\"><span style=\"font-family: arial, helvetica, sans-serif;\">De Costa Contempor\u00e1nea cada a\u00f1o surgen colaboraciones, futuros encuentros, trayectorias art\u00edsticas que se enriquecen gracias a la convivencia y comunicaci\u00f3n entre todos los participantes, turistas y p\u00fablico en general.\u00a0<\/span><\/span><\/p>\n<p>\u00a0<\/p>\n<p style=\"text-align: center;\"><span style=\"font-size: medium;\"><span style=\"font-family: arial, helvetica, sans-serif;\"><img decoding=\"async\" title=\"Costa Contempor\u00e1nea en la Isleta - Fotograf\u00eda Pollobarba\" src=\"https:\/\/www.parquenatural.com\/static\/fotos\/contenido\/Isleta Pollobarba.jpg\" alt=\"Costa Contempor\u00e1nea en la Isleta - Fotograf\u00eda Pollobarba\" width=\"750\" height=\"500\" \/><br \/><\/span><\/span><\/p>\n<p><span style=\"font-size: medium;\"><span style=\"font-family: arial, helvetica, sans-serif;\">Entre otras, podremos ver obras de Nicolas Rambaud (Madrid), Poliana Lima (Madrid\/Brasil), Francisco C\u00f3rdova (Barcelon\/M\u00e9xico), Alberto Cort\u00e9s (M\u00e1laga), Ana Cembrero (Valencia\/Bruselas) o Irene de Paz (Madrid\/Almer\u00eda) o Smantik (Melilla) ser\u00e1n representadas junto a las de los profesores de los talleres, Guillermo Weickert, Mar\u00eda Mu\u00f1oz, El\u00edas Aguirre o La Macana, en distintas localizaciones exteriores del Parque Natural Cabo de Gata-N\u00edjar.<\/span><\/span><\/p>\n<p><span style=\"font-size: medium;\"><span style=\"font-family: arial, helvetica, sans-serif;\">Cada noche por tanto tendr\u00e1 <\/span><span style=\"font-family: arial, helvetica, sans-serif;\">una media de tres espect\u00e1culos por un precio casi simb\u00f3lico para la envergadura de las obras (10 euros). <\/p>\n<p>Adem\u00e1s, ampliamos los descuentos a grupos concretos: desempleados, jubilados y ni\u00f1os. Por lo que por lo que vale una sola obra de teatro en cualquier ciudad que se precie de las que acogen estas obras se podr\u00e1n ver un total de 14 espect\u00e1culos variados: danza, teatro, circo, cine, proyecciones.<\/span><\/span><\/p>\n<p style=\"text-align: center;\"><span style=\"font-size: medium;\"><span style=\"font-family: arial, helvetica, sans-serif;\"><a title=\"Programaci\u00f3n Costa Contempor\u00e1nea 2015\" href=\"http:\/\/www.costacontemporanea.es\/?page_id=181\" target=\"_blank\" rel=\"noopener\">PROGRAMACI\u00d3N COMPLETA<\/a><\/span><\/span><\/p>\n<p style=\"text-align: center;\">\u00a0<\/p>\n<p style=\"text-align: center;\"><span style=\"font-size: medium;\"><span style=\"font-family: arial, helvetica, sans-serif;\"><img decoding=\"async\" src=\"https:\/\/www.parquenatural.com\/static\/fotos\/contenido\/cartel_2.jpg\" alt=\"Cartel Costa Contempor\u00e1nea 2015 en Parque Natural Cabo de Gata N\u00edjar\" width=\"750\" height=\"1057\" \/><\/span><\/span><\/p>\n<p style=\"text-align: center;\"><span style=\"font-size: medium;\"><span style=\"font-family: arial, helvetica, sans-serif;\"><br \/><\/span><\/span><\/p>\n<p><span style=\"font-size: medium;\"><span style=\"font-family: arial, helvetica, sans-serif;\">Actualmente, Costa Contempor\u00e1nea est\u00e1 en plena preproducci\u00f3n del evento. Las inscripciones a los talleres se van completando a una velocidad hasta ahora \u00fanica, pero las necesidades del evento, dado su crecimiento y calidad, siguen siendo muy altas, por lo que al tiempo que cuadra todo lo necesario, sigue buscando apoyos econ\u00f3micos.\u00a0<\/span><\/span><\/p>\n<p><span style=\"font-size: medium;\"><span style=\"font-family: arial, helvetica, sans-serif;\">Previsiblemente\u00a0 y a falta por tanto de las confirmaciones, de nuevo el festival contar\u00e1 con la implicaci\u00f3n del INAEM, la Diputaci\u00f3n de Almer\u00eda y el Ayuntamiento de N\u00edjar, entre otros patrocinadores, para dar forma a la edici\u00f3n m\u00e1s ambiciosa, completa y con mayor repercusi\u00f3n vivida hasta ahora.<\/span><\/span><\/p>\n<p><span style=\"font-size: medium;\"><span style=\"font-family: arial, helvetica, sans-serif;\">Por \u00faltimo, la organizaci\u00f3n quiere remarcar el inter\u00e9s que en todo el pa\u00eds y parte del extranjero suscita Costa Contempor\u00e1nea, con ciertos datos:<\/span><\/span><\/p>\n<p><span style=\"font-size: medium;\"><span style=\"font-family: arial, helvetica, sans-serif;\">&#8211; M\u00e1s de la mitad de las solicitudes recibidas para el certamen Mujer Contempor\u00e1nea (un certamen en apoyo a la mujer creadora) son procedentes de Europa, de diversos pa\u00edses.<br \/>&#8211; Los inscritos a los talleres hasta ahora recogen a casi todas las comunidades de Espa\u00f1a: Catalu\u00f1a, Baleares, Canarias, Castilla-La Mancha, Castilla y Le\u00f3n, Valencia, Andaluc\u00eda, Madrid, Murcia, etc.<br \/>&#8211; Cada vez m\u00e1s programadores y gestores de otros festivales de Espa\u00f1a y Europa quieren acercarse en los d\u00edas de septiembre a conocer el festival y los artistas que programamos, por lo que estamos dise\u00f1ando f\u00f3rmulas que les permitan viajar al Cabo de Gata y alojarse en esta tierra, y as\u00ed podamos facilitar el desarrollo laboral de los artistas y el futuro de las artes esc\u00e9nicas de nuestro pa\u00eds.<\/span><\/span><\/p>\n<p><span style=\"font-size: medium;\"><span style=\"font-family: arial, helvetica, sans-serif;\">A pesar de este crecimiento que en tan solo seis a\u00f1os est\u00e1 viviendo el festival, por ser un proyecto diferente a los existentes en el pa\u00eds, aunque a un mismo nivel art\u00edstico, queremos mantener su esencia.<br \/>Las plazas para los alumnos son limitadas, ya que creemos en el trato, formaci\u00f3n y cuidado individualizados y no masivo, y m\u00e1s en un Parque Natural, en el que hay que cuidar el medio ambiente. De esta filosof\u00eda est\u00e1n creciendo las potencialidades que le dan el \u00e9xito y fiabilidad que ya tiene. Por ello, cada vez se hacen m\u00e1s necesarias las inversiones de organismos p\u00fablicos y privados. &#8220;<\/span><\/span><\/p>\n<p style=\"text-align: center;\"><span style=\"font-size: medium;\"><span style=\"font-family: arial, helvetica, sans-serif;\"><img loading=\"lazy\" decoding=\"async\" title=\"Costa Contempor\u00e1nea en Los Escullos - Fotograf\u00eda Pollobarba\" src=\"https:\/\/www.parquenatural.com\/static\/fotos\/contenido\/Escullos Pollobarba.jpg\" alt=\"Costa Contempor\u00e1nea en Los Escullos - Fotograf\u00eda Pollobarba\" width=\"750\" height=\"500\" \/><br \/><\/span><\/span><\/p>\n<p><span style=\"font-size: medium;\"><span style=\"font-family: arial, helvetica, sans-serif;\"><a title=\"Inscripciones Costa Contempor\u00e1nea\" href=\"http:\/\/www.costacontemporanea.es\" target=\"_blank\" rel=\"noopener\">Inscripciones a los talleres y programaci\u00f3n completa <\/a><br \/><a title=\"correo m\u00e1s informaci\u00f3n\" href=\"http:\/\/mce_host\/info@costacontemporanea.es\/nerea_aguilarsanz@yahoo.es\" target=\"_blank\" rel=\"noopener\">Correo para m\u00e1s informaci\u00f3n\u00a0<\/a><\/span><\/span><\/p>","protected":false},"excerpt":{"rendered":"<p>La Sexta Edici\u00f3n de Costa Contempor\u00e1nea llega de nuevo al Parque del 2 al 6 de septiembre.<\/p>","protected":false},"author":3,"featured_media":0,"comment_status":"closed","ping_status":"closed","sticky":false,"template":"","format":"standard","meta":{"footnotes":""},"categories":[2],"tags":[],"class_list":["post-705","post","type-post","status-publish","format-standard","hentry","category-noticias"],"_links":{"self":[{"href":"https:\/\/www.parquenatural.com\/en\/wp-json\/wp\/v2\/posts\/705"}],"collection":[{"href":"https:\/\/www.parquenatural.com\/en\/wp-json\/wp\/v2\/posts"}],"about":[{"href":"https:\/\/www.parquenatural.com\/en\/wp-json\/wp\/v2\/types\/post"}],"author":[{"embeddable":true,"href":"https:\/\/www.parquenatural.com\/en\/wp-json\/wp\/v2\/users\/3"}],"replies":[{"embeddable":true,"href":"https:\/\/www.parquenatural.com\/en\/wp-json\/wp\/v2\/comments?post=705"}],"version-history":[{"count":0,"href":"https:\/\/www.parquenatural.com\/en\/wp-json\/wp\/v2\/posts\/705\/revisions"}],"wp:attachment":[{"href":"https:\/\/www.parquenatural.com\/en\/wp-json\/wp\/v2\/media?parent=705"}],"wp:term":[{"taxonomy":"category","embeddable":true,"href":"https:\/\/www.parquenatural.com\/en\/wp-json\/wp\/v2\/categories?post=705"},{"taxonomy":"post_tag","embeddable":true,"href":"https:\/\/www.parquenatural.com\/en\/wp-json\/wp\/v2\/tags?post=705"}],"curies":[{"name":"wp","href":"https:\/\/api.w.org\/{rel}","templated":true}]}}