{"id":707,"date":"2015-08-23T00:00:00","date_gmt":"2015-08-22T22:00:00","guid":{"rendered":"https:\/\/www.parquenatural.com\/blog\/la-velas-y-la-luna-en-rodalquilar\/"},"modified":"2021-04-16T18:38:01","modified_gmt":"2021-04-16T16:38:01","slug":"la-velas-y-la-luna-en-rodalquilar","status":"publish","type":"post","link":"https:\/\/www.parquenatural.com\/en\/la-velas-y-la-luna-en-rodalquilar\/","title":{"rendered":"La velas y la luna en Rodalquilar"},"content":{"rendered":"<p><span style=\"font-family: arial,helvetica,sans-serif;\"><span style=\"font-size: medium;\">Miles de velas en ausencia de alumbrado crean un sendero de arte y diversi\u00f3n bajo la luz de la luna<\/span><\/span><\/p>\n<p>\u00a0<\/p>\n<p><span style=\"font-size: medium;\"><span style=\"font-family: arial, helvetica, sans-serif;\">El verano en el Parque toca su ecuador y es que s\u00ed, tenemos un largo verano y el cambio de agosto a septiembre es notable, acaba la \u00e9poca de mayor afluencia, el lleno total \u00a0y la mayor\u00eda de las fiestas estivales, \u00a0el regreso de miles de personas que han llenado hasta el \u00faltimo rinc\u00f3n, \u00a0hacia su rutina con \u00a0la maleta llena de buenos recuerdos y casi siempre algo de sal y arena.\u00a0<\/span><\/span><\/p>\n<p><span style=\"font-size: medium;\"><span style=\"font-family: arial, helvetica, sans-serif;\">Este a\u00f1o coincidiendo con los d\u00edas de luna llena y tras numerosos eventos culturales, que como cada a\u00f1o han acompa\u00f1ado una calurosa temporada en el Parque, tendr\u00e1 lugar una de las veladas m\u00e1s atractivas \u00a0por su alto impacto tur\u00edstico y su inter\u00e9s cultural, por su belleza y singularidad que ilumina el centro de Rodalquilar con miles de velas y en ausencia de alumbrado formando un sendero de arte y diversi\u00f3n.<\/span><\/span><\/p>\n<p><span style=\"font-size: medium;\"><span style=\"font-family: arial, helvetica, sans-serif;\">Una \u201cnoche de velas y luna\u201d en Rodalquilar como cierre de un ciclo y como aperitivo del <a title=\"Costa Contempor\u00e1nea 2015 Parque Natural Cabo de Gata N\u00edjar\" href=\"https:\/\/www.parquenatural.com\/en\/blog\/la-danza-vuelve-en-septiembre\/\" target=\"_blank\" rel=\"noopener\">Festival Costa Contempor\u00e1nea<\/a> siendo \u00a0precisamente su directora , \u00a0Nerea Aguilar, quien \u00a0se hace cargo de la direcci\u00f3n art\u00edstica.\u00a0<\/span><\/span><\/p>\n<p><span style=\"font-size: medium;\"><span style=\"font-family: arial, helvetica, sans-serif;\"><br \/><\/span><\/span><\/p>\n<p>\u00a0<\/p>\n<p style=\"text-align: center;\"><img fetchpriority=\"high\" decoding=\"async\" title=\"Noche de Velas y luna Rodalquilar 2015 - Parque Natural Cabo de Gata N\u00edjar \" src=\"https:\/\/www.parquenatural.com\/static\/fotos\/contenido\/CARTEL REDES SOCIALES_1.jpg\" alt=\"Noche de Velas y luna Rodalquilar 2015 - Parque Natural Cabo de Gata N\u00edjar \" width=\"750\" height=\"1107\" \/><\/p>\n<p>\u00a0<\/p>\n<p><span style=\"font-size: medium;\"><span style=\"font-family: arial, helvetica, sans-serif;\"><br \/><\/span><\/span><\/p>\n<p><span style=\"font-size: medium;\"><span style=\"font-family: arial, helvetica, sans-serif;\">La noche dar\u00e1 comienzo a las 22.00 h en la Plaza de Rodalquilar con dos espect\u00e1culos de microteatro adaptados a la plaza. Menos es M\u00e1s Teatro, grupo teatral de El Ejido, compuesto por tres hermanos, Estela, Carmelo y Macarena Aguilera, har\u00e1n re\u00edr a los espectadores de todas las edades con dos de las obras m\u00e1s aclamadas que, entre otras citas, se han podido ver en el Microteatro de Almer\u00eda, \u2018Si me quer\u00e9is, \u00a1irse!\u2019 y \u2018Operaci\u00f3n Bikini\u2019. Toques de humor ir\u00f3nico y cr\u00edtica de an\u00e9cdotas que todos los asistentes reconocer\u00e1n como propios.<\/span><\/span><\/p>\n<p style=\"text-align: center;\"><span style=\"font-size: medium;\"><span style=\"font-family: arial, helvetica, sans-serif;\"><img decoding=\"async\" title=\"Teatro Noche de las Velas Rodalquilar 2015\" src=\"https:\/\/www.parquenatural.com\/static\/fotos\/contenido\/Menos es M\u00e1s Teatro.jpg\" alt=\"Teatro Noche de las Velas Rodalquilar 2015\" width=\"750\" height=\"1060\" \/><br \/><\/span><\/span><\/p>\n<p><span style=\"font-size: medium;\"><span style=\"font-family: arial, helvetica, sans-serif;\">A continuaci\u00f3n, con la exclusiva iluminaci\u00f3n de las velas en la calle principal, los asistentes seguir\u00e1n su rastro, en un paseo con paradas en algunos de los bares del pueblo que se vuelcan con el evento, para llegar a las puertas del Centro Carmen de Burgos. Y all\u00ed a las 22:45 los recibir\u00e1 la danza flamenca y contempor\u00e1nea, engalanada con voz y guitarra en directo. Carolina Morales y Zaida Ballesteros ser\u00e1n las encargadas de sorprender con su fusi\u00f3n de danza, dos reconocidas bailarinas granadinas que han exportado su arte dentro y fuera de Espa\u00f1a. Las acompa\u00f1ar\u00e1 David Heredia a la guitarra para dar forma a \u2018Preludios\u2019, una obra concebida en exclusiva para esta noche.<\/span><\/span><\/p>\n<p>\u00a0<\/p>\n<p style=\"text-align: center;\"><img decoding=\"async\" title=\"Carolina Morales - Noche de la velas Rodalquilar 2015 - Parque Natural Cabo de Gata N\u00edjar\" src=\"https:\/\/www.parquenatural.com\/static\/fotos\/contenido\/Carolina 2.jpg\" alt=\"Carolina Morales - Noche de la velas Rodalquilar 2015 - Parque Natural Cabo de Gata N\u00edjar\" width=\"750\" height=\"500\" \/><\/p>\n<p><span style=\"font-size: medium;\"><span style=\"font-family: arial, helvetica, sans-serif;\"><br \/><\/span><\/span><\/p>\n<p><span style=\"font-size: medium;\"><span style=\"font-family: arial, helvetica, sans-serif;\">El recorrido contin\u00faa calle arriba, momento en el que descubrir otros est\u00edmulos que nos deja un pueblo en penumbra. El silencio se apodera de las calles regadas de velas, para llegar al Jard\u00edn Bot\u00e1nico. En su interior, en el mismo jard\u00edn, bajo una p\u00e9rgola, nos esperar\u00e1 a las 23.30 h De la Costa Tr\u00edo, compuesto por Pedro Castro, voz y saxo soprano, Jos\u00e9 Granados, guitarra, y Gin\u00e9s Peregr\u00edn, contrabajo. Este grupo almeriense propone un viaje, a trav\u00e9s de un sonido propio de m\u00fasica brasile\u00f1a y norteamericana, por el continente americano y las m\u00fasicas derivadas afroamericanas: samba, bossa nova, swing\u2026<\/span><\/span><\/p>\n<p><span style=\"font-size: medium;\"><span style=\"font-family: arial, helvetica, sans-serif;\">Y para acabar la noche, a la salida del Jard\u00edn Bot\u00e1nico, el broche de oro lo pondr\u00e1 el grupo almeriense Mala-Bares, a las 12 de la noche. Un espect\u00e1culo muy visual y trepidante de malabares con fuego \u00a0en el que el p\u00fablico sentir\u00e1 el peculiar olor y el calor de las llamas, creando un ambiente de magia y ensue\u00f1o en esta c\u00e1lida y estrellada noche y que nos conducir\u00e1 de nuevo a nuestro punto de partida para concluir un a\u00f1o m\u00e1s con la noche de las velas.<\/span><\/span><\/p>\n<p><span style=\"font-size: medium;\"><span style=\"font-family: arial, helvetica, sans-serif;\">Adem\u00e1s La casa de Los Volcanes , El Cornical y el jard\u00edn Bot\u00e1nico El Albardinal abrir\u00e1n sus puestas esa noche desde las 22:00 hasta la 01:00 h. , una buena alternativa para quien quiera escaparse del recorrido previsto.<\/span><\/span><\/p>\n<p>\u00a0<\/p>\n<p style=\"text-align: center;\"><span style=\"font-size: medium;\"><span style=\"font-family: arial, helvetica, sans-serif;\"><img loading=\"lazy\" decoding=\"async\" title=\"Noche de Velas y luna Rodalquilar 2015 - Parque Natural Cabo de Gata N\u00edjar\" src=\"https:\/\/www.parquenatural.com\/static\/fotos\/contenido\/De la Costa Tr\u00edo (2)-1.jpg\" alt=\"Noche de Velas y luna Rodalquilar 2015 - Parque Natural Cabo de Gata N\u00edjar\" width=\"750\" height=\"500\" \/><br \/><\/span><\/span><\/p>\n<p><span style=\"font-size: medium;\"><span style=\"font-family: arial, helvetica, sans-serif;\"><br \/>Como dec\u00eda al principio no es una despedida, \u00a0estamos en el ecuador del verano, este verano casi inacabable en el Parque que empieza ahora su temporada m\u00e1s tranquila, conservando la temperatura de sus aguas para <a title=\"Disfrutar Parque Natural Cabo de Gata N\u00edjar\" href=\"https:\/\/www.parquenatural.com\/en\/disfrutar-cabo-de-gata\/\" target=\"_blank\" rel=\"noopener\">disfrutar<\/a> del mar, ofreci\u00e9ndonos sus cielos limpios con estrellados telones nocturnos, \u00a0sus senderos hacia un sorprendente relato paisaj\u00edstico y la luz cegadora que borra las sombras y los contraluces, esos que embellecen cada tarde en este incre\u00edble rinc\u00f3n del mundo.<\/span><\/span><\/p>","protected":false},"excerpt":{"rendered":"<p>Miles de velas en ausencia de alumbrado crean un sendero de arte y diversi\u00f3n bajo la luz de la luna<\/p>","protected":false},"author":3,"featured_media":0,"comment_status":"closed","ping_status":"closed","sticky":false,"template":"","format":"standard","meta":{"footnotes":""},"categories":[2],"tags":[],"class_list":["post-707","post","type-post","status-publish","format-standard","hentry","category-noticias"],"_links":{"self":[{"href":"https:\/\/www.parquenatural.com\/en\/wp-json\/wp\/v2\/posts\/707"}],"collection":[{"href":"https:\/\/www.parquenatural.com\/en\/wp-json\/wp\/v2\/posts"}],"about":[{"href":"https:\/\/www.parquenatural.com\/en\/wp-json\/wp\/v2\/types\/post"}],"author":[{"embeddable":true,"href":"https:\/\/www.parquenatural.com\/en\/wp-json\/wp\/v2\/users\/3"}],"replies":[{"embeddable":true,"href":"https:\/\/www.parquenatural.com\/en\/wp-json\/wp\/v2\/comments?post=707"}],"version-history":[{"count":0,"href":"https:\/\/www.parquenatural.com\/en\/wp-json\/wp\/v2\/posts\/707\/revisions"}],"wp:attachment":[{"href":"https:\/\/www.parquenatural.com\/en\/wp-json\/wp\/v2\/media?parent=707"}],"wp:term":[{"taxonomy":"category","embeddable":true,"href":"https:\/\/www.parquenatural.com\/en\/wp-json\/wp\/v2\/categories?post=707"},{"taxonomy":"post_tag","embeddable":true,"href":"https:\/\/www.parquenatural.com\/en\/wp-json\/wp\/v2\/tags?post=707"}],"curies":[{"name":"wp","href":"https:\/\/api.w.org\/{rel}","templated":true}]}}