{"id":837,"date":"2021-04-16T00:29:14","date_gmt":"2021-04-15T22:29:14","guid":{"rendered":"https:\/\/www.parquenatural.com\/blog\/aguaamarga-cala-del-plomo-cabo-de-gata-almeria\/"},"modified":"2021-04-19T19:21:26","modified_gmt":"2021-04-19T17:21:26","slug":"aguaamarga-cala-del-plomo-cabo-de-gata-almeria","status":"publish","type":"post","link":"https:\/\/www.parquenatural.com\/en\/aguaamarga-cala-del-plomo-cabo-de-gata-almeria\/","title":{"rendered":"Agua Amarga &#8211; Cala del Plomo."},"content":{"rendered":"<div data-elementor-type=\"wp-post\" data-elementor-id=\"837\" class=\"elementor elementor-837\" data-elementor-post-type=\"post\">\n\t\t\t\t\t\t<section class=\"elementor-section elementor-top-section elementor-element elementor-element-417347fe elementor-section-boxed elementor-section-height-default elementor-section-height-default\" data-id=\"417347fe\" data-element_type=\"section\" data-e-type=\"section\">\n\t\t\t\t\t\t<div class=\"elementor-container elementor-column-gap-default\">\n\t\t\t\t\t<div class=\"elementor-column elementor-col-100 elementor-top-column elementor-element elementor-element-7353f542\" data-id=\"7353f542\" data-element_type=\"column\" data-e-type=\"column\">\n\t\t\t<div class=\"elementor-widget-wrap elementor-element-populated\">\n\t\t\t\t\t\t<div class=\"elementor-element elementor-element-5acbb7de elementor-widget elementor-widget-text-editor\" data-id=\"5acbb7de\" data-element_type=\"widget\" data-e-type=\"widget\" data-widget_type=\"text-editor.default\">\n\t\t\t\t<div class=\"elementor-widget-container\">\n\t\t\t\t\t\t\t\t\tAgua Amarga &#8211; Cala del Plomo.\t\t\t\t\t\t\t\t<\/div>\n\t\t\t\t<\/div>\n\t\t\t\t\t<\/div>\n\t\t<\/div>\n\t\t\t\t\t<\/div>\n\t\t<\/section>\n\t\t\t\t<section class=\"elementor-section elementor-top-section elementor-element elementor-element-396385f elementor-section-boxed elementor-section-height-default elementor-section-height-default\" data-id=\"396385f\" data-element_type=\"section\" data-e-type=\"section\">\n\t\t\t\t\t\t<div class=\"elementor-container elementor-column-gap-default\">\n\t\t\t\t\t<div class=\"elementor-column elementor-col-100 elementor-top-column elementor-element elementor-element-3220770\" data-id=\"3220770\" data-element_type=\"column\" data-e-type=\"column\">\n\t\t\t<div class=\"elementor-widget-wrap elementor-element-populated\">\n\t\t\t\t\t\t<div class=\"elementor-element elementor-element-dfd3eba elementor-widget elementor-widget-text-editor\" data-id=\"dfd3eba\" data-element_type=\"widget\" data-e-type=\"widget\" data-widget_type=\"text-editor.default\">\n\t\t\t\t<div class=\"elementor-widget-container\">\n\t\t\t\t\t\t\t\t\t<h1><span style=\"color: #993366;\"><span style=\"font-size: small;\"><span style=\"font-family: verdana,geneva;\"><strong>AGUA AMARGA &#8211; CALA DEL PLOMO<\/strong><\/span><\/span><\/span><\/h1><h2><span style=\"color: #000000;\"><span style=\"font-size: x-small;\"><span style=\"font-family: verdana,geneva;\"><strong>Por Cala de Enmedio<\/strong><\/span><\/span><\/span><\/h2><p><span style=\"color: #000000;\"><span style=\"font-size: x-small;\"><span style=\"font-family: verdana,geneva;\"><strong>\u00a0<\/strong><\/span><\/span><\/span><\/p><p><span style=\"color: #000000;\"><span style=\"font-size: small;\"><span style=\"font-family: verdana,geneva;\"><span style=\"font-size: x-small;\">Distancia:<strong>\u00a0 6 km lineales.<br \/><\/strong>Duraci\u00f3n:<strong>\u00a0 2 Horas.<br \/><\/strong>Dificultad:<strong>\u00a0 Media.<br \/><\/strong>\u00c9poca recomendada<strong>:\u00a0 Todo el a\u00f1o.<\/strong><\/span><\/span><\/span><\/span><\/p><p><span style=\"font-size: small;\"><span style=\"font-family: verdana,geneva;\"><span style=\"font-size: x-small;\"><span style=\"color: #006666;\"><strong>\u00a0<\/strong><\/span><\/span><\/span><\/span><\/p><p><span style=\"color: #276786;\"><span style=\"font-size: small;\"><span style=\"font-family: verdana,geneva;\"><strong>El Pueblo de Agua Amarga, desde el cual partiremos, se considera como uno de los fondeaderos usados antiguamente por los musulmanes. En la actualidad, se ha convertido en un bonito pueblo tur\u00edstico, con un peque\u00f1o aire moruno.<\/strong><\/span><\/span><\/span><strong style=\"font-family: verdana, geneva; font-size: small; color: #276786;\"><br \/>Desde aqu\u00ed partiremos hacia el Sur (cartel indicativo de inicio de sendero). En donde sale una peque\u00f1a vereda que pasa por un poblado de cuevas tipo prehist\u00f3rico.<\/strong><\/p><p><span style=\"color: #276786;\"><span style=\"font-size: small;\"><span style=\"font-family: verdana,geneva;\"><strong>Desde la derecha de la cornisa donde est\u00e1n las cuevas, sube una peque\u00f1a vereda en direcci\u00f3n a la playa entre plantas de tomillos. <\/strong><\/span><\/span><\/span><\/p><p>\u00a0<\/p><p><span style=\"color: #276786;\"><span style=\"font-size: small;\"><span style=\"font-family: verdana,geneva;\"><strong>Deberemos seguir este camino, y si no vamos mal encaminados pasaremos por un b\u00fanker de hormig\u00f3n, vestigio de la \u00faltimas guerras.<\/strong><\/span><\/span><\/span><\/p><p>\u00a0<\/p><p><span style=\"color: #276786;\"><span style=\"font-size: small;\"><span style=\"font-family: verdana,geneva;\"><strong>En lo alto del mismo, subimos por la cresta del cerro por una vereda de color blanco, hasta arriba de la loma y seguimos tierra adentro hasta que nuestro camino se bifurca.<\/strong><\/span><\/span><\/span><\/p><p>\u00a0<\/p><p><span style=\"color: #276786;\"><span style=\"font-size: small;\"><span style=\"font-family: verdana,geneva;\"><strong>Seguiremos hacia la izquierda, por donde poco a poco se nos ir\u00e1 apareciendo la Cala de Enmedio, una playa de color blanco, con paredes blancas y formas redondeadas, debido a la acci\u00f3n del mar y el viento sobre la arenisca.<\/strong><\/span><\/span><\/span><\/p><p>\u00a0<\/p><p><span style=\"color: #276786;\"><span style=\"font-size: small;\"><span style=\"font-family: verdana,geneva;\"><strong>Volveremos por nuestros pasos pasando por bancales con olivos, higueras y algarrobos, hasta una casa, desde la cual sale una senda que sube hasta un peque\u00f1o collado.<br \/><\/strong><\/span><\/span><\/span><\/p><p><span style=\"color: #276786;\"><span style=\"font-size: small;\"><span style=\"font-family: verdana,geneva;\"><strong>Al fondo se ve la rellana de San Pedro, y bajo \u00e9sta los cortijos del Plomo. <\/strong><\/span><\/span><\/span><\/p><p>\u00a0<\/p><p><span style=\"color: #276786;\"><span style=\"font-size: small;\"><span style=\"font-family: verdana,geneva;\"><strong>El valle formado en esta zona se puede considerar como la t\u00edpica huerta mediterr\u00e1nea de anta\u00f1o (palmeras, olivos, bancales,&#8230;) debido a la existencia de agua dulce. <\/strong><\/span><\/span><\/span><\/p><p><span style=\"color: #276786;\"><span style=\"font-size: small;\"><span style=\"font-family: verdana,geneva;\"><strong>Desde estos cortijos bajaremos hasta cala del plomo.<\/strong><\/span><\/span><\/span><\/p><p>\u00a0<\/p><p><span style=\"color: #276786;\"><span style=\"font-size: small;\"><span style=\"font-family: verdana,geneva;\"><strong>Si deseamos continuar hasta Las Negras por la costa, hay un cartel de inicio de sendero hacia el sur..<\/strong><\/span><\/span><\/span><\/p>\t\t\t\t\t\t\t\t<\/div>\n\t\t\t\t<\/div>\n\t\t\t\t\t<\/div>\n\t\t<\/div>\n\t\t\t\t\t<\/div>\n\t\t<\/section>\n\t\t\t\t<section class=\"elementor-section elementor-top-section elementor-element elementor-element-65f5755 elementor-section-boxed elementor-section-height-default elementor-section-height-default\" data-id=\"65f5755\" data-element_type=\"section\" data-e-type=\"section\">\n\t\t\t\t\t\t<div class=\"elementor-container elementor-column-gap-default\">\n\t\t\t\t\t<div class=\"elementor-column elementor-col-100 elementor-top-column elementor-element elementor-element-7691148\" data-id=\"7691148\" data-element_type=\"column\" data-e-type=\"column\">\n\t\t\t<div class=\"elementor-widget-wrap elementor-element-populated\">\n\t\t\t\t\t\t<div class=\"elementor-element elementor-element-ebb71bf elementor-widget elementor-widget-gallery\" data-id=\"ebb71bf\" data-element_type=\"widget\" data-e-type=\"widget\" data-settings=\"{&quot;columns&quot;:3,&quot;lazyload&quot;:&quot;yes&quot;,&quot;gallery_layout&quot;:&quot;grid&quot;,&quot;columns_tablet&quot;:2,&quot;columns_mobile&quot;:1,&quot;gap&quot;:{&quot;unit&quot;:&quot;px&quot;,&quot;size&quot;:10,&quot;sizes&quot;:[]},&quot;gap_tablet&quot;:{&quot;unit&quot;:&quot;px&quot;,&quot;size&quot;:10,&quot;sizes&quot;:[]},&quot;gap_mobile&quot;:{&quot;unit&quot;:&quot;px&quot;,&quot;size&quot;:10,&quot;sizes&quot;:[]},&quot;link_to&quot;:&quot;file&quot;,&quot;aspect_ratio&quot;:&quot;3:2&quot;,&quot;overlay_background&quot;:&quot;yes&quot;,&quot;content_hover_animation&quot;:&quot;fade-in&quot;}\" data-widget_type=\"gallery.default\">\n\t\t\t\t<div class=\"elementor-widget-container\">\n\t\t\t\t\t\t\t<div class=\"elementor-gallery__container\">\n\t\t\t\t\t\t\t<a class=\"e-gallery-item elementor-gallery-item elementor-animated-content\" href=\"https:\/\/www.parquenatural.com\/wp-content\/uploads\/2021\/04\/cla-del-plomo-senderismo-aguaamarga-cala-del-plomo-cabo-de-gata-almeria.jpg\" data-elementor-open-lightbox=\"yes\" data-elementor-lightbox-slideshow=\"ebb71bf\" data-elementor-lightbox-title=\"cla-del-plomo-senderismo-aguaamarga-cala-del-plomo-cabo-de-gata-almeria\" data-e-action-hash=\"#elementor-action%3Aaction%3Dlightbox%26settings%3DeyJpZCI6ODA1MiwidXJsIjoiaHR0cHM6XC9cL3d3dy5wYXJxdWVuYXR1cmFsLmNvbVwvd3AtY29udGVudFwvdXBsb2Fkc1wvMjAyMVwvMDRcL2NsYS1kZWwtcGxvbW8tc2VuZGVyaXNtby1hZ3VhYW1hcmdhLWNhbGEtZGVsLXBsb21vLWNhYm8tZGUtZ2F0YS1hbG1lcmlhLmpwZyIsInNsaWRlc2hvdyI6ImViYjcxYmYifQ%3D%3D\">\n\t\t\t\t\t<div class=\"e-gallery-image elementor-gallery-item__image\" data-thumbnail=\"https:\/\/www.parquenatural.com\/wp-content\/uploads\/2021\/04\/cla-del-plomo-senderismo-aguaamarga-cala-del-plomo-cabo-de-gata-almeria-300x189.jpg\" data-width=\"300\" data-height=\"189\" aria-label=\"\" role=\"img\" ><\/div>\n\t\t\t\t\t\t\t\t\t\t\t<div class=\"elementor-gallery-item__overlay\"><\/div>\n\t\t\t\t\t\t\t\t\t\t\t\t\t\t<\/a>\n\t\t\t\t\t\t\t<a class=\"e-gallery-item elementor-gallery-item elementor-animated-content\" href=\"https:\/\/www.parquenatural.com\/wp-content\/uploads\/2021\/04\/letrero-senderismo-aguaamarga-cala-del-plomo-cabo-de-gata-almeria.jpg\" data-elementor-open-lightbox=\"yes\" data-elementor-lightbox-slideshow=\"ebb71bf\" data-elementor-lightbox-title=\"letrero-senderismo-aguaamarga-cala-del-plomo-cabo-de-gata-almeria\" data-e-action-hash=\"#elementor-action%3Aaction%3Dlightbox%26settings%3DeyJpZCI6ODA1MywidXJsIjoiaHR0cHM6XC9cL3d3dy5wYXJxdWVuYXR1cmFsLmNvbVwvd3AtY29udGVudFwvdXBsb2Fkc1wvMjAyMVwvMDRcL2xldHJlcm8tc2VuZGVyaXNtby1hZ3VhYW1hcmdhLWNhbGEtZGVsLXBsb21vLWNhYm8tZGUtZ2F0YS1hbG1lcmlhLmpwZyIsInNsaWRlc2hvdyI6ImViYjcxYmYifQ%3D%3D\">\n\t\t\t\t\t<div class=\"e-gallery-image elementor-gallery-item__image\" data-thumbnail=\"https:\/\/www.parquenatural.com\/wp-content\/uploads\/2021\/04\/letrero-senderismo-aguaamarga-cala-del-plomo-cabo-de-gata-almeria-300x225.jpg\" data-width=\"300\" data-height=\"225\" aria-label=\"\" role=\"img\" ><\/div>\n\t\t\t\t\t\t\t\t\t\t\t<div class=\"elementor-gallery-item__overlay\"><\/div>\n\t\t\t\t\t\t\t\t\t\t\t\t\t\t<\/a>\n\t\t\t\t\t\t\t<a class=\"e-gallery-item elementor-gallery-item elementor-animated-content\" href=\"https:\/\/www.parquenatural.com\/wp-content\/uploads\/2021\/04\/mapa-senderismo-aguaamarga-cala-del-plomo-cabo-de-gata-almeria.jpg\" data-elementor-open-lightbox=\"yes\" data-elementor-lightbox-slideshow=\"ebb71bf\" data-elementor-lightbox-title=\"mapa-senderismo-aguaamarga-cala-del-plomo-cabo-de-gata-almeria\" data-e-action-hash=\"#elementor-action%3Aaction%3Dlightbox%26settings%3DeyJpZCI6ODA1NCwidXJsIjoiaHR0cHM6XC9cL3d3dy5wYXJxdWVuYXR1cmFsLmNvbVwvd3AtY29udGVudFwvdXBsb2Fkc1wvMjAyMVwvMDRcL21hcGEtc2VuZGVyaXNtby1hZ3VhYW1hcmdhLWNhbGEtZGVsLXBsb21vLWNhYm8tZGUtZ2F0YS1hbG1lcmlhLmpwZyIsInNsaWRlc2hvdyI6ImViYjcxYmYifQ%3D%3D\">\n\t\t\t\t\t<div class=\"e-gallery-image elementor-gallery-item__image\" data-thumbnail=\"https:\/\/www.parquenatural.com\/wp-content\/uploads\/2021\/04\/mapa-senderismo-aguaamarga-cala-del-plomo-cabo-de-gata-almeria-300x192.jpg\" data-width=\"300\" data-height=\"192\" aria-label=\"\" role=\"img\" ><\/div>\n\t\t\t\t\t\t\t\t\t\t\t<div class=\"elementor-gallery-item__overlay\"><\/div>\n\t\t\t\t\t\t\t\t\t\t\t\t\t\t<\/a>\n\t\t\t\t\t\t\t<a class=\"e-gallery-item elementor-gallery-item elementor-animated-content\" href=\"https:\/\/www.parquenatural.com\/wp-content\/uploads\/2021\/04\/ruina-senderismo-aguaamarga-cala-del-plomo-cabo-de-gata-almeria.jpg\" data-elementor-open-lightbox=\"yes\" data-elementor-lightbox-slideshow=\"ebb71bf\" data-elementor-lightbox-title=\"ruina-senderismo-aguaamarga-cala-del-plomo-cabo-de-gata-almeria\" data-e-action-hash=\"#elementor-action%3Aaction%3Dlightbox%26settings%3DeyJpZCI6ODA1NSwidXJsIjoiaHR0cHM6XC9cL3d3dy5wYXJxdWVuYXR1cmFsLmNvbVwvd3AtY29udGVudFwvdXBsb2Fkc1wvMjAyMVwvMDRcL3J1aW5hLXNlbmRlcmlzbW8tYWd1YWFtYXJnYS1jYWxhLWRlbC1wbG9tby1jYWJvLWRlLWdhdGEtYWxtZXJpYS5qcGciLCJzbGlkZXNob3ciOiJlYmI3MWJmIn0%3D\">\n\t\t\t\t\t<div class=\"e-gallery-image elementor-gallery-item__image\" data-thumbnail=\"https:\/\/www.parquenatural.com\/wp-content\/uploads\/2021\/04\/ruina-senderismo-aguaamarga-cala-del-plomo-cabo-de-gata-almeria-300x225.jpg\" data-width=\"300\" data-height=\"225\" aria-label=\"\" role=\"img\" ><\/div>\n\t\t\t\t\t\t\t\t\t\t\t<div class=\"elementor-gallery-item__overlay\"><\/div>\n\t\t\t\t\t\t\t\t\t\t\t\t\t\t<\/a>\n\t\t\t\t\t\t\t<a class=\"e-gallery-item elementor-gallery-item elementor-animated-content\" href=\"https:\/\/www.parquenatural.com\/wp-content\/uploads\/2021\/04\/ruta-senderismo-aguaamarga-cala-del-plomo-cabo-de-gata-almeria.jpg\" data-elementor-open-lightbox=\"yes\" data-elementor-lightbox-slideshow=\"ebb71bf\" data-elementor-lightbox-title=\"ruta-senderismo-aguaamarga-cala-del-plomo-cabo-de-gata-almeria\" data-elementor-lightbox-description=\"Playa de Agua marga Cabo de Gata\" data-e-action-hash=\"#elementor-action%3Aaction%3Dlightbox%26settings%3DeyJpZCI6ODA1NiwidXJsIjoiaHR0cHM6XC9cL3d3dy5wYXJxdWVuYXR1cmFsLmNvbVwvd3AtY29udGVudFwvdXBsb2Fkc1wvMjAyMVwvMDRcL3J1dGEtc2VuZGVyaXNtby1hZ3VhYW1hcmdhLWNhbGEtZGVsLXBsb21vLWNhYm8tZGUtZ2F0YS1hbG1lcmlhLmpwZyIsInNsaWRlc2hvdyI6ImViYjcxYmYifQ%3D%3D\">\n\t\t\t\t\t<div class=\"e-gallery-image elementor-gallery-item__image\" data-thumbnail=\"https:\/\/www.parquenatural.com\/wp-content\/uploads\/2021\/04\/ruta-senderismo-aguaamarga-cala-del-plomo-cabo-de-gata-almeria-300x225.jpg\" data-width=\"300\" data-height=\"225\" aria-label=\"Playa de Agua marga Cabo de Gata\" role=\"img\" ><\/div>\n\t\t\t\t\t\t\t\t\t\t\t<div class=\"elementor-gallery-item__overlay\"><\/div>\n\t\t\t\t\t\t\t\t\t\t\t\t\t\t<\/a>\n\t\t\t\t\t\t\t<a class=\"e-gallery-item elementor-gallery-item elementor-animated-content\" href=\"https:\/\/www.parquenatural.com\/wp-content\/uploads\/2021\/04\/snorkel-cala-del-plomo-cabo-de-gata-almeria.jpg\" data-elementor-open-lightbox=\"yes\" data-elementor-lightbox-slideshow=\"ebb71bf\" data-elementor-lightbox-title=\"snorkel-cala-del-plomo-cabo-de-gata-almeria\" data-e-action-hash=\"#elementor-action%3Aaction%3Dlightbox%26settings%3DeyJpZCI6NjgzNSwidXJsIjoiaHR0cHM6XC9cL3d3dy5wYXJxdWVuYXR1cmFsLmNvbVwvd3AtY29udGVudFwvdXBsb2Fkc1wvMjAyMVwvMDRcL3Nub3JrZWwtY2FsYS1kZWwtcGxvbW8tY2Fiby1kZS1nYXRhLWFsbWVyaWEuanBnIiwic2xpZGVzaG93IjoiZWJiNzFiZiJ9\">\n\t\t\t\t\t<div class=\"e-gallery-image elementor-gallery-item__image\" data-thumbnail=\"https:\/\/www.parquenatural.com\/wp-content\/uploads\/2021\/04\/snorkel-cala-del-plomo-cabo-de-gata-almeria-300x169.jpg\" data-width=\"300\" data-height=\"169\" aria-label=\"\" role=\"img\" ><\/div>\n\t\t\t\t\t\t\t\t\t\t\t<div class=\"elementor-gallery-item__overlay\"><\/div>\n\t\t\t\t\t\t\t\t\t\t\t\t\t\t<\/a>\n\t\t\t\t\t<\/div>\n\t\t\t\t\t<\/div>\n\t\t\t\t<\/div>\n\t\t\t\t\t<\/div>\n\t\t<\/div>\n\t\t\t\t\t<\/div>\n\t\t<\/section>\n\t\t\t\t<\/div>","protected":false},"excerpt":{"rendered":"<p>Agua Amarga &#8211; Cala del Plomo. AGUA AMARGA &#8211; CALA DEL PLOMO Por Cala de Enmedio \u00a0 Distancia:\u00a0 6 km lineales. Duraci\u00f3n:\u00a0 2 Horas. Dificultad:\u00a0<\/p>","protected":false},"author":3,"featured_media":8053,"comment_status":"closed","ping_status":"closed","sticky":false,"template":"elementor_theme","format":"standard","meta":{"footnotes":""},"categories":[4],"tags":[],"class_list":["post-837","post","type-post","status-publish","format-standard","has-post-thumbnail","hentry","category-rutas"],"_links":{"self":[{"href":"https:\/\/www.parquenatural.com\/en\/wp-json\/wp\/v2\/posts\/837"}],"collection":[{"href":"https:\/\/www.parquenatural.com\/en\/wp-json\/wp\/v2\/posts"}],"about":[{"href":"https:\/\/www.parquenatural.com\/en\/wp-json\/wp\/v2\/types\/post"}],"author":[{"embeddable":true,"href":"https:\/\/www.parquenatural.com\/en\/wp-json\/wp\/v2\/users\/3"}],"replies":[{"embeddable":true,"href":"https:\/\/www.parquenatural.com\/en\/wp-json\/wp\/v2\/comments?post=837"}],"version-history":[{"count":0,"href":"https:\/\/www.parquenatural.com\/en\/wp-json\/wp\/v2\/posts\/837\/revisions"}],"wp:featuredmedia":[{"embeddable":true,"href":"https:\/\/www.parquenatural.com\/en\/wp-json\/wp\/v2\/media\/8053"}],"wp:attachment":[{"href":"https:\/\/www.parquenatural.com\/en\/wp-json\/wp\/v2\/media?parent=837"}],"wp:term":[{"taxonomy":"category","embeddable":true,"href":"https:\/\/www.parquenatural.com\/en\/wp-json\/wp\/v2\/categories?post=837"},{"taxonomy":"post_tag","embeddable":true,"href":"https:\/\/www.parquenatural.com\/en\/wp-json\/wp\/v2\/tags?post=837"}],"curies":[{"name":"wp","href":"https:\/\/api.w.org\/{rel}","templated":true}]}}