{"id":838,"date":"2021-04-16T00:29:14","date_gmt":"2021-04-15T22:29:14","guid":{"rendered":"https:\/\/www.parquenatural.com\/blog\/agua-amarga-playa-de-los-muertos-carboneras\/"},"modified":"2021-05-02T17:47:07","modified_gmt":"2021-05-02T15:47:07","slug":"agua-amarga-playa-de-los-muertos-2","status":"publish","type":"post","link":"https:\/\/www.parquenatural.com\/en\/agua-amarga-playa-de-los-muertos-2\/","title":{"rendered":"Agua Amarga &#8211; Playa de los Muertos."},"content":{"rendered":"<p><span style=\"font-family: verdana,geneva;\"><strong><span style=\"color: #006699;\"><span style=\"font-size: small;\"><span style=\"color: #993366;\">AGUA AMARGA &#8211; PLAYA DE LOS MUERTOS:<\/span><\/span><\/span><\/strong><\/span><\/p>\n<p><span style=\"color: #000000;\"><span style=\"font-family: verdana,geneva;\"><strong>por La Mesa Rold\u00e1n.<\/strong><\/span><\/span><\/p>\n<p><span style=\"color: #000000;\"><span style=\"font-family: verdana,geneva;\"><strong>\u00a0<\/strong><\/span><\/span><\/p>\n<p><span style=\"color: #000000;\"><span style=\"font-family: verdana,geneva;\">Distancia:<strong>\u00a0 10 km lineales.<br \/>\n<\/strong>Duraci\u00f3n:<strong>\u00a0 3 a 4 Horas.<br \/>\n<\/strong>?poca Recomendada:<strong>\u00a0 Todo el a\u00f1o.<br \/>\n<\/strong>Dificultad<strong>:\u00a0 Alta.<\/strong><\/span><\/span><\/p>\n<p><span style=\"font-family: verdana,geneva;\"><span style=\"color: #006699;\"><strong>\u00a0<\/strong><\/span><\/span><\/p>\n<p><span style=\"color: #3e7084;\"><span style=\"font-family: verdana,geneva;\"><span style=\"font-size: small;\"><strong>Partiendo de Agua Amarga, tomamos la carretera que va hacia Carboneras. <\/strong><\/span><\/span><\/span><\/p>\n<p><span style=\"color: #3e7084;\"><span style=\"font-family: verdana,geneva;\"><span style=\"font-size: small;\"><strong>Cuando lleguemos a la Cortijada de los Ventorrillos, seguiremos por un camino que sale a la derecha direcci\u00f3n a la playa y que, m\u00e1s adelante, se junta otra vez con la carretera asfaltada que sube a Mesa Rold\u00e1n. <\/strong><\/span><\/span><\/span><\/p>\n<div><span style=\"color: #3e7084;\"><span style=\"font-family: verdana,geneva;\"><span style=\"font-size: small;\"><strong>A la derecha tomamos la antigua carretera del faro (cartel indicativo de inicio de sendero). <\/strong><\/span><\/span><\/span><\/div>\n<div><span style=\"color: #3e7084;\"><span style=\"font-family: verdana,geneva;\"><span style=\"font-size: small;\"><strong>En esta zona existe un faro y una antigua Torre de Vig\u00eda del s. XVIII, las vistas desde all\u00ed son espectaculares debido a su altura. <\/strong><\/span><\/span><\/span><\/div>\n<div><\/div>\n<div><span style=\"color: #3e7084;\"><span style=\"font-family: verdana,geneva;\"><span style=\"font-size: small;\"><b style=\"color: #3e7084; font-family: verdana, geneva; font-size: small;\">Para seguir nuestro camino hacia la Playa de los Muertos, bajamos por la carretera nueva hasta que nos encontramos a la derecha un <\/b><span style=\"color: #3e7084; font-family: verdana, geneva; font-size: small;\"><b>desvi\u00f3<\/b><\/span><b style=\"color: #3e7084; font-family: verdana, geneva; font-size: small;\"> que nos lleva al mirador de la Playa de los Muertos, desde donde observaremos una de las calas m\u00e1s bonitas del Parque <\/b><span style=\"color: #3e7084; font-family: verdana, geneva; font-size: small;\"><b>Natural<\/b><\/span><b style=\"color: #3e7084; font-family: verdana, geneva; font-size: small;\"> Cabo de Gata &#8211; <\/b><span style=\"color: #3e7084; font-family: verdana, geneva; font-size: small;\"><b>N\u00edjar<\/b><\/span><b style=\"color: #3e7084; font-family: verdana, geneva; font-size: small;\">, y que debe su nombre a que las fuertes corrientes existentes en estas zonas arrastraban hasta sus arenas los cad\u00e1veres de los naufragios que ocurr\u00edan en sus cercan\u00edas.<\/b><\/span><\/span><\/span><\/div>","protected":false},"excerpt":{"rendered":"<p>AGUA AMARGA &#8211; PLAYA DE LOS MUERTOS: por La Mesa Rold\u00e1n. \u00a0 Distancia:\u00a0 10 km lineales. Duraci\u00f3n:\u00a0 3 a 4 Horas. ?poca Recomendada:\u00a0 Todo el<\/p>","protected":false},"author":3,"featured_media":6979,"comment_status":"closed","ping_status":"closed","sticky":false,"template":"elementor_theme","format":"standard","meta":{"footnotes":""},"categories":[4],"tags":[],"class_list":["post-838","post","type-post","status-publish","format-standard","has-post-thumbnail","hentry","category-rutas"],"_links":{"self":[{"href":"https:\/\/www.parquenatural.com\/en\/wp-json\/wp\/v2\/posts\/838"}],"collection":[{"href":"https:\/\/www.parquenatural.com\/en\/wp-json\/wp\/v2\/posts"}],"about":[{"href":"https:\/\/www.parquenatural.com\/en\/wp-json\/wp\/v2\/types\/post"}],"author":[{"embeddable":true,"href":"https:\/\/www.parquenatural.com\/en\/wp-json\/wp\/v2\/users\/3"}],"replies":[{"embeddable":true,"href":"https:\/\/www.parquenatural.com\/en\/wp-json\/wp\/v2\/comments?post=838"}],"version-history":[{"count":0,"href":"https:\/\/www.parquenatural.com\/en\/wp-json\/wp\/v2\/posts\/838\/revisions"}],"wp:featuredmedia":[{"embeddable":true,"href":"https:\/\/www.parquenatural.com\/en\/wp-json\/wp\/v2\/media\/6979"}],"wp:attachment":[{"href":"https:\/\/www.parquenatural.com\/en\/wp-json\/wp\/v2\/media?parent=838"}],"wp:term":[{"taxonomy":"category","embeddable":true,"href":"https:\/\/www.parquenatural.com\/en\/wp-json\/wp\/v2\/categories?post=838"},{"taxonomy":"post_tag","embeddable":true,"href":"https:\/\/www.parquenatural.com\/en\/wp-json\/wp\/v2\/tags?post=838"}],"curies":[{"name":"wp","href":"https:\/\/api.w.org\/{rel}","templated":true}]}}