{"id":848,"date":"2005-04-27T00:56:04","date_gmt":"2005-04-26T22:56:04","guid":{"rendered":"https:\/\/www.parquenatural.com\/blog\/las-negras-cala-san-pedro\/"},"modified":"2021-04-22T14:29:51","modified_gmt":"2021-04-22T12:29:51","slug":"las-negras-cala-san-pedro","status":"publish","type":"post","link":"https:\/\/www.parquenatural.com\/en\/las-negras-cala-san-pedro\/","title":{"rendered":"Ruta de Las Negras a Cala San Pedro"},"content":{"rendered":"<div data-elementor-type=\"wp-post\" data-elementor-id=\"848\" class=\"elementor elementor-848\" data-elementor-post-type=\"post\">\n\t\t\t\t\t\t<section class=\"elementor-section elementor-top-section elementor-element elementor-element-15b3d19 elementor-section-boxed elementor-section-height-default elementor-section-height-default\" data-id=\"15b3d19\" data-element_type=\"section\" data-e-type=\"section\">\n\t\t\t\t\t\t<div class=\"elementor-container elementor-column-gap-default\">\n\t\t\t\t\t<div class=\"elementor-column elementor-col-100 elementor-top-column elementor-element elementor-element-8542b23\" data-id=\"8542b23\" data-element_type=\"column\" data-e-type=\"column\">\n\t\t\t<div class=\"elementor-widget-wrap elementor-element-populated\">\n\t\t\t\t\t\t<div class=\"elementor-element elementor-element-a7fd9c6 elementor-widget elementor-widget-text-editor\" data-id=\"a7fd9c6\" data-element_type=\"widget\" data-e-type=\"widget\" data-widget_type=\"text-editor.default\">\n\t\t\t\t<div class=\"elementor-widget-container\">\n\t\t\t\t\t\t\t\t\t<p>Recorrido: Ida: 5,3Km. Ida y vuelta: 10,3 km.<br \/><span style=\"color: var( --e-global-color-72d0269 );\">Desnivel: 100 m.<br \/><\/span><span style=\"color: var( --e-global-color-72d0269 );\">Dificultad: Baja, aunque en el acceso final a la cala se precisa atenci\u00f3n y prudencia. .<br \/><\/span><span style=\"color: var( --e-global-color-72d0269 );\">Duraci\u00f3n: Recorrido de ida: 1 hora y 25 minutos. Ida y vuelta: 2 horas y 30 minutos.<br \/><\/span><span style=\"color: var( --e-global-color-72d0269 );\">Comienzo: Las Negras.<br \/><\/span><span style=\"color: var( --e-global-color-72d0269 );\">Llegada: Cala de San Pedro.<\/span><\/p><p>\u00c9poca del a\u00f1o: Cualquiera, aunque las estaciones m\u00e1s proclives al ba\u00f1o, favorecer\u00e1n su completo disfrute.<\/p><p>Contenido: Pocas veces tenemos la oportunidad de acercarnos a territorios a los que no puede llegar el autom\u00f3vil. Lo rec\u00f3ndito del lugar, las mas transparentes aguas que puedan imaginar y lo recoleto del entorno de Cala de San Pedro, hacen de este sendero uno de los m\u00e1s atractivos de toda Almer\u00eda.<\/p><p>Tipo de camino: La mayor parte vereda. El tramo final de vuelta: camino de tierra.<\/p><p>Cart\u00f3grafa: M.T.N. 1: 50.000, N.\u00ba. 1046.<\/p><p>Hace, aproximadamente, 1 hora y 15 minutos que emprendimos viaje desde la capital, recorriendo 66 km. hasta adentrarnos en el coraz\u00f3n del Parque Natural de Cabo de Gata &#8211; N\u00edjar y llegar hasta la peque\u00f1a\u00a0 localidad costera de Las Negras. Atr\u00e1s queda\u00a0 la villa aur\u00edfera de Rodalquilar y la inexcusable parada en el Mirador de las Amatistas. Las primeras luces de la ma\u00f1ana nos animan a comenzar nuestro camino con destino a la que, quiz?, sea la m\u00e1s inaccesible playa de la provincia, Cala de San Pedro.<\/p><h2>Cala San Pedro<\/h2><figure id=\"attachment_8560\" aria-describedby=\"caption-attachment-8560\" style=\"width: 300px\" class=\"wp-caption alignleft\"><img fetchpriority=\"high\" decoding=\"async\" class=\"wp-image-8560 size-medium\" src=\"https:\/\/www.parquenatural.com\/wp-content\/uploads\/2021\/04\/IMG_20210418_114803-300x225.jpg\" alt=\"Pueblo de Las negras Cabo gata\" width=\"300\" height=\"225\" srcset=\"https:\/\/www.parquenatural.com\/wp-content\/uploads\/2021\/04\/IMG_20210418_114803-300x225.jpg 300w, https:\/\/www.parquenatural.com\/wp-content\/uploads\/2021\/04\/IMG_20210418_114803-768x576.jpg 768w, https:\/\/www.parquenatural.com\/wp-content\/uploads\/2021\/04\/IMG_20210418_114803-16x12.jpg 16w, https:\/\/www.parquenatural.com\/wp-content\/uploads\/2021\/04\/IMG_20210418_114803-800x600.jpg 800w, https:\/\/www.parquenatural.com\/wp-content\/uploads\/2021\/04\/IMG_20210418_114803-350x263.jpg 350w, https:\/\/www.parquenatural.com\/wp-content\/uploads\/2021\/04\/IMG_20210418_114803.jpg 1024w\" sizes=\"(max-width: 300px) 100vw, 300px\" \/><figcaption id=\"caption-attachment-8560\" class=\"wp-caption-text\">Vista del Pueblo de Las Negras<\/figcaption><\/figure><p>\u00a0Pertrechados de mochila y protecci\u00f3n solar, nos disponemos a andar hasta las afueras del pueblo, en direcci\u00f3n norte. Cuando hayamos observado las \u00faltimas construcciones, cruzaremos el peque\u00f1o curso de la Rambla de Las Negras, comenzando, desde ese momento, a remontarla. <br \/>Extensos ca\u00f1averales y escondidas huertas rodean el suave ascenso, hasta llegar a una bifurcaci\u00f3n que tomaremos a la derecha.<\/p><p>Aparecen junto a nosotros, algunos cortijillos con sus huertos y peque\u00f1as explotaciones ganaderas, rememorando un tranquilo modo de vida, bien alejado del estr\u00e9s y la celeridad de las grandes urbes.<\/p><figure id=\"attachment_8562\" aria-describedby=\"caption-attachment-8562\" style=\"width: 300px\" class=\"wp-caption alignright\"><img decoding=\"async\" class=\"wp-image-8562 size-medium\" src=\"https:\/\/www.parquenatural.com\/wp-content\/uploads\/2021\/04\/IMG_20210418_115050-300x225.jpg\" alt=\"Vista de la Playa de las Negras\" width=\"300\" height=\"225\" \/><figcaption id=\"caption-attachment-8562\" class=\"wp-caption-text\">Vista de la Playa de las Negras<\/figcaption><\/figure><p>\u00a0 \u00a0 \u00a0Proseguimos rambla arriba, hasta abandonar el curso principal y remontar la primera rambla que surge por nuestra derecha: la Rambla de las \u00c1guillas, en un gran giro de 90 grados, hacia el nordeste. Podemos realizar el recorrido por el fondo de la rambla o ascender por una estrecha vereda que lo atraviesa, a su vez, por la derecha. Este peque\u00f1o camino, a unos 10 ? 15 metros del fondo de la rambla, permite obtener una singular visi\u00f3n de la misma y del gran c\u00f3ngulo monta\u00f1oso que nos envuelve, coronado por el Cerro Ricardillo.<\/p><figure id=\"attachment_8561\" aria-describedby=\"caption-attachment-8561\" style=\"width: 300px\" class=\"wp-caption alignleft\"><img decoding=\"async\" class=\"wp-image-8561 size-medium\" src=\"https:\/\/www.parquenatural.com\/wp-content\/uploads\/2021\/04\/IMG_20210418_115023-300x225.jpg\" alt=\"Cerro Negro Las Negras\" width=\"300\" height=\"225\" srcset=\"https:\/\/www.parquenatural.com\/wp-content\/uploads\/2021\/04\/IMG_20210418_115023-300x225.jpg 300w, https:\/\/www.parquenatural.com\/wp-content\/uploads\/2021\/04\/IMG_20210418_115023-768x576.jpg 768w, https:\/\/www.parquenatural.com\/wp-content\/uploads\/2021\/04\/IMG_20210418_115023-16x12.jpg 16w, https:\/\/www.parquenatural.com\/wp-content\/uploads\/2021\/04\/IMG_20210418_115023-800x600.jpg 800w, https:\/\/www.parquenatural.com\/wp-content\/uploads\/2021\/04\/IMG_20210418_115023-350x263.jpg 350w, https:\/\/www.parquenatural.com\/wp-content\/uploads\/2021\/04\/IMG_20210418_115023.jpg 1024w\" sizes=\"(max-width: 300px) 100vw, 300px\" \/><figcaption id=\"caption-attachment-8561\" class=\"wp-caption-text\">Cerro Negro Las Negras<\/figcaption><\/figure><p>Bajo nuestros pies surge un claro roquedo volc\u00e1nico, caracter\u00edstico de todo el parque y claramente justificado por la proximidad del Cerro Negro. Algunos palmitos y chumberas adornan las descarnadas laderas, donde predominan los colores ocres y terrosos. Los restos del, antiguamente prospero, Cortijo de Ricardillo se dispersan ante nosotros. All\u00ed podemos ver vetustas instalaciones, albercas, eras circulares y un pozo, a\u00fan, en uso. Una palmera pone la nota de color en una atractiva percepci\u00f3n de este fondo de valle cerrado, en casi todo su per\u00edmetro, por monta\u00f1as y cerros.<\/p><p>Rellana Cala San Pedro<\/p><p>A continuaci\u00f3n veremos, la vereda que, a nuestra izquierda, se\u00f1ala el pr\u00f3ximo tramo de la ruta. <br \/>Sin mas dilaci\u00f3n nos disponemos a tomarla. La geograf\u00eda que nos envuelve es continuamente cambiante. Colores, materiales y formas erosivas se suceden o yuxtaponen, entremezcl\u00e1ndose calizas, rocas volc\u00e1nicas y sedimentarias, en un arm\u00f3nico &#8220;caos&#8221;.<\/p><p>En nuestro horizonte aparece la Rellana de San Pedro, con su t\u00edpico relieve tabular bajo el cual, intuimos, se esconde la cala del mismo nombre.<\/p><p>El camino no plantea ninguna posibilidad de perdida por su uso frecuente y continuado. Poco a poco, descubrimos toda la costa que hemos dejado atr\u00e1s, desde Punta Polacra y el Mirador de las Amatistas, hasta la que aparece a nuestro lado.<\/p><p>Tal vez sean estas las mas cristalinas aguas que hayamos visto en Almer\u00eda.<\/p><p>Su transparencia es tal que nos permite vislumbrar, con toda facilidad, los sumergidos fondos rocosos cercanos a los acantilados.<\/p><p>Los colores: verde esmeralda y azul cobalto se entremezclan, adorn\u00e1ndose con los destellos que arrancan los rayos de sol al tropezar con el espejo de sus aguas, en una imagen inolvidable.<\/p><p>Hay un servicio que te lleva en\u00a0 Barco a Cala San Pedro desde el <a href=\"https:\/\/www.parquenatural.com\/en\/las-negras-cabo-de-gata-almeria\/\">pueblo de Las Negras<\/a>.<\/p>\t\t\t\t\t\t\t\t<\/div>\n\t\t\t\t<\/div>\n\t\t\t\t\t<\/div>\n\t\t<\/div>\n\t\t\t\t\t<\/div>\n\t\t<\/section>\n\t\t\t\t<section class=\"elementor-section elementor-top-section elementor-element elementor-element-fc193e3 elementor-section-boxed elementor-section-height-default elementor-section-height-default\" data-id=\"fc193e3\" data-element_type=\"section\" data-e-type=\"section\">\n\t\t\t\t\t\t<div class=\"elementor-container elementor-column-gap-default\">\n\t\t\t\t\t<div class=\"elementor-column elementor-col-100 elementor-top-column elementor-element elementor-element-66cb5be\" data-id=\"66cb5be\" data-element_type=\"column\" data-e-type=\"column\">\n\t\t\t<div class=\"elementor-widget-wrap elementor-element-populated\">\n\t\t\t\t\t\t<div class=\"elementor-element elementor-element-dd04c88 elementor-widget elementor-widget-gallery\" data-id=\"dd04c88\" data-element_type=\"widget\" data-e-type=\"widget\" data-settings=\"{&quot;columns&quot;:3,&quot;lazyload&quot;:&quot;yes&quot;,&quot;gallery_layout&quot;:&quot;grid&quot;,&quot;columns_tablet&quot;:2,&quot;columns_mobile&quot;:1,&quot;gap&quot;:{&quot;unit&quot;:&quot;px&quot;,&quot;size&quot;:10,&quot;sizes&quot;:[]},&quot;gap_tablet&quot;:{&quot;unit&quot;:&quot;px&quot;,&quot;size&quot;:10,&quot;sizes&quot;:[]},&quot;gap_mobile&quot;:{&quot;unit&quot;:&quot;px&quot;,&quot;size&quot;:10,&quot;sizes&quot;:[]},&quot;link_to&quot;:&quot;file&quot;,&quot;aspect_ratio&quot;:&quot;3:2&quot;,&quot;overlay_background&quot;:&quot;yes&quot;,&quot;content_hover_animation&quot;:&quot;fade-in&quot;}\" data-widget_type=\"gallery.default\">\n\t\t\t\t<div class=\"elementor-widget-container\">\n\t\t\t\t\t\t\t<div class=\"elementor-gallery__container\">\n\t\t\t\t\t\t\t<a class=\"e-gallery-item elementor-gallery-item elementor-animated-content\" href=\"https:\/\/www.parquenatural.com\/wp-content\/uploads\/2021\/04\/IMG_20210418_115050.jpg\" data-elementor-open-lightbox=\"yes\" data-elementor-lightbox-slideshow=\"dd04c88\" data-elementor-lightbox-title=\"IMG_20210418_115050\" data-e-action-hash=\"#elementor-action%3Aaction%3Dlightbox%26settings%3DeyJpZCI6ODU3MywidXJsIjoiaHR0cHM6XC9cL3d3dy5wYXJxdWVuYXR1cmFsLmNvbVwvd3AtY29udGVudFwvdXBsb2Fkc1wvMjAyMVwvMDRcL0lNR18yMDIxMDQxOF8xMTUwNTAuanBnIiwic2xpZGVzaG93IjoiZGQwNGM4OCJ9\">\n\t\t\t\t\t<div class=\"e-gallery-image elementor-gallery-item__image\" data-thumbnail=\"https:\/\/www.parquenatural.com\/wp-content\/uploads\/2021\/04\/IMG_20210418_115050-300x225.jpg\" data-width=\"300\" data-height=\"225\" aria-label=\"\" role=\"img\" ><\/div>\n\t\t\t\t\t\t\t\t\t\t\t<div class=\"elementor-gallery-item__overlay\"><\/div>\n\t\t\t\t\t\t\t\t\t\t\t\t\t\t<\/a>\n\t\t\t\t\t\t\t<a class=\"e-gallery-item elementor-gallery-item elementor-animated-content\" href=\"https:\/\/www.parquenatural.com\/wp-content\/uploads\/2021\/04\/IMG_20210418_114803-2.jpg\" data-elementor-open-lightbox=\"yes\" data-elementor-lightbox-slideshow=\"dd04c88\" data-elementor-lightbox-title=\"IMG_20210418_114803\" data-e-action-hash=\"#elementor-action%3Aaction%3Dlightbox%26settings%3DeyJpZCI6ODYwOSwidXJsIjoiaHR0cHM6XC9cL3d3dy5wYXJxdWVuYXR1cmFsLmNvbVwvd3AtY29udGVudFwvdXBsb2Fkc1wvMjAyMVwvMDRcL0lNR18yMDIxMDQxOF8xMTQ4MDMtMi5qcGciLCJzbGlkZXNob3ciOiJkZDA0Yzg4In0%3D\">\n\t\t\t\t\t<div class=\"e-gallery-image elementor-gallery-item__image\" data-thumbnail=\"https:\/\/www.parquenatural.com\/wp-content\/uploads\/2021\/04\/IMG_20210418_114803-2-300x225.jpg\" data-width=\"300\" data-height=\"225\" aria-label=\"\" role=\"img\" ><\/div>\n\t\t\t\t\t\t\t\t\t\t\t<div class=\"elementor-gallery-item__overlay\"><\/div>\n\t\t\t\t\t\t\t\t\t\t\t\t\t\t<\/a>\n\t\t\t\t\t\t\t<a class=\"e-gallery-item elementor-gallery-item elementor-animated-content\" href=\"https:\/\/www.parquenatural.com\/wp-content\/uploads\/2021\/04\/IMG_20210418_115023-1.jpg\" data-elementor-open-lightbox=\"yes\" data-elementor-lightbox-slideshow=\"dd04c88\" data-elementor-lightbox-title=\"IMG_20210418_115023\" data-e-action-hash=\"#elementor-action%3Aaction%3Dlightbox%26settings%3DeyJpZCI6ODU3MSwidXJsIjoiaHR0cHM6XC9cL3d3dy5wYXJxdWVuYXR1cmFsLmNvbVwvd3AtY29udGVudFwvdXBsb2Fkc1wvMjAyMVwvMDRcL0lNR18yMDIxMDQxOF8xMTUwMjMtMS5qcGciLCJzbGlkZXNob3ciOiJkZDA0Yzg4In0%3D\">\n\t\t\t\t\t<div class=\"e-gallery-image elementor-gallery-item__image\" data-thumbnail=\"https:\/\/www.parquenatural.com\/wp-content\/uploads\/2021\/04\/IMG_20210418_115023-1-300x225.jpg\" data-width=\"300\" data-height=\"225\" aria-label=\"\" role=\"img\" ><\/div>\n\t\t\t\t\t\t\t\t\t\t\t<div class=\"elementor-gallery-item__overlay\"><\/div>\n\t\t\t\t\t\t\t\t\t\t\t\t\t\t<\/a>\n\t\t\t\t\t\t\t<a class=\"e-gallery-item elementor-gallery-item elementor-animated-content\" href=\"https:\/\/www.parquenatural.com\/wp-content\/uploads\/2021\/04\/IMG_20210418_120459.jpg\" data-elementor-open-lightbox=\"yes\" data-elementor-lightbox-slideshow=\"dd04c88\" data-elementor-lightbox-title=\"IMG_20210418_120459\" data-e-action-hash=\"#elementor-action%3Aaction%3Dlightbox%26settings%3DeyJpZCI6ODU3NywidXJsIjoiaHR0cHM6XC9cL3d3dy5wYXJxdWVuYXR1cmFsLmNvbVwvd3AtY29udGVudFwvdXBsb2Fkc1wvMjAyMVwvMDRcL0lNR18yMDIxMDQxOF8xMjA0NTkuanBnIiwic2xpZGVzaG93IjoiZGQwNGM4OCJ9\">\n\t\t\t\t\t<div class=\"e-gallery-image elementor-gallery-item__image\" data-thumbnail=\"https:\/\/www.parquenatural.com\/wp-content\/uploads\/2021\/04\/IMG_20210418_120459-300x225.jpg\" data-width=\"300\" data-height=\"225\" aria-label=\"\" role=\"img\" ><\/div>\n\t\t\t\t\t\t\t\t\t\t\t<div class=\"elementor-gallery-item__overlay\"><\/div>\n\t\t\t\t\t\t\t\t\t\t\t\t\t\t<\/a>\n\t\t\t\t\t\t\t<a class=\"e-gallery-item elementor-gallery-item elementor-animated-content\" href=\"https:\/\/www.parquenatural.com\/wp-content\/uploads\/2021\/04\/IMG_20210418_120031-1.jpg\" data-elementor-open-lightbox=\"yes\" data-elementor-lightbox-slideshow=\"dd04c88\" data-elementor-lightbox-title=\"IMG_20210418_120031\" data-e-action-hash=\"#elementor-action%3Aaction%3Dlightbox%26settings%3DeyJpZCI6ODU3NSwidXJsIjoiaHR0cHM6XC9cL3d3dy5wYXJxdWVuYXR1cmFsLmNvbVwvd3AtY29udGVudFwvdXBsb2Fkc1wvMjAyMVwvMDRcL0lNR18yMDIxMDQxOF8xMjAwMzEtMS5qcGciLCJzbGlkZXNob3ciOiJkZDA0Yzg4In0%3D\">\n\t\t\t\t\t<div class=\"e-gallery-image elementor-gallery-item__image\" data-thumbnail=\"https:\/\/www.parquenatural.com\/wp-content\/uploads\/2021\/04\/IMG_20210418_120031-1-300x225.jpg\" data-width=\"300\" data-height=\"225\" aria-label=\"\" role=\"img\" ><\/div>\n\t\t\t\t\t\t\t\t\t\t\t<div class=\"elementor-gallery-item__overlay\"><\/div>\n\t\t\t\t\t\t\t\t\t\t\t\t\t\t<\/a>\n\t\t\t\t\t\t\t<a class=\"e-gallery-item elementor-gallery-item elementor-animated-content\" href=\"https:\/\/www.parquenatural.com\/wp-content\/uploads\/2021\/04\/IMG_20210418_135803-1.jpg\" data-elementor-open-lightbox=\"yes\" data-elementor-lightbox-slideshow=\"dd04c88\" data-elementor-lightbox-title=\"IMG_20210418_135803\" data-e-action-hash=\"#elementor-action%3Aaction%3Dlightbox%26settings%3DeyJpZCI6ODY0NSwidXJsIjoiaHR0cHM6XC9cL3d3dy5wYXJxdWVuYXR1cmFsLmNvbVwvd3AtY29udGVudFwvdXBsb2Fkc1wvMjAyMVwvMDRcL0lNR18yMDIxMDQxOF8xMzU4MDMtMS5qcGciLCJzbGlkZXNob3ciOiJkZDA0Yzg4In0%3D\">\n\t\t\t\t\t<div class=\"e-gallery-image elementor-gallery-item__image\" data-thumbnail=\"https:\/\/www.parquenatural.com\/wp-content\/uploads\/2021\/04\/IMG_20210418_135803-1-300x225.jpg\" data-width=\"300\" data-height=\"225\" aria-label=\"\" role=\"img\" ><\/div>\n\t\t\t\t\t\t\t\t\t\t\t<div class=\"elementor-gallery-item__overlay\"><\/div>\n\t\t\t\t\t\t\t\t\t\t\t\t\t\t<\/a>\n\t\t\t\t\t\t\t<a class=\"e-gallery-item elementor-gallery-item elementor-animated-content\" href=\"https:\/\/www.parquenatural.com\/wp-content\/uploads\/2021\/04\/IMG_20210418_135332-2.jpg\" data-elementor-open-lightbox=\"yes\" data-elementor-lightbox-slideshow=\"dd04c88\" data-elementor-lightbox-title=\"IMG_20210418_135332\" data-e-action-hash=\"#elementor-action%3Aaction%3Dlightbox%26settings%3DeyJpZCI6ODY0MywidXJsIjoiaHR0cHM6XC9cL3d3dy5wYXJxdWVuYXR1cmFsLmNvbVwvd3AtY29udGVudFwvdXBsb2Fkc1wvMjAyMVwvMDRcL0lNR18yMDIxMDQxOF8xMzUzMzItMi5qcGciLCJzbGlkZXNob3ciOiJkZDA0Yzg4In0%3D\">\n\t\t\t\t\t<div class=\"e-gallery-image elementor-gallery-item__image\" data-thumbnail=\"https:\/\/www.parquenatural.com\/wp-content\/uploads\/2021\/04\/IMG_20210418_135332-2-300x225.jpg\" data-width=\"300\" data-height=\"225\" aria-label=\"\" role=\"img\" ><\/div>\n\t\t\t\t\t\t\t\t\t\t\t<div class=\"elementor-gallery-item__overlay\"><\/div>\n\t\t\t\t\t\t\t\t\t\t\t\t\t\t<\/a>\n\t\t\t\t\t\t\t<a class=\"e-gallery-item elementor-gallery-item elementor-animated-content\" href=\"https:\/\/www.parquenatural.com\/wp-content\/uploads\/2021\/04\/IMG_20210418_120025-1.jpg\" data-elementor-open-lightbox=\"yes\" data-elementor-lightbox-slideshow=\"dd04c88\" data-elementor-lightbox-title=\"IMG_20210418_120025\" data-e-action-hash=\"#elementor-action%3Aaction%3Dlightbox%26settings%3DeyJpZCI6ODU3NCwidXJsIjoiaHR0cHM6XC9cL3d3dy5wYXJxdWVuYXR1cmFsLmNvbVwvd3AtY29udGVudFwvdXBsb2Fkc1wvMjAyMVwvMDRcL0lNR18yMDIxMDQxOF8xMjAwMjUtMS5qcGciLCJzbGlkZXNob3ciOiJkZDA0Yzg4In0%3D\">\n\t\t\t\t\t<div class=\"e-gallery-image elementor-gallery-item__image\" data-thumbnail=\"https:\/\/www.parquenatural.com\/wp-content\/uploads\/2021\/04\/IMG_20210418_120025-1-300x225.jpg\" data-width=\"300\" data-height=\"225\" aria-label=\"\" role=\"img\" ><\/div>\n\t\t\t\t\t\t\t\t\t\t\t<div class=\"elementor-gallery-item__overlay\"><\/div>\n\t\t\t\t\t\t\t\t\t\t\t\t\t\t<\/a>\n\t\t\t\t\t\t\t<a class=\"e-gallery-item elementor-gallery-item elementor-animated-content\" href=\"https:\/\/www.parquenatural.com\/wp-content\/uploads\/2021\/04\/camino-costa-cala-san-pedro-las-negras-cabo-gata-almeria.jpg\" data-elementor-open-lightbox=\"yes\" data-elementor-lightbox-slideshow=\"dd04c88\" data-elementor-lightbox-title=\"camino-costa-cala-san-pedro-las-negras-cabo-gata-almeria\" data-e-action-hash=\"#elementor-action%3Aaction%3Dlightbox%26settings%3DeyJpZCI6ODY0NywidXJsIjoiaHR0cHM6XC9cL3d3dy5wYXJxdWVuYXR1cmFsLmNvbVwvd3AtY29udGVudFwvdXBsb2Fkc1wvMjAyMVwvMDRcL2NhbWluby1jb3N0YS1jYWxhLXNhbi1wZWRyby1sYXMtbmVncmFzLWNhYm8tZ2F0YS1hbG1lcmlhLmpwZyIsInNsaWRlc2hvdyI6ImRkMDRjODgifQ%3D%3D\">\n\t\t\t\t\t<div class=\"e-gallery-image elementor-gallery-item__image\" data-thumbnail=\"https:\/\/www.parquenatural.com\/wp-content\/uploads\/2021\/04\/camino-costa-cala-san-pedro-las-negras-cabo-gata-almeria-300x225.jpg\" data-width=\"300\" data-height=\"225\" aria-label=\"\" role=\"img\" ><\/div>\n\t\t\t\t\t\t\t\t\t\t\t<div class=\"elementor-gallery-item__overlay\"><\/div>\n\t\t\t\t\t\t\t\t\t\t\t\t\t\t<\/a>\n\t\t\t\t\t\t\t<a class=\"e-gallery-item elementor-gallery-item elementor-animated-content\" href=\"https:\/\/www.parquenatural.com\/wp-content\/uploads\/2021\/04\/camini-cala-san-pedro-las-negras-cabo-gata-almeria.jpg\" data-elementor-open-lightbox=\"yes\" data-elementor-lightbox-slideshow=\"dd04c88\" data-elementor-lightbox-title=\"camini-cala-san-pedro-las-negras-cabo-gata-almeria\" data-e-action-hash=\"#elementor-action%3Aaction%3Dlightbox%26settings%3DeyJpZCI6ODY0NiwidXJsIjoiaHR0cHM6XC9cL3d3dy5wYXJxdWVuYXR1cmFsLmNvbVwvd3AtY29udGVudFwvdXBsb2Fkc1wvMjAyMVwvMDRcL2NhbWluaS1jYWxhLXNhbi1wZWRyby1sYXMtbmVncmFzLWNhYm8tZ2F0YS1hbG1lcmlhLmpwZyIsInNsaWRlc2hvdyI6ImRkMDRjODgifQ%3D%3D\">\n\t\t\t\t\t<div class=\"e-gallery-image elementor-gallery-item__image\" data-thumbnail=\"https:\/\/www.parquenatural.com\/wp-content\/uploads\/2021\/04\/camini-cala-san-pedro-las-negras-cabo-gata-almeria-300x225.jpg\" data-width=\"300\" data-height=\"225\" aria-label=\"\" role=\"img\" ><\/div>\n\t\t\t\t\t\t\t\t\t\t\t<div class=\"elementor-gallery-item__overlay\"><\/div>\n\t\t\t\t\t\t\t\t\t\t\t\t\t\t<\/a>\n\t\t\t\t\t\t\t<a class=\"e-gallery-item elementor-gallery-item elementor-animated-content\" href=\"https:\/\/www.parquenatural.com\/wp-content\/uploads\/2021\/04\/IMG_20210418_131031.jpg\" data-elementor-open-lightbox=\"yes\" data-elementor-lightbox-slideshow=\"dd04c88\" data-elementor-lightbox-title=\"IMG_20210418_131031\" data-e-action-hash=\"#elementor-action%3Aaction%3Dlightbox%26settings%3DeyJpZCI6ODYwMiwidXJsIjoiaHR0cHM6XC9cL3d3dy5wYXJxdWVuYXR1cmFsLmNvbVwvd3AtY29udGVudFwvdXBsb2Fkc1wvMjAyMVwvMDRcL0lNR18yMDIxMDQxOF8xMzEwMzEuanBnIiwic2xpZGVzaG93IjoiZGQwNGM4OCJ9\">\n\t\t\t\t\t<div class=\"e-gallery-image elementor-gallery-item__image\" data-thumbnail=\"https:\/\/www.parquenatural.com\/wp-content\/uploads\/2021\/04\/IMG_20210418_131031-300x225.jpg\" data-width=\"300\" data-height=\"225\" aria-label=\"\" role=\"img\" ><\/div>\n\t\t\t\t\t\t\t\t\t\t\t<div class=\"elementor-gallery-item__overlay\"><\/div>\n\t\t\t\t\t\t\t\t\t\t\t\t\t\t<\/a>\n\t\t\t\t\t\t\t<a class=\"e-gallery-item elementor-gallery-item elementor-animated-content\" href=\"https:\/\/www.parquenatural.com\/wp-content\/uploads\/2021\/04\/IMG_20210418_122410.jpg\" data-elementor-open-lightbox=\"yes\" data-elementor-lightbox-slideshow=\"dd04c88\" data-elementor-lightbox-title=\"IMG_20210418_122410\" data-e-action-hash=\"#elementor-action%3Aaction%3Dlightbox%26settings%3DeyJpZCI6ODU4NSwidXJsIjoiaHR0cHM6XC9cL3d3dy5wYXJxdWVuYXR1cmFsLmNvbVwvd3AtY29udGVudFwvdXBsb2Fkc1wvMjAyMVwvMDRcL0lNR18yMDIxMDQxOF8xMjI0MTAuanBnIiwic2xpZGVzaG93IjoiZGQwNGM4OCJ9\">\n\t\t\t\t\t<div class=\"e-gallery-image elementor-gallery-item__image\" data-thumbnail=\"https:\/\/www.parquenatural.com\/wp-content\/uploads\/2021\/04\/IMG_20210418_122410-300x225.jpg\" data-width=\"300\" data-height=\"225\" aria-label=\"\" role=\"img\" ><\/div>\n\t\t\t\t\t\t\t\t\t\t\t<div class=\"elementor-gallery-item__overlay\"><\/div>\n\t\t\t\t\t\t\t\t\t\t\t\t\t\t<\/a>\n\t\t\t\t\t\t\t<a class=\"e-gallery-item elementor-gallery-item elementor-animated-content\" href=\"https:\/\/www.parquenatural.com\/wp-content\/uploads\/2021\/04\/IMG_20210418_130818.jpg\" data-elementor-open-lightbox=\"yes\" data-elementor-lightbox-slideshow=\"dd04c88\" data-elementor-lightbox-title=\"IMG_20210418_130818\" data-e-action-hash=\"#elementor-action%3Aaction%3Dlightbox%26settings%3DeyJpZCI6ODYwMSwidXJsIjoiaHR0cHM6XC9cL3d3dy5wYXJxdWVuYXR1cmFsLmNvbVwvd3AtY29udGVudFwvdXBsb2Fkc1wvMjAyMVwvMDRcL0lNR18yMDIxMDQxOF8xMzA4MTguanBnIiwic2xpZGVzaG93IjoiZGQwNGM4OCJ9\">\n\t\t\t\t\t<div class=\"e-gallery-image elementor-gallery-item__image\" data-thumbnail=\"https:\/\/www.parquenatural.com\/wp-content\/uploads\/2021\/04\/IMG_20210418_130818-300x225.jpg\" data-width=\"300\" data-height=\"225\" aria-label=\"\" role=\"img\" ><\/div>\n\t\t\t\t\t\t\t\t\t\t\t<div class=\"elementor-gallery-item__overlay\"><\/div>\n\t\t\t\t\t\t\t\t\t\t\t\t\t\t<\/a>\n\t\t\t\t\t\t\t<a class=\"e-gallery-item elementor-gallery-item elementor-animated-content\" href=\"https:\/\/www.parquenatural.com\/wp-content\/uploads\/2021\/04\/cartel-cala-san-pedro-las-negras-cabo-gata-almeria.jpg\" data-elementor-open-lightbox=\"yes\" data-elementor-lightbox-slideshow=\"dd04c88\" data-elementor-lightbox-title=\"cartel-cala-san-pedro-las-negras-cabo-gata-almeria\" data-e-action-hash=\"#elementor-action%3Aaction%3Dlightbox%26settings%3DeyJpZCI6ODY0OCwidXJsIjoiaHR0cHM6XC9cL3d3dy5wYXJxdWVuYXR1cmFsLmNvbVwvd3AtY29udGVudFwvdXBsb2Fkc1wvMjAyMVwvMDRcL2NhcnRlbC1jYWxhLXNhbi1wZWRyby1sYXMtbmVncmFzLWNhYm8tZ2F0YS1hbG1lcmlhLmpwZyIsInNsaWRlc2hvdyI6ImRkMDRjODgifQ%3D%3D\">\n\t\t\t\t\t<div class=\"e-gallery-image elementor-gallery-item__image\" data-thumbnail=\"https:\/\/www.parquenatural.com\/wp-content\/uploads\/2021\/04\/cartel-cala-san-pedro-las-negras-cabo-gata-almeria-300x225.jpg\" data-width=\"300\" data-height=\"225\" aria-label=\"\" role=\"img\" ><\/div>\n\t\t\t\t\t\t\t\t\t\t\t<div class=\"elementor-gallery-item__overlay\"><\/div>\n\t\t\t\t\t\t\t\t\t\t\t\t\t\t<\/a>\n\t\t\t\t\t\t\t<a class=\"e-gallery-item elementor-gallery-item elementor-animated-content\" href=\"https:\/\/www.parquenatural.com\/wp-content\/uploads\/2021\/04\/flores-cala-san-pedro-cabo-gata-almeria.jpg\" data-elementor-open-lightbox=\"yes\" data-elementor-lightbox-slideshow=\"dd04c88\" data-elementor-lightbox-title=\"flores-cala-san-pedro-cabo-gata-almeria\" data-e-action-hash=\"#elementor-action%3Aaction%3Dlightbox%26settings%3DeyJpZCI6ODY0OSwidXJsIjoiaHR0cHM6XC9cL3d3dy5wYXJxdWVuYXR1cmFsLmNvbVwvd3AtY29udGVudFwvdXBsb2Fkc1wvMjAyMVwvMDRcL2Zsb3Jlcy1jYWxhLXNhbi1wZWRyby1jYWJvLWdhdGEtYWxtZXJpYS5qcGciLCJzbGlkZXNob3ciOiJkZDA0Yzg4In0%3D\">\n\t\t\t\t\t<div class=\"e-gallery-image elementor-gallery-item__image\" data-thumbnail=\"https:\/\/www.parquenatural.com\/wp-content\/uploads\/2021\/04\/flores-cala-san-pedro-cabo-gata-almeria-300x225.jpg\" data-width=\"300\" data-height=\"225\" aria-label=\"\" role=\"img\" ><\/div>\n\t\t\t\t\t\t\t\t\t\t\t<div class=\"elementor-gallery-item__overlay\"><\/div>\n\t\t\t\t\t\t\t\t\t\t\t\t\t\t<\/a>\n\t\t\t\t\t\t\t<a class=\"e-gallery-item elementor-gallery-item elementor-animated-content\" href=\"https:\/\/www.parquenatural.com\/wp-content\/uploads\/2021\/04\/IMG_20210418_121649.jpg\" data-elementor-open-lightbox=\"yes\" data-elementor-lightbox-slideshow=\"dd04c88\" data-elementor-lightbox-title=\"IMG_20210418_121649\" data-e-action-hash=\"#elementor-action%3Aaction%3Dlightbox%26settings%3DeyJpZCI6ODU4MywidXJsIjoiaHR0cHM6XC9cL3d3dy5wYXJxdWVuYXR1cmFsLmNvbVwvd3AtY29udGVudFwvdXBsb2Fkc1wvMjAyMVwvMDRcL0lNR18yMDIxMDQxOF8xMjE2NDkuanBnIiwic2xpZGVzaG93IjoiZGQwNGM4OCJ9\">\n\t\t\t\t\t<div class=\"e-gallery-image elementor-gallery-item__image\" data-thumbnail=\"https:\/\/www.parquenatural.com\/wp-content\/uploads\/2021\/04\/IMG_20210418_121649-300x225.jpg\" data-width=\"300\" data-height=\"225\" aria-label=\"\" role=\"img\" ><\/div>\n\t\t\t\t\t\t\t\t\t\t\t<div class=\"elementor-gallery-item__overlay\"><\/div>\n\t\t\t\t\t\t\t\t\t\t\t\t\t\t<\/a>\n\t\t\t\t\t\t\t<a class=\"e-gallery-item elementor-gallery-item elementor-animated-content\" href=\"https:\/\/www.parquenatural.com\/wp-content\/uploads\/2021\/04\/IMG_20210418_122837.jpg\" data-elementor-open-lightbox=\"yes\" data-elementor-lightbox-slideshow=\"dd04c88\" data-elementor-lightbox-title=\"IMG_20210418_122837\" data-e-action-hash=\"#elementor-action%3Aaction%3Dlightbox%26settings%3DeyJpZCI6ODU4NiwidXJsIjoiaHR0cHM6XC9cL3d3dy5wYXJxdWVuYXR1cmFsLmNvbVwvd3AtY29udGVudFwvdXBsb2Fkc1wvMjAyMVwvMDRcL0lNR18yMDIxMDQxOF8xMjI4MzcuanBnIiwic2xpZGVzaG93IjoiZGQwNGM4OCJ9\">\n\t\t\t\t\t<div class=\"e-gallery-image elementor-gallery-item__image\" data-thumbnail=\"https:\/\/www.parquenatural.com\/wp-content\/uploads\/2021\/04\/IMG_20210418_122837-300x225.jpg\" data-width=\"300\" data-height=\"225\" aria-label=\"\" role=\"img\" ><\/div>\n\t\t\t\t\t\t\t\t\t\t\t<div class=\"elementor-gallery-item__overlay\"><\/div>\n\t\t\t\t\t\t\t\t\t\t\t\t\t\t<\/a>\n\t\t\t\t\t\t\t<a class=\"e-gallery-item elementor-gallery-item elementor-animated-content\" href=\"https:\/\/www.parquenatural.com\/wp-content\/uploads\/2021\/04\/IMG_20210418_123208.jpg\" data-elementor-open-lightbox=\"yes\" data-elementor-lightbox-slideshow=\"dd04c88\" data-elementor-lightbox-title=\"IMG_20210418_123208\" data-e-action-hash=\"#elementor-action%3Aaction%3Dlightbox%26settings%3DeyJpZCI6ODU4OCwidXJsIjoiaHR0cHM6XC9cL3d3dy5wYXJxdWVuYXR1cmFsLmNvbVwvd3AtY29udGVudFwvdXBsb2Fkc1wvMjAyMVwvMDRcL0lNR18yMDIxMDQxOF8xMjMyMDguanBnIiwic2xpZGVzaG93IjoiZGQwNGM4OCJ9\">\n\t\t\t\t\t<div class=\"e-gallery-image elementor-gallery-item__image\" data-thumbnail=\"https:\/\/www.parquenatural.com\/wp-content\/uploads\/2021\/04\/IMG_20210418_123208-300x225.jpg\" data-width=\"300\" data-height=\"225\" aria-label=\"\" role=\"img\" ><\/div>\n\t\t\t\t\t\t\t\t\t\t\t<div class=\"elementor-gallery-item__overlay\"><\/div>\n\t\t\t\t\t\t\t\t\t\t\t\t\t\t<\/a>\n\t\t\t\t\t\t\t<a class=\"e-gallery-item elementor-gallery-item elementor-animated-content\" href=\"https:\/\/www.parquenatural.com\/wp-content\/uploads\/2021\/04\/IMG_20210418_123219.jpg\" data-elementor-open-lightbox=\"yes\" data-elementor-lightbox-slideshow=\"dd04c88\" data-elementor-lightbox-title=\"IMG_20210418_123219\" data-e-action-hash=\"#elementor-action%3Aaction%3Dlightbox%26settings%3DeyJpZCI6ODU4OSwidXJsIjoiaHR0cHM6XC9cL3d3dy5wYXJxdWVuYXR1cmFsLmNvbVwvd3AtY29udGVudFwvdXBsb2Fkc1wvMjAyMVwvMDRcL0lNR18yMDIxMDQxOF8xMjMyMTkuanBnIiwic2xpZGVzaG93IjoiZGQwNGM4OCJ9\">\n\t\t\t\t\t<div class=\"e-gallery-image elementor-gallery-item__image\" data-thumbnail=\"https:\/\/www.parquenatural.com\/wp-content\/uploads\/2021\/04\/IMG_20210418_123219-300x225.jpg\" data-width=\"300\" data-height=\"225\" aria-label=\"\" role=\"img\" ><\/div>\n\t\t\t\t\t\t\t\t\t\t\t<div class=\"elementor-gallery-item__overlay\"><\/div>\n\t\t\t\t\t\t\t\t\t\t\t\t\t\t<\/a>\n\t\t\t\t\t\t\t<a class=\"e-gallery-item elementor-gallery-item elementor-animated-content\" href=\"https:\/\/www.parquenatural.com\/wp-content\/uploads\/2021\/04\/IMG_20210418_123850.jpg\" data-elementor-open-lightbox=\"yes\" data-elementor-lightbox-slideshow=\"dd04c88\" data-elementor-lightbox-title=\"IMG_20210418_123850\" data-e-action-hash=\"#elementor-action%3Aaction%3Dlightbox%26settings%3DeyJpZCI6ODU5MiwidXJsIjoiaHR0cHM6XC9cL3d3dy5wYXJxdWVuYXR1cmFsLmNvbVwvd3AtY29udGVudFwvdXBsb2Fkc1wvMjAyMVwvMDRcL0lNR18yMDIxMDQxOF8xMjM4NTAuanBnIiwic2xpZGVzaG93IjoiZGQwNGM4OCJ9\">\n\t\t\t\t\t<div class=\"e-gallery-image elementor-gallery-item__image\" data-thumbnail=\"https:\/\/www.parquenatural.com\/wp-content\/uploads\/2021\/04\/IMG_20210418_123850-300x225.jpg\" data-width=\"300\" data-height=\"225\" aria-label=\"\" role=\"img\" ><\/div>\n\t\t\t\t\t\t\t\t\t\t\t<div class=\"elementor-gallery-item__overlay\"><\/div>\n\t\t\t\t\t\t\t\t\t\t\t\t\t\t<\/a>\n\t\t\t\t\t\t\t<a class=\"e-gallery-item elementor-gallery-item elementor-animated-content\" href=\"https:\/\/www.parquenatural.com\/wp-content\/uploads\/2021\/04\/IMG_20210418_123605.jpg\" data-elementor-open-lightbox=\"yes\" data-elementor-lightbox-slideshow=\"dd04c88\" data-elementor-lightbox-title=\"IMG_20210418_123605\" data-e-action-hash=\"#elementor-action%3Aaction%3Dlightbox%26settings%3DeyJpZCI6ODU5MSwidXJsIjoiaHR0cHM6XC9cL3d3dy5wYXJxdWVuYXR1cmFsLmNvbVwvd3AtY29udGVudFwvdXBsb2Fkc1wvMjAyMVwvMDRcL0lNR18yMDIxMDQxOF8xMjM2MDUuanBnIiwic2xpZGVzaG93IjoiZGQwNGM4OCJ9\">\n\t\t\t\t\t<div class=\"e-gallery-image elementor-gallery-item__image\" data-thumbnail=\"https:\/\/www.parquenatural.com\/wp-content\/uploads\/2021\/04\/IMG_20210418_123605-300x225.jpg\" data-width=\"300\" data-height=\"225\" aria-label=\"\" role=\"img\" ><\/div>\n\t\t\t\t\t\t\t\t\t\t\t<div class=\"elementor-gallery-item__overlay\"><\/div>\n\t\t\t\t\t\t\t\t\t\t\t\t\t\t<\/a>\n\t\t\t\t\t\t\t<a class=\"e-gallery-item elementor-gallery-item elementor-animated-content\" href=\"https:\/\/www.parquenatural.com\/wp-content\/uploads\/2021\/04\/IMG_20210418_124020.jpg\" data-elementor-open-lightbox=\"yes\" data-elementor-lightbox-slideshow=\"dd04c88\" data-elementor-lightbox-title=\"IMG_20210418_124020\" data-e-action-hash=\"#elementor-action%3Aaction%3Dlightbox%26settings%3DeyJpZCI6ODU5MywidXJsIjoiaHR0cHM6XC9cL3d3dy5wYXJxdWVuYXR1cmFsLmNvbVwvd3AtY29udGVudFwvdXBsb2Fkc1wvMjAyMVwvMDRcL0lNR18yMDIxMDQxOF8xMjQwMjAuanBnIiwic2xpZGVzaG93IjoiZGQwNGM4OCJ9\">\n\t\t\t\t\t<div class=\"e-gallery-image elementor-gallery-item__image\" data-thumbnail=\"https:\/\/www.parquenatural.com\/wp-content\/uploads\/2021\/04\/IMG_20210418_124020-300x225.jpg\" data-width=\"300\" data-height=\"225\" aria-label=\"\" role=\"img\" ><\/div>\n\t\t\t\t\t\t\t\t\t\t\t<div class=\"elementor-gallery-item__overlay\"><\/div>\n\t\t\t\t\t\t\t\t\t\t\t\t\t\t<\/a>\n\t\t\t\t\t\t\t<a class=\"e-gallery-item elementor-gallery-item elementor-animated-content\" href=\"https:\/\/www.parquenatural.com\/wp-content\/uploads\/2021\/04\/IMG_20210418_124033.jpg\" data-elementor-open-lightbox=\"yes\" data-elementor-lightbox-slideshow=\"dd04c88\" data-elementor-lightbox-title=\"IMG_20210418_124033\" data-e-action-hash=\"#elementor-action%3Aaction%3Dlightbox%26settings%3DeyJpZCI6ODU5NCwidXJsIjoiaHR0cHM6XC9cL3d3dy5wYXJxdWVuYXR1cmFsLmNvbVwvd3AtY29udGVudFwvdXBsb2Fkc1wvMjAyMVwvMDRcL0lNR18yMDIxMDQxOF8xMjQwMzMuanBnIiwic2xpZGVzaG93IjoiZGQwNGM4OCJ9\">\n\t\t\t\t\t<div class=\"e-gallery-image elementor-gallery-item__image\" data-thumbnail=\"https:\/\/www.parquenatural.com\/wp-content\/uploads\/2021\/04\/IMG_20210418_124033-300x225.jpg\" data-width=\"300\" data-height=\"225\" aria-label=\"\" role=\"img\" ><\/div>\n\t\t\t\t\t\t\t\t\t\t\t<div class=\"elementor-gallery-item__overlay\"><\/div>\n\t\t\t\t\t\t\t\t\t\t\t\t\t\t<\/a>\n\t\t\t\t\t\t\t<a class=\"e-gallery-item elementor-gallery-item elementor-animated-content\" href=\"https:\/\/www.parquenatural.com\/wp-content\/uploads\/2021\/04\/IMG_20210418_124132-1.jpg\" data-elementor-open-lightbox=\"yes\" data-elementor-lightbox-slideshow=\"dd04c88\" data-elementor-lightbox-title=\"IMG_20210418_124132\" data-e-action-hash=\"#elementor-action%3Aaction%3Dlightbox%26settings%3DeyJpZCI6ODU5NSwidXJsIjoiaHR0cHM6XC9cL3d3dy5wYXJxdWVuYXR1cmFsLmNvbVwvd3AtY29udGVudFwvdXBsb2Fkc1wvMjAyMVwvMDRcL0lNR18yMDIxMDQxOF8xMjQxMzItMS5qcGciLCJzbGlkZXNob3ciOiJkZDA0Yzg4In0%3D\">\n\t\t\t\t\t<div class=\"e-gallery-image elementor-gallery-item__image\" data-thumbnail=\"https:\/\/www.parquenatural.com\/wp-content\/uploads\/2021\/04\/IMG_20210418_124132-1-300x225.jpg\" data-width=\"300\" data-height=\"225\" aria-label=\"\" role=\"img\" ><\/div>\n\t\t\t\t\t\t\t\t\t\t\t<div class=\"elementor-gallery-item__overlay\"><\/div>\n\t\t\t\t\t\t\t\t\t\t\t\t\t\t<\/a>\n\t\t\t\t\t\t\t<a class=\"e-gallery-item elementor-gallery-item elementor-animated-content\" href=\"https:\/\/www.parquenatural.com\/wp-content\/uploads\/2021\/04\/IMG_20210418_124138.jpg\" data-elementor-open-lightbox=\"yes\" data-elementor-lightbox-slideshow=\"dd04c88\" data-elementor-lightbox-title=\"IMG_20210418_124138\" data-e-action-hash=\"#elementor-action%3Aaction%3Dlightbox%26settings%3DeyJpZCI6ODU5NiwidXJsIjoiaHR0cHM6XC9cL3d3dy5wYXJxdWVuYXR1cmFsLmNvbVwvd3AtY29udGVudFwvdXBsb2Fkc1wvMjAyMVwvMDRcL0lNR18yMDIxMDQxOF8xMjQxMzguanBnIiwic2xpZGVzaG93IjoiZGQwNGM4OCJ9\">\n\t\t\t\t\t<div class=\"e-gallery-image elementor-gallery-item__image\" data-thumbnail=\"https:\/\/www.parquenatural.com\/wp-content\/uploads\/2021\/04\/IMG_20210418_124138-300x225.jpg\" data-width=\"300\" data-height=\"225\" aria-label=\"\" role=\"img\" ><\/div>\n\t\t\t\t\t\t\t\t\t\t\t<div class=\"elementor-gallery-item__overlay\"><\/div>\n\t\t\t\t\t\t\t\t\t\t\t\t\t\t<\/a>\n\t\t\t\t\t\t\t<a class=\"e-gallery-item elementor-gallery-item elementor-animated-content\" href=\"https:\/\/www.parquenatural.com\/wp-content\/uploads\/2021\/04\/IMG_20210418_124200.jpg\" data-elementor-open-lightbox=\"yes\" data-elementor-lightbox-slideshow=\"dd04c88\" data-elementor-lightbox-title=\"IMG_20210418_124200\" data-e-action-hash=\"#elementor-action%3Aaction%3Dlightbox%26settings%3DeyJpZCI6ODU5NywidXJsIjoiaHR0cHM6XC9cL3d3dy5wYXJxdWVuYXR1cmFsLmNvbVwvd3AtY29udGVudFwvdXBsb2Fkc1wvMjAyMVwvMDRcL0lNR18yMDIxMDQxOF8xMjQyMDAuanBnIiwic2xpZGVzaG93IjoiZGQwNGM4OCJ9\">\n\t\t\t\t\t<div class=\"e-gallery-image elementor-gallery-item__image\" data-thumbnail=\"https:\/\/www.parquenatural.com\/wp-content\/uploads\/2021\/04\/IMG_20210418_124200-300x225.jpg\" data-width=\"300\" data-height=\"225\" aria-label=\"\" role=\"img\" ><\/div>\n\t\t\t\t\t\t\t\t\t\t\t<div class=\"elementor-gallery-item__overlay\"><\/div>\n\t\t\t\t\t\t\t\t\t\t\t\t\t\t<\/a>\n\t\t\t\t\t\t\t<a class=\"e-gallery-item elementor-gallery-item elementor-animated-content\" href=\"https:\/\/www.parquenatural.com\/wp-content\/uploads\/2021\/04\/IMG_20210418_125633.jpg\" data-elementor-open-lightbox=\"yes\" data-elementor-lightbox-slideshow=\"dd04c88\" data-elementor-lightbox-title=\"IMG_20210418_125633\" data-e-action-hash=\"#elementor-action%3Aaction%3Dlightbox%26settings%3DeyJpZCI6ODU5OCwidXJsIjoiaHR0cHM6XC9cL3d3dy5wYXJxdWVuYXR1cmFsLmNvbVwvd3AtY29udGVudFwvdXBsb2Fkc1wvMjAyMVwvMDRcL0lNR18yMDIxMDQxOF8xMjU2MzMuanBnIiwic2xpZGVzaG93IjoiZGQwNGM4OCJ9\">\n\t\t\t\t\t<div class=\"e-gallery-image elementor-gallery-item__image\" data-thumbnail=\"https:\/\/www.parquenatural.com\/wp-content\/uploads\/2021\/04\/IMG_20210418_125633-300x225.jpg\" data-width=\"300\" data-height=\"225\" aria-label=\"\" role=\"img\" ><\/div>\n\t\t\t\t\t\t\t\t\t\t\t<div class=\"elementor-gallery-item__overlay\"><\/div>\n\t\t\t\t\t\t\t\t\t\t\t\t\t\t<\/a>\n\t\t\t\t\t<\/div>\n\t\t\t\t\t<\/div>\n\t\t\t\t<\/div>\n\t\t\t\t\t<\/div>\n\t\t<\/div>\n\t\t\t\t\t<\/div>\n\t\t<\/section>\n\t\t\t\t<section class=\"elementor-section elementor-top-section elementor-element elementor-element-f397f2b elementor-section-boxed elementor-section-height-default elementor-section-height-default\" data-id=\"f397f2b\" data-element_type=\"section\" data-e-type=\"section\">\n\t\t\t\t\t\t<div class=\"elementor-container elementor-column-gap-default\">\n\t\t\t\t\t<div class=\"elementor-column elementor-col-100 elementor-top-column elementor-element elementor-element-85ba042\" data-id=\"85ba042\" data-element_type=\"column\" data-e-type=\"column\">\n\t\t\t<div class=\"elementor-widget-wrap elementor-element-populated\">\n\t\t\t\t\t\t<div class=\"elementor-element elementor-element-af39c1b elementor-widget elementor-widget-image\" data-id=\"af39c1b\" data-element_type=\"widget\" data-e-type=\"widget\" data-widget_type=\"image.default\">\n\t\t\t\t<div class=\"elementor-widget-container\">\n\t\t\t\t\t\t\t\t\t\t\t\t<figure class=\"wp-caption\">\n\t\t\t\t\t\t\t\t\t\t<img loading=\"lazy\" decoding=\"async\" width=\"640\" height=\"442\" src=\"https:\/\/www.parquenatural.com\/wp-content\/uploads\/2005\/04\/mapa-las-negras-san-pedro-cabo-de-gata-almeria.jpg\" class=\"attachment-large size-large wp-image-8650\" alt=\"\" srcset=\"https:\/\/www.parquenatural.com\/wp-content\/uploads\/2005\/04\/mapa-las-negras-san-pedro-cabo-de-gata-almeria.jpg 695w, https:\/\/www.parquenatural.com\/wp-content\/uploads\/2005\/04\/mapa-las-negras-san-pedro-cabo-de-gata-almeria-300x207.jpg 300w, https:\/\/www.parquenatural.com\/wp-content\/uploads\/2005\/04\/mapa-las-negras-san-pedro-cabo-de-gata-almeria-16x12.jpg 16w, https:\/\/www.parquenatural.com\/wp-content\/uploads\/2005\/04\/mapa-las-negras-san-pedro-cabo-de-gata-almeria-350x242.jpg 350w\" sizes=\"(max-width: 640px) 100vw, 640px\" \/>\t\t\t\t\t\t\t\t\t\t\t<figcaption class=\"widget-image-caption wp-caption-text\"><\/figcaption>\n\t\t\t\t\t\t\t\t\t\t<\/figure>\n\t\t\t\t\t\t\t\t\t<\/div>\n\t\t\t\t<\/div>\n\t\t\t\t\t<\/div>\n\t\t<\/div>\n\t\t\t\t\t<\/div>\n\t\t<\/section>\n\t\t\t\t<\/div>","protected":false},"excerpt":{"rendered":"<p>Recorrido: Ida: 5,3Km. Ida y vuelta: 10,3 km. Desnivel: 100 m. Dificultad: Baja, aunque en el acceso final a la cala se precisa atenci\u00f3n y<\/p>","protected":false},"author":3,"featured_media":8584,"comment_status":"closed","ping_status":"closed","sticky":false,"template":"elementor_theme","format":"standard","meta":{"footnotes":""},"categories":[4],"tags":[],"class_list":["post-848","post","type-post","status-publish","format-standard","has-post-thumbnail","hentry","category-rutas"],"_links":{"self":[{"href":"https:\/\/www.parquenatural.com\/en\/wp-json\/wp\/v2\/posts\/848"}],"collection":[{"href":"https:\/\/www.parquenatural.com\/en\/wp-json\/wp\/v2\/posts"}],"about":[{"href":"https:\/\/www.parquenatural.com\/en\/wp-json\/wp\/v2\/types\/post"}],"author":[{"embeddable":true,"href":"https:\/\/www.parquenatural.com\/en\/wp-json\/wp\/v2\/users\/3"}],"replies":[{"embeddable":true,"href":"https:\/\/www.parquenatural.com\/en\/wp-json\/wp\/v2\/comments?post=848"}],"version-history":[{"count":0,"href":"https:\/\/www.parquenatural.com\/en\/wp-json\/wp\/v2\/posts\/848\/revisions"}],"wp:featuredmedia":[{"embeddable":true,"href":"https:\/\/www.parquenatural.com\/en\/wp-json\/wp\/v2\/media\/8584"}],"wp:attachment":[{"href":"https:\/\/www.parquenatural.com\/en\/wp-json\/wp\/v2\/media?parent=848"}],"wp:term":[{"taxonomy":"category","embeddable":true,"href":"https:\/\/www.parquenatural.com\/en\/wp-json\/wp\/v2\/categories?post=848"},{"taxonomy":"post_tag","embeddable":true,"href":"https:\/\/www.parquenatural.com\/en\/wp-json\/wp\/v2\/tags?post=848"}],"curies":[{"name":"wp","href":"https:\/\/api.w.org\/{rel}","templated":true}]}}