{"id":9187,"date":"2021-05-04T19:11:02","date_gmt":"2021-05-04T17:11:02","guid":{"rendered":"https:\/\/www.parquenatural.com\/?p=9187"},"modified":"2021-05-10T08:48:39","modified_gmt":"2021-05-10T06:48:39","slug":"que-es-el-parque-natural-de-cabo-de-gata","status":"publish","type":"post","link":"https:\/\/www.parquenatural.com\/en\/que-es-el-parque-natural-de-cabo-de-gata\/","title":{"rendered":"Que es el Parque Natural de Cabo de Gata?"},"content":{"rendered":"<h2 style=\"text-align: justify;\">Que es el Parque Natural de Cabo de Gata<\/h2>\n<p style=\"text-align: center;\"><img fetchpriority=\"high\" decoding=\"async\" class=\"lightbox\" style=\"border: 0pt none; margin: 3px;\" src=\"https:\/\/www.parquenatural.com\/static\/fotos\/contenido\/iActiva\/mapac.jpg\" alt=\"mapa del parque natural cabo de gata nijar\" width=\"569\" height=\"576\" \/><\/p>\n<p style=\"text-align: center;\"><em>\u00a0<\/em><\/p>\n<p><img decoding=\"async\" style=\"float: left;\" src=\"https:\/\/www.parquenatural.com\/static\/fotos\/contenido\/iActiva\/logo.jpg\" alt=\"logo delparque natural cabo de gata nijar\" width=\"88\" height=\"65\" \/><span style=\"font-size: small;\"><span style=\"font-family: arial,helvetica,sans-serif;\"><br \/>\nCreado en 1987, es el \u00fanico Parque Natural Mar\u00edtimo-Terrestre de Andaluc\u00eda. Abarca los municipios de Almer\u00eda, N\u00edjar y Carboneras, se encuentra situado en la zona del cabo del mismo nombre, en el extremo suroriental de la provincia de Almer\u00eda.<\/span><\/span><\/p>\n<p><span style=\"font-size: small;\"><span style=\"font-family: arial,helvetica,sans-serif;\">Tenemos pues un Parque Natural contenido en 3 Municipios, la mayor parte en el municipio de N\u00edjar,\u00a0 con 23 pubelos en su territorio y unos 5.500 habitantes.\u00a0<\/span><\/span><span style=\"font-size: small;\"><span style=\"font-family: arial,helvetica,sans-serif;\">Sus 33.663 Has. de espacio protegido est\u00e1n catalogadas como Zona de Especial Protecci\u00f3n para las Aves y adem\u00e1s est\u00e1n incluidas en el listado de humedales de importancia internacional (Convenio RAMSAR).<\/span><\/span><\/p>\n<p><span style=\"font-size: small;\"><span style=\"font-family: arial,helvetica,sans-serif;\">Tambi\u00e9n nos encontramos con zonas cuyas condiciones clim\u00e1ticas de sequedad son semejantes a las que existen en extensos territorios de \u00c1frica del Norte o de Oriente Medio, lo que identifica este lugar como el enclave m\u00e1s \u00e1rido de la Europa Occidental. A pesar de ello y de su aparente aspecto des\u00e9rtico encierra formas de vida animal y vegetal muy peculiares, que han logrado adaptarse a extremas condiciones de aridez. La biodiversidad de la zona es de vital inter\u00e9s.<br \/>\n<\/span><\/span><\/p>\n<p><span style=\"font-size: small;\"><span style=\"font-family: arial,helvetica,sans-serif;\">De gran inter\u00e9s ecol\u00f3gico, incluye una de las franjas costeras m\u00e1s bellas del Mar Mediterr\u00e1neo, jalonada por acantilados y salpicada de peque\u00f1as y solitarias calas, extensas playas y arrecifes.<\/span><\/span><\/p>\n<p><span style=\"font-size: small;\"><span style=\"font-family: arial,helvetica,sans-serif;\">Adem\u00e1s tenemos a la Sierra de Cabo de Gata que es uno de los macizos de origen volc\u00e1nico de Europa.<br \/>\n<\/span><\/span><\/p>\n<p><span style=\"font-size: small;\"><span style=\"font-family: arial,helvetica,sans-serif;\">En 1.987 es designado Parque Natural Mar\u00edtimo Terrestre en Andaluc\u00eda.<br \/>\nEn 1.989 es incluido en la Zona de Especial Protecci\u00f3n de las Aves de la Uni\u00f3n Europea<br \/>\nEn 1.990 es incluido en el listado de humedales de importancia internacional <\/span><\/span><span style=\"font-size: small;\"><span style=\"font-family: arial,helvetica,sans-serif;\">(Convenio RAMSAR).<\/span><span style=\"font-family: arial,helvetica,sans-serif;\">En 1997 es declarado Reserva de la Biosfera por la UNESCO.<br \/>\nEn 2.006 pasa a ser Miembro de la Red Global de Geoparques.<br \/>\n<\/span><\/span><\/p>\n<p><span style=\"font-size: small;\"><span style=\"font-family: arial,helvetica,sans-serif;\">En el aspecto bot\u00e1nico terrestre, cabe destacar que en el Parque Natural de Cabo de Gata-N\u00edjar, existen importantes formaciones de matorrales y herb\u00e1ceas formadas por cornicabra, matagallo, aulaga morisca, esparto y palmito (\u00fanica palmera aut\u00f3ctona europea), adem\u00e1s de las especies aut\u00f3ctonas, como el dragoncillo de Cabo de Gata o la clavelina del Cabo.<\/span><\/span><\/p>\n<p><span style=\"font-size: small;\"><span style=\"font-family: arial,helvetica,sans-serif;\">Cuando nos sumergimos en sus cristalinas aguas nos encontramos con llanuras de fangos y arenas y los fondos rocosos, que son la prolongaci\u00f3n bajo el agua de la sierra volc\u00e1nica. Se desarrollan extensas praderas de Posidonia oce\u00e1nica, que alimentan y cobijan a gran cantidad de especies de peces, moluscos y crust\u00e1ceos.<\/span><\/span><\/p>\n<p><span style=\"font-size: small;\"><span style=\"font-family: arial,helvetica,sans-serif;\">De la fauna marina podemos destacar el cabracho, la cabrilla y el reyezuelo. Tambi\u00e9n nos ofrece una gran riqueza de fauna terrestre, pudi\u00e9ndose citar 3 especies de anfibios, 13 de reptiles, 17 de mam\u00edferos y 101 de aves.<\/span><\/span><\/p>\n<p><span style=\"font-size: small;\"><span style=\"font-family: arial,helvetica,sans-serif;\"><em>*(Mapa modificado del original cedido en 2.001 por Azucena la Gu\u00eda y editado por su empresa Grupo 126)<\/em><br \/>\n<\/span><\/span><\/p>\n<p>&nbsp;<\/p>\n<div class=\"yoast-link-suggestion__container LinkSuggestion__LinkContainer-sc-1gewdgc-3 gazbcR\"><a class=\"LinkSuggestion__Link-sc-1gewdgc-4 evyocv\" href=\"https:\/\/www.parquenatural.com\/en\/nuestro-nombre-montanas-y-calas\/\" target=\"_blank\" rel=\"noopener\">Nuestro Nombre: Monta\u00f1as y Calas<\/a><\/div>","protected":false},"excerpt":{"rendered":"<p>Que es el Parque Natural de Cabo de Gata \u00a0 Creado en 1987, es el \u00fanico Parque Natural Mar\u00edtimo-Terrestre de Andaluc\u00eda. Abarca los municipios de<\/p>","protected":false},"author":5,"featured_media":9188,"comment_status":"closed","ping_status":"closed","sticky":false,"template":"elementor_theme","format":"standard","meta":{"footnotes":""},"categories":[2,27],"tags":[],"class_list":["post-9187","post","type-post","status-publish","format-standard","has-post-thumbnail","hentry","category-noticias","category-informacion"],"_links":{"self":[{"href":"https:\/\/www.parquenatural.com\/en\/wp-json\/wp\/v2\/posts\/9187"}],"collection":[{"href":"https:\/\/www.parquenatural.com\/en\/wp-json\/wp\/v2\/posts"}],"about":[{"href":"https:\/\/www.parquenatural.com\/en\/wp-json\/wp\/v2\/types\/post"}],"author":[{"embeddable":true,"href":"https:\/\/www.parquenatural.com\/en\/wp-json\/wp\/v2\/users\/5"}],"replies":[{"embeddable":true,"href":"https:\/\/www.parquenatural.com\/en\/wp-json\/wp\/v2\/comments?post=9187"}],"version-history":[{"count":0,"href":"https:\/\/www.parquenatural.com\/en\/wp-json\/wp\/v2\/posts\/9187\/revisions"}],"wp:featuredmedia":[{"embeddable":true,"href":"https:\/\/www.parquenatural.com\/en\/wp-json\/wp\/v2\/media\/9188"}],"wp:attachment":[{"href":"https:\/\/www.parquenatural.com\/en\/wp-json\/wp\/v2\/media?parent=9187"}],"wp:term":[{"taxonomy":"category","embeddable":true,"href":"https:\/\/www.parquenatural.com\/en\/wp-json\/wp\/v2\/categories?post=9187"},{"taxonomy":"post_tag","embeddable":true,"href":"https:\/\/www.parquenatural.com\/en\/wp-json\/wp\/v2\/tags?post=9187"}],"curies":[{"name":"wp","href":"https:\/\/api.w.org\/{rel}","templated":true}]}}